{"id":44169,"date":"2025-04-05T07:46:12","date_gmt":"2025-04-05T05:46:12","guid":{"rendered":"https:\/\/blogs.diariosur.es\/tormentas-y-rayos\/?p=44169"},"modified":"2025-04-06T07:32:14","modified_gmt":"2025-04-06T05:32:14","slug":"que-podemos-esperar-para-esta-semana-santa-en-espana","status":"publish","type":"post","link":"https:\/\/blogs.diariosur.es\/tormentas-y-rayos\/2025\/04\/05\/que-podemos-esperar-para-esta-semana-santa-en-espana\/","title":{"rendered":"\u00bfQu\u00e9 podemos esperar para esta Semana Santa en Espa\u00f1a?"},"content":{"rendered":"<p><a href=\"https:\/\/static-blogs.diariosur.es\/wp-content\/uploads\/sites\/12\/2025\/03\/474591997_10231480374091459_5977821584942016476_n.jpg\"><img loading=\"lazy\" class=\"aligncenter size-thumbnail wp-image-43666\" src=\"https:\/\/static-blogs.diariosur.es\/wp-content\/uploads\/sites\/12\/2025\/03\/474591997_10231480374091459_5977821584942016476_n-150x150.jpg\" alt=\"\" width=\"150\" height=\"150\" srcset=\"https:\/\/static-blogs.diariosur.es\/wp-content\/uploads\/sites\/12\/2025\/03\/474591997_10231480374091459_5977821584942016476_n-150x150.jpg 150w, https:\/\/static-blogs.diariosur.es\/wp-content\/uploads\/sites\/12\/2025\/03\/474591997_10231480374091459_5977821584942016476_n-400x400.jpg 400w, https:\/\/static-blogs.diariosur.es\/wp-content\/uploads\/sites\/12\/2025\/03\/474591997_10231480374091459_5977821584942016476_n-408x408.jpg 408w, https:\/\/static-blogs.diariosur.es\/wp-content\/uploads\/sites\/12\/2025\/03\/474591997_10231480374091459_5977821584942016476_n-768x768.jpg 768w, https:\/\/static-blogs.diariosur.es\/wp-content\/uploads\/sites\/12\/2025\/03\/474591997_10231480374091459_5977821584942016476_n.jpg 1000w\" sizes=\"(max-width: 150px) 100vw, 150px\" \/><\/a><\/p>\n<p>Muy buenos d\u00edas, amigos de la meteo. Madrugada fresquita en la provincia malague\u00f1a, temperaturas m\u00ednimas por debajo de la media.<\/p>\n<h3><span style=\"color: #0000ff;\"><strong>Por favor leer bien<\/strong><\/span><\/h3>\n<p>Os pongo lo que comenta el<strong> blog de la Aemet<\/strong> y en unos de sus Twitter, con el mapa de anomal\u00edas de precipitaci\u00f3n y temperatura para la Semana Santa en Espa\u00f1a.<\/p>\n<p>Twitter. La Semana Santa podr\u00eda ser lluviosa; pero no se pueden concretar a\u00fan las zonas y d\u00edas en los que llover\u00eda. En primavera, estas predicciones a largo plazo pueden variar todav\u00eda significativamente.<\/p>\n<h3><span style=\"color: #ff0000;\"><strong>Blog de la Aemet<\/strong><\/span><\/h3>\n<p>La semana comprendida entre el 7 y el 13 de abril ser\u00e1, probablemente, m\u00e1s c\u00e1lida de lo normal para la \u00e9poca del a\u00f1o en la mayor parte de Espa\u00f1a, especialmente en el noroeste peninsular. En cuanto a las precipitaciones, lo m\u00e1s probable es que queden por debajo de lo habitual en el extremo norte de la Pen\u00ednsula y en Baleares, mientras que ser\u00eda una semana lluviosa en el cuadrante suroeste y en zonas del \u00e1rea mediterr\u00e1nea. Las lluvias m\u00e1s abundantes se producir\u00e1n durante los \u00faltimos d\u00edas de la semana.<\/p>\n<p><strong>Durante la semana del 14 al 20 de abril<\/strong>, en t\u00e9rminos generales, las temperaturas probablemente se situar\u00e1n en torno a los valores propios de la \u00e9poca del a\u00f1o en la mayor parte de la Pen\u00ednsula, o ligeramente por debajo de esos valores en el suroeste. En Baleares y otros puntos del Mediterr\u00e1neo ser\u00e1 una semana m\u00e1s c\u00e1lida. En cuanto a las precipitaciones, con las predicciones actualmente disponibles podr\u00eda tratarse de una semana lluviosa; pero no se pueden concretar con exactitud las zonas y d\u00edas en las que se producir\u00edan esas precipitaciones. Hay que se\u00f1alar, adem\u00e1s, que en primavera estas predicciones tan a largo plazo pueden variar significativamente al acercarnos a la fecha en cuesti\u00f3n.<\/p>\n<p>Para la semana del 21 al 27 de abril las temperaturas podr\u00edan permanecer en valores propios para la \u00e9poca en general, pero en estos momentos no hay una tendencia clara en lo que a lluvias se refiere.<\/p>\n<p>&nbsp;<\/p>\n<p>Mapas de anomal\u00edas de precipitaci\u00f3n y temperatura. Fuente Aemet<\/p>\n<p>Anomal\u00edas positivas de precipitaci\u00f3n, no quiere decir que llueva los siete d\u00edas de Semana Santa, <strong>s\u00ed llueve un dia o dos ya seria una anomal\u00eda positiva<\/strong>. La pr\u00f3xima semana estar\u00e1 mas clara la predicci\u00f3n de Andaluc\u00eda y la provincia de M\u00e1laga.<\/p>\n<p>&nbsp;<\/p>\n<p><a href=\"https:\/\/static-blogs.diariosur.es\/wp-content\/uploads\/sites\/12\/2025\/04\/Captura-de-pantalla-2025-04-05-072626-e1743830940550.jpg\"><img loading=\"lazy\" class=\"aligncenter size-full wp-image-44170\" src=\"https:\/\/static-blogs.diariosur.es\/wp-content\/uploads\/sites\/12\/2025\/04\/Captura-de-pantalla-2025-04-05-072626-e1743830940550.jpg\" alt=\"\" width=\"950\" height=\"1198\" \/><\/a><\/p>\n<p>A\u00fan quedan muchos d\u00edas, hasta el mi\u00e9rcoles de la semana que viene, no estar\u00e1 clara la previsi\u00f3n del Domingo de Ramos en M\u00e1laga.<\/p>\n<p><a href=\"https:\/\/static-blogs.diariosur.es\/wp-content\/uploads\/sites\/12\/2025\/04\/16726622915_eb4d31384c_o.jpg\"><img loading=\"lazy\" class=\"aligncenter size-full wp-image-44171\" src=\"https:\/\/static-blogs.diariosur.es\/wp-content\/uploads\/sites\/12\/2025\/04\/16726622915_eb4d31384c_o.jpg\" alt=\"\" width=\"660\" height=\"382\" srcset=\"https:\/\/static-blogs.diariosur.es\/wp-content\/uploads\/sites\/12\/2025\/04\/16726622915_eb4d31384c_o.jpg 660w, https:\/\/static-blogs.diariosur.es\/wp-content\/uploads\/sites\/12\/2025\/04\/16726622915_eb4d31384c_o-640x370.jpg 640w\" sizes=\"(max-width: 660px) 100vw, 660px\" \/><\/a><\/p>\n","protected":false},"excerpt":{"rendered":"<p>Muy buenos d\u00edas, amigos de la meteo. Madrugada fresquita en la provincia malague\u00f1a, temperaturas m\u00ednimas por debajo de la media. Por favor leer bien Os pongo lo que comenta el blog de la Aemet y en unos de sus Twitter, con el mapa de anomal\u00edas de precipitaci\u00f3n y temperatura para la Semana Santa en Espa\u00f1a. [&hellip;]<\/p>\n","protected":false},"author":16,"featured_media":44171,"comment_status":"open","ping_status":"open","sticky":false,"template":"","format":"standard","meta":[],"categories":[2],"tags":[1952,358,375,809,888,902],"_links":{"self":[{"href":"https:\/\/blogs.diariosur.es\/tormentas-y-rayos\/wp-json\/wp\/v2\/posts\/44169"}],"collection":[{"href":"https:\/\/blogs.diariosur.es\/tormentas-y-rayos\/wp-json\/wp\/v2\/posts"}],"about":[{"href":"https:\/\/blogs.diariosur.es\/tormentas-y-rayos\/wp-json\/wp\/v2\/types\/post"}],"author":[{"embeddable":true,"href":"https:\/\/blogs.diariosur.es\/tormentas-y-rayos\/wp-json\/wp\/v2\/users\/16"}],"replies":[{"embeddable":true,"href":"https:\/\/blogs.diariosur.es\/tormentas-y-rayos\/wp-json\/wp\/v2\/comments?post=44169"}],"version-history":[{"count":5,"href":"https:\/\/blogs.diariosur.es\/tormentas-y-rayos\/wp-json\/wp\/v2\/posts\/44169\/revisions"}],"predecessor-version":[{"id":44181,"href":"https:\/\/blogs.diariosur.es\/tormentas-y-rayos\/wp-json\/wp\/v2\/posts\/44169\/revisions\/44181"}],"wp:featuredmedia":[{"embeddable":true,"href":"https:\/\/blogs.diariosur.es\/tormentas-y-rayos\/wp-json\/wp\/v2\/media\/44171"}],"wp:attachment":[{"href":"https:\/\/blogs.diariosur.es\/tormentas-y-rayos\/wp-json\/wp\/v2\/media?parent=44169"}],"wp:term":[{"taxonomy":"category","embeddable":true,"href":"https:\/\/blogs.diariosur.es\/tormentas-y-rayos\/wp-json\/wp\/v2\/categories?post=44169"},{"taxonomy":"post_tag","embeddable":true,"href":"https:\/\/blogs.diariosur.es\/tormentas-y-rayos\/wp-json\/wp\/v2\/tags?post=44169"}],"curies":[{"name":"wp","href":"https:\/\/api.w.org\/{rel}","templated":true}]}}