{"id":44184,"date":"2025-04-07T06:55:05","date_gmt":"2025-04-07T04:55:05","guid":{"rendered":"https:\/\/blogs.diariosur.es\/tormentas-y-rayos\/?p=44184"},"modified":"2025-10-05T20:01:21","modified_gmt":"2025-10-05T18:01:21","slug":"una-borrasca-fria-y-el-polvo-en-suspension-afectaran-esta-semana-a-andalucia-y-a-otras-comunidades-de-espana","status":"publish","type":"post","link":"https:\/\/blogs.diariosur.es\/tormentas-y-rayos\/2025\/04\/07\/una-borrasca-fria-y-el-polvo-en-suspension-afectaran-esta-semana-a-andalucia-y-a-otras-comunidades-de-espana\/","title":{"rendered":"Una borrasca fr\u00eda y el polvo en suspensi\u00f3n, afectar\u00e1n esta semana a Andaluc\u00eda y a otras comunidades de Espa\u00f1a"},"content":{"rendered":"<p>&nbsp;<\/p>\n<p><img loading=\"lazy\" class=\"aligncenter size-thumbnail wp-image-44057\" src=\"https:\/\/static-blogs.diariosur.es\/wp-content\/uploads\/sites\/12\/2025\/03\/130738248_10221381944997043_6257362087676436516_n-150x150.jpg\" alt=\"\" width=\"150\" height=\"150\" srcset=\"https:\/\/static-blogs.diariosur.es\/wp-content\/uploads\/sites\/12\/2025\/03\/130738248_10221381944997043_6257362087676436516_n-150x150.jpg 150w, https:\/\/static-blogs.diariosur.es\/wp-content\/uploads\/sites\/12\/2025\/03\/130738248_10221381944997043_6257362087676436516_n-400x400.jpg 400w, https:\/\/static-blogs.diariosur.es\/wp-content\/uploads\/sites\/12\/2025\/03\/130738248_10221381944997043_6257362087676436516_n-408x408.jpg 408w, https:\/\/static-blogs.diariosur.es\/wp-content\/uploads\/sites\/12\/2025\/03\/130738248_10221381944997043_6257362087676436516_n.jpg 768w\" sizes=\"(max-width: 150px) 100vw, 150px\" \/><\/p>\n<p data-pm-slice=\"1 1 []\">Buenos d\u00edas, amigos de la meteo. Ayer domingo, el terral de primavera fue protagonista en las zonas habituales de la provincia malague\u00f1a; en algunas zonas se sobrepasaron los 25 \u00b0C.<\/p>\n<p>Hoy lunes, martes y mi\u00e9rcoles, la probabilidad de precipitaciones es del 0%; los traslados no tendr\u00e1n problemas.<\/p>\n<h3><strong>Una borrasca fr\u00eda y el polvo en suspensi\u00f3n afectar\u00e1n esta semana a Andaluc\u00eda y a otras comunidades de Espa\u00f1a.<\/strong><\/h3>\n<p>A partir del jueves, una borrasca fr\u00eda se acercar\u00e1 al Cabo de San Vicente; esto traer\u00e1 consigo m\u00e1s incertidumbre para la predicci\u00f3n del <strong>Domingo de Ramos<\/strong>. Destacar tambi\u00e9n que tendremos polvo en suspensi\u00f3n; probablemente la concentraci\u00f3n sea alta.<\/p>\n<p>En este mapa de superficie, previsto para el mi\u00e9rcoles, pod\u00e9is ver la borrasca que se acercar\u00e1 al Cabo de San Vicente. Antes habr\u00e1 dejado lluvias fuertes en las islas occidentales de las Canarias. Fuente AEMET<\/p>\n<p>&nbsp;<\/p>\n<p>&nbsp;<\/p>\n<p><a href=\"https:\/\/static-blogs.diariosur.es\/wp-content\/uploads\/sites\/12\/2025\/04\/2025040612072_ww_g1x0a2d3-e1744000099982.gif\"><img loading=\"lazy\" class=\"aligncenter size-full wp-image-44195\" src=\"https:\/\/static-blogs.diariosur.es\/wp-content\/uploads\/sites\/12\/2025\/04\/2025040612072_ww_g1x0a2d3-e1744000099982.gif\" alt=\"\" width=\"1000\" height=\"700\" \/><\/a><\/p>\n<p>Os pongo el mapa de concentraci\u00f3n de polvo en suspensi\u00f3n previsto para el jueves. Fuente meteologix<\/p>\n<p>&nbsp;<\/p>\n<p><a href=\"https:\/\/static-blogs.diariosur.es\/wp-content\/uploads\/sites\/12\/2025\/04\/polvo-1-e1744000247458.jpg\"><img loading=\"lazy\" class=\"aligncenter size-full wp-image-44197\" src=\"https:\/\/static-blogs.diariosur.es\/wp-content\/uploads\/sites\/12\/2025\/04\/polvo-1-e1744000247458.jpg\" alt=\"\" width=\"1000\" height=\"1113\" \/><\/a><\/p>\n<p>&nbsp;<\/p>\n<p>&nbsp;<\/p>\n<p data-pm-slice=\"1 1 []\"><strong>A partir de ma\u00f1ana, haremos un seguimiento para ver qu\u00e9 zonas de nuestra comunidad andaluza tienen m\u00e1s probabilidad de precipitaciones el jueves y Viernes de Dolores. M\u00e1s cerca de la Semana Santa, mientras siga la inestabilidad, lo iremos viendo d\u00eda por d\u00eda.<\/strong><\/p>\n<p>&nbsp;<\/p>\n<p>Mientras llega la borrasca fr\u00eda, se registrar\u00e1n temperaturas m\u00e1ximas muy altas en el Valle del Guadalquivir; en algunos puntos pueden llegar o sobrepasar los 27\u00b0C el martes y mi\u00e9rcoles. Se activa el aviso amarillo por fen\u00f3menos costeros en el Estrecho y litoral de C\u00e1diz: viento de Levante de 50 a 61 km\/h (fuerza 7), al oeste de Tarifa y sur de Trafalgar.<\/p>\n<p>Temperaturas m\u00e1ximas y m\u00ednimas previstas para el martes y mi\u00e9rcoles. Fuente AEMET.<\/p>\n<p>&nbsp;<\/p>\n<p><a href=\"https:\/\/static-blogs.diariosur.es\/wp-content\/uploads\/sites\/12\/2025\/04\/martes.jpg\"><img loading=\"lazy\" class=\"aligncenter size-full wp-image-44198\" src=\"https:\/\/static-blogs.diariosur.es\/wp-content\/uploads\/sites\/12\/2025\/04\/martes.jpg\" alt=\"\" width=\"1053\" height=\"829\" srcset=\"https:\/\/static-blogs.diariosur.es\/wp-content\/uploads\/sites\/12\/2025\/04\/martes.jpg 1053w, https:\/\/static-blogs.diariosur.es\/wp-content\/uploads\/sites\/12\/2025\/04\/martes-508x400.jpg 508w, https:\/\/static-blogs.diariosur.es\/wp-content\/uploads\/sites\/12\/2025\/04\/martes-518x408.jpg 518w, https:\/\/static-blogs.diariosur.es\/wp-content\/uploads\/sites\/12\/2025\/04\/martes-768x605.jpg 768w\" sizes=\"(max-width: 1053px) 100vw, 1053px\" \/><\/a><\/p>\n<p>&nbsp;<\/p>\n<p><a href=\"https:\/\/static-blogs.diariosur.es\/wp-content\/uploads\/sites\/12\/2025\/04\/miercoles.jpg\"><img loading=\"lazy\" class=\"aligncenter size-full wp-image-44199\" src=\"https:\/\/static-blogs.diariosur.es\/wp-content\/uploads\/sites\/12\/2025\/04\/miercoles.jpg\" alt=\"\" width=\"1045\" height=\"828\" srcset=\"https:\/\/static-blogs.diariosur.es\/wp-content\/uploads\/sites\/12\/2025\/04\/miercoles.jpg 1045w, https:\/\/static-blogs.diariosur.es\/wp-content\/uploads\/sites\/12\/2025\/04\/miercoles-505x400.jpg 505w, https:\/\/static-blogs.diariosur.es\/wp-content\/uploads\/sites\/12\/2025\/04\/miercoles-515x408.jpg 515w, https:\/\/static-blogs.diariosur.es\/wp-content\/uploads\/sites\/12\/2025\/04\/miercoles-768x609.jpg 768w\" sizes=\"(max-width: 1045px) 100vw, 1045px\" \/><\/a><\/p>\n<p>&nbsp;<\/p>\n<p>&nbsp;<\/p>\n","protected":false},"excerpt":{"rendered":"<p>&nbsp; Buenos d\u00edas, amigos de la meteo. Ayer domingo, el terral de primavera fue protagonista en las zonas habituales de la provincia malague\u00f1a; en algunas zonas se sobrepasaron los 25 \u00b0C. Hoy lunes, martes y mi\u00e9rcoles, la probabilidad de precipitaciones es del 0%; los traslados no tendr\u00e1n problemas. Una borrasca fr\u00eda y el polvo en [&hellip;]<\/p>\n","protected":false},"author":16,"featured_media":44201,"comment_status":"open","ping_status":"open","sticky":false,"template":"","format":"standard","meta":[],"categories":[2],"tags":[100,188,209,358,789,888,902],"_links":{"self":[{"href":"https:\/\/blogs.diariosur.es\/tormentas-y-rayos\/wp-json\/wp\/v2\/posts\/44184"}],"collection":[{"href":"https:\/\/blogs.diariosur.es\/tormentas-y-rayos\/wp-json\/wp\/v2\/posts"}],"about":[{"href":"https:\/\/blogs.diariosur.es\/tormentas-y-rayos\/wp-json\/wp\/v2\/types\/post"}],"author":[{"embeddable":true,"href":"https:\/\/blogs.diariosur.es\/tormentas-y-rayos\/wp-json\/wp\/v2\/users\/16"}],"replies":[{"embeddable":true,"href":"https:\/\/blogs.diariosur.es\/tormentas-y-rayos\/wp-json\/wp\/v2\/comments?post=44184"}],"version-history":[{"count":15,"href":"https:\/\/blogs.diariosur.es\/tormentas-y-rayos\/wp-json\/wp\/v2\/posts\/44184\/revisions"}],"predecessor-version":[{"id":46676,"href":"https:\/\/blogs.diariosur.es\/tormentas-y-rayos\/wp-json\/wp\/v2\/posts\/44184\/revisions\/46676"}],"wp:featuredmedia":[{"embeddable":true,"href":"https:\/\/blogs.diariosur.es\/tormentas-y-rayos\/wp-json\/wp\/v2\/media\/44201"}],"wp:attachment":[{"href":"https:\/\/blogs.diariosur.es\/tormentas-y-rayos\/wp-json\/wp\/v2\/media?parent=44184"}],"wp:term":[{"taxonomy":"category","embeddable":true,"href":"https:\/\/blogs.diariosur.es\/tormentas-y-rayos\/wp-json\/wp\/v2\/categories?post=44184"},{"taxonomy":"post_tag","embeddable":true,"href":"https:\/\/blogs.diariosur.es\/tormentas-y-rayos\/wp-json\/wp\/v2\/tags?post=44184"}],"curies":[{"name":"wp","href":"https:\/\/api.w.org\/{rel}","templated":true}]}}