{"id":44222,"date":"2025-04-09T16:28:34","date_gmt":"2025-04-09T14:28:34","guid":{"rendered":"https:\/\/blogs.diariosur.es\/tormentas-y-rayos\/?p=44222"},"modified":"2025-10-05T19:54:06","modified_gmt":"2025-10-05T17:54:06","slug":"que-podemos-esperar-del-tiempo-el-viernes-de-dolores-en-la-provincia-de-malaga-y-andalucia-actualizados-avisos-de-ayer-ya-tenemos-avisos-naranjas","status":"publish","type":"post","link":"https:\/\/blogs.diariosur.es\/tormentas-y-rayos\/2025\/04\/09\/que-podemos-esperar-del-tiempo-el-viernes-de-dolores-en-la-provincia-de-malaga-y-andalucia-actualizados-avisos-de-ayer-ya-tenemos-avisos-naranjas\/","title":{"rendered":"\u00bfQu\u00e9 podemos esperar del tiempo el Viernes de Dolores en la provincia de M\u00e1laga y Andaluc\u00eda? Actualizados avisos de ayer, ya tenemos avisos naranjas"},"content":{"rendered":"<p><a href=\"https:\/\/static-blogs.diariosur.es\/wp-content\/uploads\/sites\/12\/2025\/03\/130738248_10221381944997043_6257362087676436516_n.jpg\"><img loading=\"lazy\" class=\"aligncenter size-thumbnail wp-image-44057\" src=\"https:\/\/static-blogs.diariosur.es\/wp-content\/uploads\/sites\/12\/2025\/03\/130738248_10221381944997043_6257362087676436516_n-150x150.jpg\" alt=\"\" width=\"150\" height=\"150\" srcset=\"https:\/\/static-blogs.diariosur.es\/wp-content\/uploads\/sites\/12\/2025\/03\/130738248_10221381944997043_6257362087676436516_n-150x150.jpg 150w, https:\/\/static-blogs.diariosur.es\/wp-content\/uploads\/sites\/12\/2025\/03\/130738248_10221381944997043_6257362087676436516_n-400x400.jpg 400w, https:\/\/static-blogs.diariosur.es\/wp-content\/uploads\/sites\/12\/2025\/03\/130738248_10221381944997043_6257362087676436516_n-408x408.jpg 408w, https:\/\/static-blogs.diariosur.es\/wp-content\/uploads\/sites\/12\/2025\/03\/130738248_10221381944997043_6257362087676436516_n.jpg 768w\" sizes=\"(max-width: 150px) 100vw, 150px\" \/><\/a><\/p>\n<p data-pm-slice=\"1 1 []\">Buenas tardes, amigos de la meteo. Como ayer os dije, poco a poco. De momento os actualizo los avisos por viento y fen\u00f3menos costeros para ma\u00f1ana Jueves de Pasi\u00f3n y Viernes de Dolores; han cambiado. M\u00e1s abajo, los acumulados de precipitaci\u00f3n del Viernes de Dolores.<\/p>\n<p>Os pongo el mapa de avisos. Fuente AEMET<\/p>\n<p>El viernes, la mayor\u00eda finalizan por la ma\u00f1ana y primera hora de la tarde.<\/p>\n<p>&nbsp;<\/p>\n<p><a href=\"https:\/\/static-blogs.diariosur.es\/wp-content\/uploads\/sites\/12\/2025\/04\/avisos.jpg\"><img loading=\"lazy\" class=\"aligncenter size-full wp-image-44226\" src=\"https:\/\/static-blogs.diariosur.es\/wp-content\/uploads\/sites\/12\/2025\/04\/avisos.jpg\" alt=\"\" width=\"1048\" height=\"820\" srcset=\"https:\/\/static-blogs.diariosur.es\/wp-content\/uploads\/sites\/12\/2025\/04\/avisos.jpg 1048w, https:\/\/static-blogs.diariosur.es\/wp-content\/uploads\/sites\/12\/2025\/04\/avisos-511x400.jpg 511w, https:\/\/static-blogs.diariosur.es\/wp-content\/uploads\/sites\/12\/2025\/04\/avisos-521x408.jpg 521w, https:\/\/static-blogs.diariosur.es\/wp-content\/uploads\/sites\/12\/2025\/04\/avisos-768x601.jpg 768w\" sizes=\"(max-width: 1048px) 100vw, 1048px\" \/><\/a><\/p>\n<p>&nbsp;<\/p>\n<p>&nbsp;<\/p>\n<p><a href=\"https:\/\/static-blogs.diariosur.es\/wp-content\/uploads\/sites\/12\/2025\/04\/zz-e1744205612688.jpg\"><img loading=\"lazy\" class=\"aligncenter size-full wp-image-44227\" src=\"https:\/\/static-blogs.diariosur.es\/wp-content\/uploads\/sites\/12\/2025\/04\/zz-e1744205612688.jpg\" alt=\"\" width=\"950\" height=\"1188\" \/><\/a><\/p>\n<p>&nbsp;<\/p>\n<p>&nbsp;<\/p>\n<p>&nbsp;<\/p>\n<p data-pm-slice=\"1 1 []\"><strong>Os pongo los probables acumulados de precipitaci\u00f3n del Viernes de Dolores. Modelos europeo y americano.<\/strong><\/p>\n<p>Recordar que con una BFA, sigue habiendo incertidumbre. Pero es probable que M\u00e1laga capital se salve. Hace 4 d\u00edas daban precipitaci\u00f3n el Jueves de Pasi\u00f3n y Viernes de Dolores en M\u00e1laga; ahora ha bajado mucho la probabilidad.<\/p>\n<p><strong>Americano Andaluc\u00eda<\/strong><\/p>\n<p>&nbsp;<\/p>\n<p>&nbsp;<\/p>\n<p><a href=\"https:\/\/static-blogs.diariosur.es\/wp-content\/uploads\/sites\/12\/2025\/04\/europeo-americano-e1744206811830.jpg\"><img loading=\"lazy\" class=\"aligncenter size-full wp-image-44230\" src=\"https:\/\/static-blogs.diariosur.es\/wp-content\/uploads\/sites\/12\/2025\/04\/europeo-americano-e1744206811830.jpg\" alt=\"\" width=\"1100\" height=\"1172\" \/><\/a><\/p>\n<p>&nbsp;<\/p>\n<p><strong>Americano M\u00e1laga<\/strong><\/p>\n<p><a href=\"https:\/\/static-blogs.diariosur.es\/wp-content\/uploads\/sites\/12\/2025\/04\/americano-malaga-2-e1744207071328.jpg\"><img loading=\"lazy\" class=\"aligncenter size-full wp-image-44235\" src=\"https:\/\/static-blogs.diariosur.es\/wp-content\/uploads\/sites\/12\/2025\/04\/americano-malaga-2-e1744207071328.jpg\" alt=\"\" width=\"1100\" height=\"1168\" \/><\/a><\/p>\n<p>&nbsp;<\/p>\n<p><strong>Europeo Andaluc\u00eda<\/strong><\/p>\n<p>&nbsp;<\/p>\n<p><a href=\"https:\/\/static-blogs.diariosur.es\/wp-content\/uploads\/sites\/12\/2025\/04\/europeo-andalucia-1-e1744207039219.jpg\"><img loading=\"lazy\" class=\"aligncenter size-full wp-image-44234\" src=\"https:\/\/static-blogs.diariosur.es\/wp-content\/uploads\/sites\/12\/2025\/04\/europeo-andalucia-1-e1744207039219.jpg\" alt=\"\" width=\"1100\" height=\"1189\" \/><\/a><\/p>\n<p>&nbsp;<\/p>\n<p>&nbsp;<\/p>\n<p><strong>Europeo M\u00e1laga<\/strong><\/p>\n<p>&nbsp;<\/p>\n<p><a href=\"https:\/\/static-blogs.diariosur.es\/wp-content\/uploads\/sites\/12\/2025\/04\/europeo-malaga-e1744207011714.jpg\"><img loading=\"lazy\" class=\"aligncenter size-full wp-image-44233\" src=\"https:\/\/static-blogs.diariosur.es\/wp-content\/uploads\/sites\/12\/2025\/04\/europeo-malaga-e1744207011714.jpg\" alt=\"\" width=\"1100\" height=\"1170\" \/><\/a><\/p>\n<p>&nbsp;<\/p>\n<p>&nbsp;<\/p>\n<p>&nbsp;<\/p>\n<p>&nbsp;<\/p>\n","protected":false},"excerpt":{"rendered":"<p>Buenas tardes, amigos de la meteo. Como ayer os dije, poco a poco. De momento os actualizo los avisos por viento y fen\u00f3menos costeros para ma\u00f1ana Jueves de Pasi\u00f3n y Viernes de Dolores; han cambiado. M\u00e1s abajo, los acumulados de precipitaci\u00f3n del Viernes de Dolores. Os pongo el mapa de avisos. Fuente AEMET El viernes, [&hellip;]<\/p>\n","protected":false},"author":16,"featured_media":44226,"comment_status":"open","ping_status":"open","sticky":false,"template":"","format":"standard","meta":[],"categories":[2],"tags":[100,151,188,358,569,587,676,2022,800,888,902],"_links":{"self":[{"href":"https:\/\/blogs.diariosur.es\/tormentas-y-rayos\/wp-json\/wp\/v2\/posts\/44222"}],"collection":[{"href":"https:\/\/blogs.diariosur.es\/tormentas-y-rayos\/wp-json\/wp\/v2\/posts"}],"about":[{"href":"https:\/\/blogs.diariosur.es\/tormentas-y-rayos\/wp-json\/wp\/v2\/types\/post"}],"author":[{"embeddable":true,"href":"https:\/\/blogs.diariosur.es\/tormentas-y-rayos\/wp-json\/wp\/v2\/users\/16"}],"replies":[{"embeddable":true,"href":"https:\/\/blogs.diariosur.es\/tormentas-y-rayos\/wp-json\/wp\/v2\/comments?post=44222"}],"version-history":[{"count":13,"href":"https:\/\/blogs.diariosur.es\/tormentas-y-rayos\/wp-json\/wp\/v2\/posts\/44222\/revisions"}],"predecessor-version":[{"id":46672,"href":"https:\/\/blogs.diariosur.es\/tormentas-y-rayos\/wp-json\/wp\/v2\/posts\/44222\/revisions\/46672"}],"wp:featuredmedia":[{"embeddable":true,"href":"https:\/\/blogs.diariosur.es\/tormentas-y-rayos\/wp-json\/wp\/v2\/media\/44226"}],"wp:attachment":[{"href":"https:\/\/blogs.diariosur.es\/tormentas-y-rayos\/wp-json\/wp\/v2\/media?parent=44222"}],"wp:term":[{"taxonomy":"category","embeddable":true,"href":"https:\/\/blogs.diariosur.es\/tormentas-y-rayos\/wp-json\/wp\/v2\/categories?post=44222"},{"taxonomy":"post_tag","embeddable":true,"href":"https:\/\/blogs.diariosur.es\/tormentas-y-rayos\/wp-json\/wp\/v2\/tags?post=44222"}],"curies":[{"name":"wp","href":"https:\/\/api.w.org\/{rel}","templated":true}]}}