{"id":44243,"date":"2025-04-10T09:25:52","date_gmt":"2025-04-10T07:25:52","guid":{"rendered":"https:\/\/blogs.diariosur.es\/tormentas-y-rayos\/?p=44243"},"modified":"2025-10-05T19:55:41","modified_gmt":"2025-10-05T17:55:41","slug":"que-tiempo-se-espera-el-sabado-en-malaga-con-los-traslados-horarios-previstos","status":"publish","type":"post","link":"https:\/\/blogs.diariosur.es\/tormentas-y-rayos\/2025\/04\/10\/que-tiempo-se-espera-el-sabado-en-malaga-con-los-traslados-horarios-previstos\/","title":{"rendered":"\u00bfQu\u00e9 tiempo se espera el s\u00e1bado en M\u00e1laga con los traslados? Horarios previstos"},"content":{"rendered":"<p><a href=\"https:\/\/static-blogs.diariosur.es\/wp-content\/uploads\/sites\/12\/2025\/03\/474591997_10231480374091459_5977821584942016476_n.jpg\"><img loading=\"lazy\" class=\"aligncenter size-thumbnail wp-image-43666\" src=\"https:\/\/static-blogs.diariosur.es\/wp-content\/uploads\/sites\/12\/2025\/03\/474591997_10231480374091459_5977821584942016476_n-150x150.jpg\" alt=\"\" width=\"150\" height=\"150\" srcset=\"https:\/\/static-blogs.diariosur.es\/wp-content\/uploads\/sites\/12\/2025\/03\/474591997_10231480374091459_5977821584942016476_n-150x150.jpg 150w, https:\/\/static-blogs.diariosur.es\/wp-content\/uploads\/sites\/12\/2025\/03\/474591997_10231480374091459_5977821584942016476_n-400x400.jpg 400w, https:\/\/static-blogs.diariosur.es\/wp-content\/uploads\/sites\/12\/2025\/03\/474591997_10231480374091459_5977821584942016476_n-408x408.jpg 408w, https:\/\/static-blogs.diariosur.es\/wp-content\/uploads\/sites\/12\/2025\/03\/474591997_10231480374091459_5977821584942016476_n-768x768.jpg 768w, https:\/\/static-blogs.diariosur.es\/wp-content\/uploads\/sites\/12\/2025\/03\/474591997_10231480374091459_5977821584942016476_n.jpg 1000w\" sizes=\"(max-width: 150px) 100vw, 150px\" \/><\/a><\/p>\n<p>&nbsp;<\/p>\n<p data-pm-slice=\"1 1 []\">Buenos d\u00edas, amigos de la meteo. Actualizando la previsi\u00f3n para ma\u00f1ana Viernes de Dolores, aumenta la probabilidad de chubascos d\u00e9biles por la tarde noche, siendo la probabilidad mayor a primera hora de la madrugada del S\u00e1bado de Pasi\u00f3n.<\/p>\n<h3>\u00bfQu\u00e9 tiempo se espera el s\u00e1bado en M\u00e1laga con los traslados?<\/h3>\n<p>Con los modelos actualizados, la probabilidad de precipitaciones es alta desde primeras horas de la madrugada del S\u00e1bado de Pasi\u00f3n y hasta las 14:00 horas de la tarde. Es muy probable que baje la probabilidad a partir de las 16:00 horas.<\/p>\n<p>De todas formas, esto lo confirmar\u00e9 mejor ma\u00f1ana para los traslados que hay por la tarde y noche.<\/p>\n<p>&nbsp;<\/p>\n<h3><strong>Horarios previstos de los traslados<\/strong><\/h3>\n<p>Os paso el horario de los traslados del S\u00e1bado de Pasi\u00f3n. Fuente: Diario Sur<\/p>\n<p><strong>Im\u00e1genes:<\/strong>\u00a0Jes\u00fas Cautivo y Virgen de la Trinidad.<\/p>\n<p><strong>Salida:<\/strong>\u00a0Parroquia de San Pablo (Trinidad).<\/p>\n<p><strong>Horario:<\/strong>\u00a08 horas, tras la misa del alba, que comienza a las 7 horas.<\/p>\n<p><strong>Recorrido:<\/strong>\u00a0Plaza de San Pablo, Jara, Jaboneros, Don Juan de Austria, avenida G\u00e1lvez Ginachero, plaza del Hospital Civil (estaci\u00f3n con los enfermos en el recinto hospitalario), avenida de Barcelona, La Regente, Sevilla (ofrenda en el centro de salud Jes\u00fas Cautivo), Trinidad (estaci\u00f3n ante la casa hermandad del Santo Traslado), plaza de Jes\u00fas Cautivo y casa hermandad.<\/p>\n<p><strong>M\u00fasica:<\/strong>\u00a0Banda de cornetas y tambores Jes\u00fas Cautivo (hasta el Hospital Civil), y banda sinf\u00f3nica Virgen de la Trinidad (desde el hospital hasta la casa hermandad).<\/p>\n<ol class=\"v-cmp-u-b__u\">\n<li>S\u00e1bado de Pasi\u00f3n 12 de abril\n<p>Dulce Nombre<\/li>\n<\/ol>\n<p><strong>Im\u00e1genes.<\/strong>\u00a0 Jes\u00fas de la Soledad y Virgen del Dulce Nombre.<\/p>\n<p><strong>Salida:<\/strong>\u00a0Parroquia de la Divina Pastora y Santa Teresa (Capuchinos)<\/p>\n<p><strong>Horario:<\/strong>\u00a011.30 horas, tras la santa misa preparatoria de la salida procesional, que comenzar\u00e1 a las 11 horas.<\/p>\n<p><strong>Recorrido:<\/strong>\u00a0Jardines de la plaza de Capuchinos hasta el tinglao.<\/p>\n<p><strong>M\u00fasica:<\/strong>\u00a0En silencio.<\/p>\n<ol class=\"v-cmp-u-b__u\">\n<li>S\u00e1bado de Pasi\u00f3n 12 de abril\n<p>Sepulcro<\/li>\n<\/ol>\n<p>Traslado de la Virgen de la Soledad, del Sepulcro.\u00a0 L. M. G\u00f3mez Pozo<\/p>\n<p><strong>Im\u00e1genes:<\/strong>\u00a0Cristo del Santo Sepulcro y Virgen de la Soledad.<\/p>\n<p><strong>Salida:<\/strong>\u00a0Iglesia de Santa Ana, del C\u00edster (Centro).<\/p>\n<p><strong>Horario:<\/strong>\u00a012 horas.<\/p>\n<p><strong>Recorrido:<\/strong>\u00a0C\u00edster, Alcazabilla y casa hermandad.<\/p>\n<p><strong>M\u00fasica:<\/strong>\u00a0No lleva.<\/p>\n<ol class=\"v-cmp-u-b__u\">\n<li>S\u00e1bado de Pasi\u00f3n 12 de abril\n<p>Misericordia<\/li>\n<\/ol>\n<p><strong>Im\u00e1genes:<\/strong>\u00a0Jes\u00fas de la Misericordia y Virgen del Gran Poder.<\/p>\n<p><strong>Salida:<\/strong>\u00a0Parroquia de Nuestra Se\u00f1ora del Carmen (El Perchel).<\/p>\n<p><strong>Horario:<\/strong>\u00a018 horas.<\/p>\n<p><strong>Recorrido:\u00a0<\/strong>La Serna, Cuartelejo, Malpica, Arco, Montalb\u00e1n, Callejones del Perchel, avenida de la Aurora, Ancha del Carmen, La Serna y casa hermandad.<\/p>\n<p><strong>M\u00fasica:<\/strong>\u00a0Banda de Cornetas y Tambores del Real Cuerpo de Bomberos (Cristo) y Banda de M\u00fasica Cruz del Humilladero (Virgen).<\/p>\n<ol class=\"v-cmp-u-b__u\">\n<li>S\u00e1bado de Pasi\u00f3n 12 de abril\n<p>Zamarrilla<\/li>\n<\/ol>\n<p>&nbsp;<\/p>\n<p>Virgen de la Amargura (Zamarrilla).\u00a0 Maril\u00fa B\u00e1ez<\/p>\n<p><strong>Im\u00e1genes:<\/strong>\u00a0Cristo de los Milagros y Virgen de la Amargura.<\/p>\n<p><strong>Salida:<\/strong>\u00a0Ermita de Zamarrilla (Trinidad\/El Perchel).<\/p>\n<p><strong>Horario:<\/strong>\u00a018.30 horas.<\/p>\n<p><strong>Recorrido:<\/strong>\u00a0Mart\u00ednez Maldonado, avenida de Barcelona, Trinidad, plaza de Montes, Carril, M\u00e1rmoles y casa hermandad.<\/p>\n<p><strong>M\u00fasica:<\/strong>\u00a0Banda de m\u00fasica de Zamarrilla.<\/p>\n<ol class=\"v-cmp-u-b__u\">\n<li>S\u00e1bado de Pasi\u00f3n 12 de abril\n<p>Sentencia<\/li>\n<\/ol>\n<p><strong>Im\u00e1genes:<\/strong>\u00a0Jes\u00fas de la Sentencia y Virgen del Rosario.<\/p>\n<p><strong>Salida:<\/strong>\u00a0Parroquia de Santiago (Centro).<\/p>\n<p><strong>Horario:<\/strong>\u00a021 horas.<\/p>\n<p><strong>Recorrido:<\/strong>\u00a0Granada, Ni\u00f1o de Guevara, Ca\u00f1uelo de San Bernardo, Beatas, C\u00e1rcer, plaza Jer\u00f3nimo Cuervo, Ramos Mar\u00edn, Frailes y casa hermandad.<\/p>\n<p><strong>M\u00fasica:<\/strong>\u00a0Agrupaci\u00f3n musical Jes\u00fas Cautivo de Estepona.<\/p>\n<p>&nbsp;<\/p>\n<p>Foto de portada Diario Sur. Hugo Cort\u00e9s<\/p>\n<p>&nbsp;<\/p>\n<p>&nbsp;<\/p>\n<p><a href=\"https:\/\/static-blogs.diariosur.es\/wp-content\/uploads\/sites\/12\/2025\/04\/hugo-cortez-scaled-e1744266913838.jpg\"><img loading=\"lazy\" class=\"aligncenter size-full wp-image-44245\" src=\"https:\/\/static-blogs.diariosur.es\/wp-content\/uploads\/sites\/12\/2025\/04\/hugo-cortez-scaled-e1744266913838.jpg\" alt=\"\" width=\"1100\" height=\"695\" \/><\/a><\/p>\n<p>&nbsp;<\/p>\n<p>&nbsp;<\/p>\n","protected":false},"excerpt":{"rendered":"<p>&nbsp; Buenos d\u00edas, amigos de la meteo. Actualizando la previsi\u00f3n para ma\u00f1ana Viernes de Dolores, aumenta la probabilidad de chubascos d\u00e9biles por la tarde noche, siendo la probabilidad mayor a primera hora de la madrugada del S\u00e1bado de Pasi\u00f3n. \u00bfQu\u00e9 tiempo se espera el s\u00e1bado en M\u00e1laga con los traslados? Con los modelos actualizados, la [&hellip;]<\/p>\n","protected":false},"author":16,"featured_media":44245,"comment_status":"open","ping_status":"open","sticky":false,"template":"","format":"standard","meta":[],"categories":[2],"tags":[58,188,237,358,568,587,661,2022,763,877],"_links":{"self":[{"href":"https:\/\/blogs.diariosur.es\/tormentas-y-rayos\/wp-json\/wp\/v2\/posts\/44243"}],"collection":[{"href":"https:\/\/blogs.diariosur.es\/tormentas-y-rayos\/wp-json\/wp\/v2\/posts"}],"about":[{"href":"https:\/\/blogs.diariosur.es\/tormentas-y-rayos\/wp-json\/wp\/v2\/types\/post"}],"author":[{"embeddable":true,"href":"https:\/\/blogs.diariosur.es\/tormentas-y-rayos\/wp-json\/wp\/v2\/users\/16"}],"replies":[{"embeddable":true,"href":"https:\/\/blogs.diariosur.es\/tormentas-y-rayos\/wp-json\/wp\/v2\/comments?post=44243"}],"version-history":[{"count":10,"href":"https:\/\/blogs.diariosur.es\/tormentas-y-rayos\/wp-json\/wp\/v2\/posts\/44243\/revisions"}],"predecessor-version":[{"id":46673,"href":"https:\/\/blogs.diariosur.es\/tormentas-y-rayos\/wp-json\/wp\/v2\/posts\/44243\/revisions\/46673"}],"wp:featuredmedia":[{"embeddable":true,"href":"https:\/\/blogs.diariosur.es\/tormentas-y-rayos\/wp-json\/wp\/v2\/media\/44245"}],"wp:attachment":[{"href":"https:\/\/blogs.diariosur.es\/tormentas-y-rayos\/wp-json\/wp\/v2\/media?parent=44243"}],"wp:term":[{"taxonomy":"category","embeddable":true,"href":"https:\/\/blogs.diariosur.es\/tormentas-y-rayos\/wp-json\/wp\/v2\/categories?post=44243"},{"taxonomy":"post_tag","embeddable":true,"href":"https:\/\/blogs.diariosur.es\/tormentas-y-rayos\/wp-json\/wp\/v2\/tags?post=44243"}],"curies":[{"name":"wp","href":"https:\/\/api.w.org\/{rel}","templated":true}]}}