{"id":44251,"date":"2025-04-11T11:52:39","date_gmt":"2025-04-11T09:52:39","guid":{"rendered":"https:\/\/blogs.diariosur.es\/tormentas-y-rayos\/?p=44251"},"modified":"2025-04-11T12:00:11","modified_gmt":"2025-04-11T10:00:11","slug":"se-activa-el-aviso-amarillo-por-lluvias-y-tormentas-en-la-provincia-de-malaga-para-manana-sabado-de-pasion","status":"publish","type":"post","link":"https:\/\/blogs.diariosur.es\/tormentas-y-rayos\/2025\/04\/11\/se-activa-el-aviso-amarillo-por-lluvias-y-tormentas-en-la-provincia-de-malaga-para-manana-sabado-de-pasion\/","title":{"rendered":"Se activa el aviso amarillo por lluvias y tormentas en la provincia de M\u00e1laga para ma\u00f1ana S\u00e1bado de Pasi\u00f3n."},"content":{"rendered":"<p><a href=\"https:\/\/static-blogs.diariosur.es\/wp-content\/uploads\/sites\/12\/2025\/03\/485061785_10232007549910525_80981998006536982_n-1.jpg\"><img loading=\"lazy\" class=\"aligncenter size-thumbnail wp-image-43964\" src=\"https:\/\/static-blogs.diariosur.es\/wp-content\/uploads\/sites\/12\/2025\/03\/485061785_10232007549910525_80981998006536982_n-1-150x150.jpg\" alt=\"\" width=\"150\" height=\"150\" \/><\/a><\/p>\n<p>Buenos d\u00edas, amigos de la meteo. La aemet acaba de activar el aviso amarillo por lluvias y tormentas en toda la provincia de M\u00e1laga. Tambi\u00e9n en el Estrecho y Ceuta.<\/p>\n<p>Precipitaci\u00f3n acumulada en una hora 15 mm.<\/p>\n<p><strong>Hora de comienzo a las 00:00 horas, finaliza a las 14:59 horas.<\/strong><\/p>\n<p>&nbsp;<\/p>\n<p>&nbsp;<\/p>\n<p><a href=\"https:\/\/static-blogs.diariosur.es\/wp-content\/uploads\/sites\/12\/2025\/04\/490079245_10232280387131285_4357991919954253822_n-1-e1744364967373.jpg\"><img loading=\"lazy\" class=\"aligncenter size-full wp-image-44255\" src=\"https:\/\/static-blogs.diariosur.es\/wp-content\/uploads\/sites\/12\/2025\/04\/490079245_10232280387131285_4357991919954253822_n-1-e1744364967373.jpg\" alt=\"\" width=\"1000\" height=\"841\" \/><\/a><\/p>\n<p>&nbsp;<\/p>\n<h3><\/h3>\n<h3><strong>Ma\u00f1ana hablaremos de la predicci\u00f3n del Domingo de Ramos.<\/strong><\/h3>\n","protected":false},"excerpt":{"rendered":"<p>Buenos d\u00edas, amigos de la meteo. La aemet acaba de activar el aviso amarillo por lluvias y tormentas en toda la provincia de M\u00e1laga. Tambi\u00e9n en el Estrecho y Ceuta. Precipitaci\u00f3n acumulada en una hora 15 mm. Hora de comienzo a las 00:00 horas, finaliza a las 14:59 horas. &nbsp; &nbsp; &nbsp; Ma\u00f1ana hablaremos de [&hellip;]<\/p>\n","protected":false},"author":16,"featured_media":44260,"comment_status":"open","ping_status":"open","sticky":false,"template":"","format":"standard","meta":[],"categories":[2],"tags":[94,151,188,358,587,2022,800,888,902],"_links":{"self":[{"href":"https:\/\/blogs.diariosur.es\/tormentas-y-rayos\/wp-json\/wp\/v2\/posts\/44251"}],"collection":[{"href":"https:\/\/blogs.diariosur.es\/tormentas-y-rayos\/wp-json\/wp\/v2\/posts"}],"about":[{"href":"https:\/\/blogs.diariosur.es\/tormentas-y-rayos\/wp-json\/wp\/v2\/types\/post"}],"author":[{"embeddable":true,"href":"https:\/\/blogs.diariosur.es\/tormentas-y-rayos\/wp-json\/wp\/v2\/users\/16"}],"replies":[{"embeddable":true,"href":"https:\/\/blogs.diariosur.es\/tormentas-y-rayos\/wp-json\/wp\/v2\/comments?post=44251"}],"version-history":[{"count":9,"href":"https:\/\/blogs.diariosur.es\/tormentas-y-rayos\/wp-json\/wp\/v2\/posts\/44251\/revisions"}],"predecessor-version":[{"id":44264,"href":"https:\/\/blogs.diariosur.es\/tormentas-y-rayos\/wp-json\/wp\/v2\/posts\/44251\/revisions\/44264"}],"wp:featuredmedia":[{"embeddable":true,"href":"https:\/\/blogs.diariosur.es\/tormentas-y-rayos\/wp-json\/wp\/v2\/media\/44260"}],"wp:attachment":[{"href":"https:\/\/blogs.diariosur.es\/tormentas-y-rayos\/wp-json\/wp\/v2\/media?parent=44251"}],"wp:term":[{"taxonomy":"category","embeddable":true,"href":"https:\/\/blogs.diariosur.es\/tormentas-y-rayos\/wp-json\/wp\/v2\/categories?post=44251"},{"taxonomy":"post_tag","embeddable":true,"href":"https:\/\/blogs.diariosur.es\/tormentas-y-rayos\/wp-json\/wp\/v2\/tags?post=44251"}],"curies":[{"name":"wp","href":"https:\/\/api.w.org\/{rel}","templated":true}]}}