{"id":44265,"date":"2025-04-12T08:43:50","date_gmt":"2025-04-12T06:43:50","guid":{"rendered":"https:\/\/blogs.diariosur.es\/tormentas-y-rayos\/?p=44265"},"modified":"2025-10-05T19:49:04","modified_gmt":"2025-10-05T17:49:04","slug":"que-tiempo-hara-el-domingo-de-ramos-en-la-provincia-de-malaga","status":"publish","type":"post","link":"https:\/\/blogs.diariosur.es\/tormentas-y-rayos\/2025\/04\/12\/que-tiempo-hara-el-domingo-de-ramos-en-la-provincia-de-malaga\/","title":{"rendered":"\u00bfQu\u00e9 tiempo hara el Domingo de Ramos en la provincia de M\u00e1laga?"},"content":{"rendered":"<p><a href=\"https:\/\/static-blogs.diariosur.es\/wp-content\/uploads\/sites\/12\/2025\/03\/485061785_10232007549910525_80981998006536982_n.jpg\"><img loading=\"lazy\" class=\"aligncenter size-thumbnail wp-image-43954\" src=\"https:\/\/static-blogs.diariosur.es\/wp-content\/uploads\/sites\/12\/2025\/03\/485061785_10232007549910525_80981998006536982_n-150x150.jpg\" alt=\"\" width=\"150\" height=\"150\" \/><\/a><\/p>\n<p data-pm-slice=\"1 1 []\">Buenos d\u00edas, amigos de la meteo. Ma\u00f1ana nos abandonar\u00e1 el polvo en suspensi\u00f3n gracias al cambio de direcci\u00f3n del viento; desde primeras horas de la ma\u00f1ana tendremos poniente y terral de primavera. Las temperaturas m\u00e1ximas donde el poniente entre de tierra rondar\u00e1n los 22 y 23 \u00baC; en las dem\u00e1s zonas de la provincia, entre 19 y 20 \u00baC.<\/p>\n<p>La borrasca Olivier ya se habr\u00e1 integrado a la circulaci\u00f3n general, pero tendremos un poco de aire fr\u00edo en altura que puede traer consigo chubascos a partir de primeras horas de la tarde, <strong>siendo m\u00e1s probables por el interior<\/strong>.<\/p>\n<p>Hay probabilidad, aunque baja, de que algunos chubascos lleguen a algunos puntos de la costa malague\u00f1a, no a todos, pero precisar el sitio en el caso de que se den es muy dif\u00edcil. Son los t\u00edpicos chubascos de poca duraci\u00f3n que al final forman arco\u00edris.<\/p>\n<p>Sobre las 19:00 horas baja mucho la probabilidad.<\/p>\n<p>Ma\u00f1ana tendremos que tirar de radar y ver la direcci\u00f3n que toman estos chubascos.<\/p>\n<p>&nbsp;<\/p>\n<p>&nbsp;<\/p>\n","protected":false},"excerpt":{"rendered":"<p>Buenos d\u00edas, amigos de la meteo. Ma\u00f1ana nos abandonar\u00e1 el polvo en suspensi\u00f3n gracias al cambio de direcci\u00f3n del viento; desde primeras horas de la ma\u00f1ana tendremos poniente y terral de primavera. Las temperaturas m\u00e1ximas donde el poniente entre de tierra rondar\u00e1n los 22 y 23 \u00baC; en las dem\u00e1s zonas de la provincia, entre [&hellip;]<\/p>\n","protected":false},"author":16,"featured_media":44266,"comment_status":"open","ping_status":"open","sticky":false,"template":"","format":"standard","meta":[],"categories":[2],"tags":[342,358,587,800,888,902],"_links":{"self":[{"href":"https:\/\/blogs.diariosur.es\/tormentas-y-rayos\/wp-json\/wp\/v2\/posts\/44265"}],"collection":[{"href":"https:\/\/blogs.diariosur.es\/tormentas-y-rayos\/wp-json\/wp\/v2\/posts"}],"about":[{"href":"https:\/\/blogs.diariosur.es\/tormentas-y-rayos\/wp-json\/wp\/v2\/types\/post"}],"author":[{"embeddable":true,"href":"https:\/\/blogs.diariosur.es\/tormentas-y-rayos\/wp-json\/wp\/v2\/users\/16"}],"replies":[{"embeddable":true,"href":"https:\/\/blogs.diariosur.es\/tormentas-y-rayos\/wp-json\/wp\/v2\/comments?post=44265"}],"version-history":[{"count":2,"href":"https:\/\/blogs.diariosur.es\/tormentas-y-rayos\/wp-json\/wp\/v2\/posts\/44265\/revisions"}],"predecessor-version":[{"id":46669,"href":"https:\/\/blogs.diariosur.es\/tormentas-y-rayos\/wp-json\/wp\/v2\/posts\/44265\/revisions\/46669"}],"wp:featuredmedia":[{"embeddable":true,"href":"https:\/\/blogs.diariosur.es\/tormentas-y-rayos\/wp-json\/wp\/v2\/media\/44266"}],"wp:attachment":[{"href":"https:\/\/blogs.diariosur.es\/tormentas-y-rayos\/wp-json\/wp\/v2\/media?parent=44265"}],"wp:term":[{"taxonomy":"category","embeddable":true,"href":"https:\/\/blogs.diariosur.es\/tormentas-y-rayos\/wp-json\/wp\/v2\/categories?post=44265"},{"taxonomy":"post_tag","embeddable":true,"href":"https:\/\/blogs.diariosur.es\/tormentas-y-rayos\/wp-json\/wp\/v2\/tags?post=44265"}],"curies":[{"name":"wp","href":"https:\/\/api.w.org\/{rel}","templated":true}]}}