{"id":44271,"date":"2025-04-13T10:03:23","date_gmt":"2025-04-13T08:03:23","guid":{"rendered":"https:\/\/blogs.diariosur.es\/tormentas-y-rayos\/?p=44271"},"modified":"2025-10-05T19:45:55","modified_gmt":"2025-10-05T17:45:55","slug":"que-tiempo-hara-el-lunes-santo-en-la-provincia-de-malaga-y-madrugada-del-martes-santo","status":"publish","type":"post","link":"https:\/\/blogs.diariosur.es\/tormentas-y-rayos\/2025\/04\/13\/que-tiempo-hara-el-lunes-santo-en-la-provincia-de-malaga-y-madrugada-del-martes-santo\/","title":{"rendered":"\u00bfQu\u00e9 tiempo har\u00e1 el Lunes Santo en la provincia de M\u00e1laga y madrugada del Martes Santo?"},"content":{"rendered":"<p><a href=\"https:\/\/static-blogs.diariosur.es\/wp-content\/uploads\/sites\/12\/2025\/03\/130738248_10221381944997043_6257362087676436516_n.jpg\"><img loading=\"lazy\" class=\"aligncenter size-thumbnail wp-image-44057\" src=\"https:\/\/static-blogs.diariosur.es\/wp-content\/uploads\/sites\/12\/2025\/03\/130738248_10221381944997043_6257362087676436516_n-150x150.jpg\" alt=\"\" width=\"150\" height=\"150\" srcset=\"https:\/\/static-blogs.diariosur.es\/wp-content\/uploads\/sites\/12\/2025\/03\/130738248_10221381944997043_6257362087676436516_n-150x150.jpg 150w, https:\/\/static-blogs.diariosur.es\/wp-content\/uploads\/sites\/12\/2025\/03\/130738248_10221381944997043_6257362087676436516_n-400x400.jpg 400w, https:\/\/static-blogs.diariosur.es\/wp-content\/uploads\/sites\/12\/2025\/03\/130738248_10221381944997043_6257362087676436516_n-408x408.jpg 408w, https:\/\/static-blogs.diariosur.es\/wp-content\/uploads\/sites\/12\/2025\/03\/130738248_10221381944997043_6257362087676436516_n.jpg 768w\" sizes=\"(max-width: 150px) 100vw, 150px\" \/><\/a><\/p>\n<p>Muy buenos d\u00edas, amigos de la meteo. Antes de daros la previsi\u00f3n del Lunes Santo, os pongo nuevamente el enlace a la previsi\u00f3n de hoy <a href=\"https:\/\/blogs.diariosur.es\/tormentas-y-rayos\/2025\/04\/12\/que-tiempo-hara-el-domingo-de-ramos-en-la-provincia-de-malaga\/\"><strong>Domingo de Ramos\u00a0<\/strong><\/a><\/p>\n<p data-pm-slice=\"1 1 []\">Con los modelos actualizados, la probabilidad de precipitaciones ma\u00f1ana Lunes Santo en la provincia de M\u00e1laga y su capital ser\u00e1 baja a partir de las 17:30 de la tarde. El viento soplar\u00e1 moderado de poniente y terral de primavera.\u00a0 Las temperaturas m\u00e1ximas en las zonas habituales que sople terral rondar\u00e1n los 21 y 23 \u00baC; en otros puntos de la provincia, entre los 17 y 20 \u00baC.<\/p>\n<p><strong>Hay que estar atentos a la madrugada del Martes Santo; es probable que nos cruce un frente fr\u00edo. La probabilidad de precipitaciones ser\u00e1 alta; a\u00fan no est\u00e1 claro el horario. Comento esto porque hay algunas cofrad\u00edas que se encierran de madrugada.\u00a0<\/strong><\/p>\n<p>Os dejo con el amanecer que hemos tenido hoy.<\/p>\n<p>&nbsp;<\/p>\n<p><iframe loading=\"lazy\" title=\"Amanecer de Domingo de Ramos en M\u00e1laga capital\" width=\"500\" height=\"281\" src=\"https:\/\/www.youtube.com\/embed\/frsmJBsWDog?feature=oembed\" frameborder=\"0\" allow=\"accelerometer; autoplay; clipboard-write; encrypted-media; gyroscope; picture-in-picture; web-share\" referrerpolicy=\"strict-origin-when-cross-origin\" allowfullscreen><\/iframe><\/p>\n","protected":false},"excerpt":{"rendered":"<p>Muy buenos d\u00edas, amigos de la meteo. Antes de daros la previsi\u00f3n del Lunes Santo, os pongo nuevamente el enlace a la previsi\u00f3n de hoy Domingo de Ramos\u00a0 Con los modelos actualizados, la probabilidad de precipitaciones ma\u00f1ana Lunes Santo en la provincia de M\u00e1laga y su capital ser\u00e1 baja a partir de las 17:30 de [&hellip;]<\/p>\n","protected":false},"author":16,"featured_media":44272,"comment_status":"open","ping_status":"open","sticky":false,"template":"","format":"standard","meta":[],"categories":[2],"tags":[358,579,587,800,888,890,902],"_links":{"self":[{"href":"https:\/\/blogs.diariosur.es\/tormentas-y-rayos\/wp-json\/wp\/v2\/posts\/44271"}],"collection":[{"href":"https:\/\/blogs.diariosur.es\/tormentas-y-rayos\/wp-json\/wp\/v2\/posts"}],"about":[{"href":"https:\/\/blogs.diariosur.es\/tormentas-y-rayos\/wp-json\/wp\/v2\/types\/post"}],"author":[{"embeddable":true,"href":"https:\/\/blogs.diariosur.es\/tormentas-y-rayos\/wp-json\/wp\/v2\/users\/16"}],"replies":[{"embeddable":true,"href":"https:\/\/blogs.diariosur.es\/tormentas-y-rayos\/wp-json\/wp\/v2\/comments?post=44271"}],"version-history":[{"count":3,"href":"https:\/\/blogs.diariosur.es\/tormentas-y-rayos\/wp-json\/wp\/v2\/posts\/44271\/revisions"}],"predecessor-version":[{"id":46667,"href":"https:\/\/blogs.diariosur.es\/tormentas-y-rayos\/wp-json\/wp\/v2\/posts\/44271\/revisions\/46667"}],"wp:featuredmedia":[{"embeddable":true,"href":"https:\/\/blogs.diariosur.es\/tormentas-y-rayos\/wp-json\/wp\/v2\/media\/44272"}],"wp:attachment":[{"href":"https:\/\/blogs.diariosur.es\/tormentas-y-rayos\/wp-json\/wp\/v2\/media?parent=44271"}],"wp:term":[{"taxonomy":"category","embeddable":true,"href":"https:\/\/blogs.diariosur.es\/tormentas-y-rayos\/wp-json\/wp\/v2\/categories?post=44271"},{"taxonomy":"post_tag","embeddable":true,"href":"https:\/\/blogs.diariosur.es\/tormentas-y-rayos\/wp-json\/wp\/v2\/tags?post=44271"}],"curies":[{"name":"wp","href":"https:\/\/api.w.org\/{rel}","templated":true}]}}