{"id":44278,"date":"2025-04-13T22:17:59","date_gmt":"2025-04-13T20:17:59","guid":{"rendered":"https:\/\/blogs.diariosur.es\/tormentas-y-rayos\/?p=44278"},"modified":"2025-10-05T19:47:55","modified_gmt":"2025-10-05T17:47:55","slug":"malaga-capital-registra-la-temperatura-mas-alta-de-la-peninsula-os-pongo-algunos-acumulados","status":"publish","type":"post","link":"https:\/\/blogs.diariosur.es\/tormentas-y-rayos\/2025\/04\/13\/malaga-capital-registra-la-temperatura-mas-alta-de-la-peninsula-os-pongo-algunos-acumulados\/","title":{"rendered":"M\u00e1laga capital registra la temperatura m\u00e1s alta de la pen\u00ednsula. Os pongo algunos acumulados."},"content":{"rendered":"<p><a href=\"https:\/\/static-blogs.diariosur.es\/wp-content\/uploads\/sites\/12\/2025\/03\/130738248_10221381944997043_6257362087676436516_n.jpg\"><img loading=\"lazy\" class=\"aligncenter size-thumbnail wp-image-44057\" src=\"https:\/\/static-blogs.diariosur.es\/wp-content\/uploads\/sites\/12\/2025\/03\/130738248_10221381944997043_6257362087676436516_n-150x150.jpg\" alt=\"\" width=\"150\" height=\"150\" srcset=\"https:\/\/static-blogs.diariosur.es\/wp-content\/uploads\/sites\/12\/2025\/03\/130738248_10221381944997043_6257362087676436516_n-150x150.jpg 150w, https:\/\/static-blogs.diariosur.es\/wp-content\/uploads\/sites\/12\/2025\/03\/130738248_10221381944997043_6257362087676436516_n-400x400.jpg 400w, https:\/\/static-blogs.diariosur.es\/wp-content\/uploads\/sites\/12\/2025\/03\/130738248_10221381944997043_6257362087676436516_n-408x408.jpg 408w, https:\/\/static-blogs.diariosur.es\/wp-content\/uploads\/sites\/12\/2025\/03\/130738248_10221381944997043_6257362087676436516_n.jpg 768w\" sizes=\"(max-width: 150px) 100vw, 150px\" \/><\/a><\/p>\n<p data-pm-slice=\"1 1 []\">Buenas noches, amigos de la meteo. Actualizo el blog para comentaros que la estaci\u00f3n de la Aemet del Puerto ha registrado la temperatura m\u00e1xima de la pen\u00ednsula con 26 \u00b0C, el terral de primavera ha sido protagonista.<\/p>\n<p>Tambi\u00e9n han ca\u00eddo algunos chubascos; os pongo los m\u00e1s destacados.<\/p>\n<p>10 mm en Ist\u00e1n,<\/p>\n<p>Sierra Mijas 1,3 mm<\/p>\n<p>Oj\u00e9n 2,1 mm<\/p>\n<p>Co\u00edn 1,7 mm<\/p>\n<p>Colmenar 1 mm<\/p>\n<p>Embalse Guadalmina 5,7 mm<\/p>\n<p>San Pedro de Alc\u00e1ntara 1,2 mm<\/p>\n<p>Fuengirola 1,3 mm<\/p>\n<p>Nos vemos ma\u00f1ana, con la predicci\u00f3n del Martes Santo.<\/p>\n<p>Buenas noches.<\/p>\n","protected":false},"excerpt":{"rendered":"<p>Buenas noches, amigos de la meteo. Actualizo el blog para comentaros que la estaci\u00f3n de la Aemet del Puerto ha registrado la temperatura m\u00e1xima de la pen\u00ednsula con 26 \u00b0C, el terral de primavera ha sido protagonista. Tambi\u00e9n han ca\u00eddo algunos chubascos; os pongo los m\u00e1s destacados. 10 mm en Ist\u00e1n, Sierra Mijas 1,3 mm [&hellip;]<\/p>\n","protected":false},"author":16,"featured_media":42403,"comment_status":"open","ping_status":"open","sticky":false,"template":"","format":"standard","meta":[],"categories":[2],"tags":[358,587,800,888,902],"_links":{"self":[{"href":"https:\/\/blogs.diariosur.es\/tormentas-y-rayos\/wp-json\/wp\/v2\/posts\/44278"}],"collection":[{"href":"https:\/\/blogs.diariosur.es\/tormentas-y-rayos\/wp-json\/wp\/v2\/posts"}],"about":[{"href":"https:\/\/blogs.diariosur.es\/tormentas-y-rayos\/wp-json\/wp\/v2\/types\/post"}],"author":[{"embeddable":true,"href":"https:\/\/blogs.diariosur.es\/tormentas-y-rayos\/wp-json\/wp\/v2\/users\/16"}],"replies":[{"embeddable":true,"href":"https:\/\/blogs.diariosur.es\/tormentas-y-rayos\/wp-json\/wp\/v2\/comments?post=44278"}],"version-history":[{"count":3,"href":"https:\/\/blogs.diariosur.es\/tormentas-y-rayos\/wp-json\/wp\/v2\/posts\/44278\/revisions"}],"predecessor-version":[{"id":46668,"href":"https:\/\/blogs.diariosur.es\/tormentas-y-rayos\/wp-json\/wp\/v2\/posts\/44278\/revisions\/46668"}],"wp:featuredmedia":[{"embeddable":true,"href":"https:\/\/blogs.diariosur.es\/tormentas-y-rayos\/wp-json\/wp\/v2\/media\/42403"}],"wp:attachment":[{"href":"https:\/\/blogs.diariosur.es\/tormentas-y-rayos\/wp-json\/wp\/v2\/media?parent=44278"}],"wp:term":[{"taxonomy":"category","embeddable":true,"href":"https:\/\/blogs.diariosur.es\/tormentas-y-rayos\/wp-json\/wp\/v2\/categories?post=44278"},{"taxonomy":"post_tag","embeddable":true,"href":"https:\/\/blogs.diariosur.es\/tormentas-y-rayos\/wp-json\/wp\/v2\/tags?post=44278"}],"curies":[{"name":"wp","href":"https:\/\/api.w.org\/{rel}","templated":true}]}}