{"id":4428,"date":"2012-12-17T07:16:55","date_gmt":"2012-12-17T06:16:55","guid":{"rendered":"http:\/\/blogs.diariosur.es\/tormentas-y-rayos\/?p=4428"},"modified":"2012-12-17T07:16:55","modified_gmt":"2012-12-17T06:16:55","slug":"ya-es-primavera-en-diciembre-circulacion-zonal-impresionantes-olas-en-tenerife-fotos-video","status":"publish","type":"post","link":"https:\/\/blogs.diariosur.es\/tormentas-y-rayos\/2012\/12\/17\/ya-es-primavera-en-diciembre-circulacion-zonal-impresionantes-olas-en-tenerife-fotos-video\/","title":{"rendered":"Ya es primavera en Diciembre. Circulaci\u00f3n zonal. Impresionantes olas en Tenerife (fotos, v\u00eddeo)"},"content":{"rendered":"<p><strong>Buenos d\u00edas amigos de la meteo.<\/strong><\/p>\n<p><strong>\u00a0Son las seis de la ma\u00f1ana, registro <span style=\"color: #ff0000;\">16,8 grados<\/span> y los cielos est\u00e1n poco nubosos. <\/strong><\/p>\n<p><strong>Pues si \u00a0amigos, parece que estamos en \u00a0primavera, el domingo a las siete de la tarde registr\u00e1bamos 18 grados, dando una m\u00e1xima de casi 22 grados a las tres de la tarde. Desde el s\u00e1bado mas o menos, estamos en una circulaci\u00f3n zonal o flujo zonal. Y muchos preguntareis, \u00a0\u00bfesto que es lo que es ? muy f\u00e1cil. El anticicl\u00f3n de las Azores, se sit\u00faa mas al suroeste de su posici\u00f3n habitual, las borrascas circulan por el oeste de las Islas Brit\u00e1nicas, y casi siempre tomando el mismo camino de oeste a este. Esto trae consigo, que algunos frentes crucen la\u00a0pen\u00ednsula\u00a0ib\u00e9rica, siendo Galicia donde mas suele llover. \u00a0Cuando pasa una de estas borrascas, con su respectivo frente, al\u00a0principio\u00a0los vientos en la\u00a0Pen\u00ednsula\u00a0son de suroeste.<\/strong><strong>\u00a0Estos vientos hacen subir mucho la temperatura\u00a0tambi\u00e9n\u00a0en el Pais Vasco y Cantabria, como paso el viernes pasado. Luego estos vientos giran al paso de los frentes a noroeste, siendo \u00a0M\u00e1laga Capital \u00a0y el Levante donde se registran las\u00a0m\u00e1ximas\u00a0mas altas. Luego\u00a0vendr\u00eda\u00a0una calma y de nuevo a esperar otra borrasca cambiando los vientos de igual manera. A esto hay que unirle que la posici\u00f3n del anticicl\u00f3n trae vientos tropicales, es decir unas isos a 850 altas.<\/strong><\/p>\n<p><strong>\u00a0Os paso estos paneles de \u00a0im\u00e1genes\u00a0del modelo GFS. En el primer panel, se ve claramente esa circulaci\u00f3n zonal. \u00a0En el segundo panel, muestra la temperatura a 850 hpa,\u00a0rondar\u00eda\u00a0durante estos primeros dias de la semana los 12 y 15 grados. Es de esperar que las\u00a0m\u00e1ximas\u00a0en M\u00e1laga Capital sobrepasen los 20 grados hasta el jueves y las\u00a0m\u00ednimas\u00a0no bajen de 10.\u00a0<\/strong><\/p>\n<p><a href=\"https:\/\/blogs.diariosur.es\/tormentas-y-rayos\/2012\/12\/17\/ya-es-primavera-en-diciembre-circulacion-zonal-impresionantes-olas-en-tenerife-fotos-video\/zonal\/\" rel=\"attachment wp-att-4429\"><img loading=\"lazy\" class=\"aligncenter size-medium wp-image-4429\" title=\"zonal\" src=\"\/tormentas-y-rayos\/wp-content\/uploads\/sites\/12\/2012\/12\/zonal.jpg\" alt=\"\" width=\"600\" height=\"309\" srcset=\"https:\/\/static-blogs.diariosur.es\/wp-content\/uploads\/sites\/12\/2012\/12\/zonal.jpg 1000w, https:\/\/static-blogs.diariosur.es\/wp-content\/uploads\/sites\/12\/2012\/12\/zonal-640x330.jpg 640w, https:\/\/static-blogs.diariosur.es\/wp-content\/uploads\/sites\/12\/2012\/12\/zonal-768x396.jpg 768w\" sizes=\"(max-width: 600px) 100vw, 600px\" \/><\/a><a href=\"https:\/\/blogs.diariosur.es\/tormentas-y-rayos\/2012\/12\/17\/ya-es-primavera-en-diciembre-circulacion-zonal-impresionantes-olas-en-tenerife-fotos-video\/zonn\/\" rel=\"attachment wp-att-4430\"><img loading=\"lazy\" class=\"aligncenter size-medium wp-image-4430\" title=\"zonn\" src=\"\/tormentas-y-rayos\/wp-content\/uploads\/sites\/12\/2012\/12\/zonn.jpg\" alt=\"\" width=\"600\" height=\"314\" srcset=\"https:\/\/static-blogs.diariosur.es\/wp-content\/uploads\/sites\/12\/2012\/12\/zonn.jpg 1008w, https:\/\/static-blogs.diariosur.es\/wp-content\/uploads\/sites\/12\/2012\/12\/zonn-640x336.jpg 640w, https:\/\/static-blogs.diariosur.es\/wp-content\/uploads\/sites\/12\/2012\/12\/zonn-768x403.jpg 768w\" sizes=\"(max-width: 600px) 100vw, 600px\" \/><\/a><\/p>\n<p>&nbsp;<\/p>\n<p>&nbsp;<\/p>\n<p><strong>Espero que lo hay\u00e1is entendido un poco. Este tipo de situaciones, se suelen dar en Oto\u00f1o y Primavera. La maxima\u00a0hist\u00f3rica\u00a0en un mes de diciembre en M\u00e1laga, se dio el 12 de diciembre del 1998 con 24,6 grados. No me extra\u00f1aria, que durante esta semana se bata ese\u00a0r\u00e9cord.<\/strong><\/p>\n<p>&nbsp;<\/p>\n<p>&nbsp;<\/p>\n<p><strong>Tranquilos amigos, no me he olvidado del resumen del s\u00e1bado y el domingo. La m\u00ednima del s\u00e1bado fue de 15 grados y la m\u00e1xima de casi 20 grados. Y aunque parezca mentira llovi\u00f3 en la provincia malague\u00f1a, destaca los Reales y Pujerra con casi 30 litros. Pero lo mas impresionante paso por la tarde noche. Tuvimos una puesta de sol de las que hacen \u00e9poca. Cuando sal\u00eda del curro solo pensaba en coger todos los sem\u00e1foros en verde, para llegar a casa y fotografiarlo desde la terraza. Os paso la foto.<\/strong><\/p>\n<p><a href=\"https:\/\/blogs.diariosur.es\/tormentas-y-rayos\/2012\/12\/17\/ya-es-primavera-en-diciembre-circulacion-zonal-impresionantes-olas-en-tenerife-fotos-video\/olympus-digital-camera-979\/\" rel=\"attachment wp-att-4431\"><img loading=\"lazy\" class=\"aligncenter size-full wp-image-4431\" title=\"OLYMPUS DIGITAL CAMERA\" src=\"\/tormentas-y-rayos\/wp-content\/uploads\/sites\/12\/2012\/12\/0061.jpg\" alt=\"\" width=\"670\" height=\"503\" srcset=\"https:\/\/static-blogs.diariosur.es\/wp-content\/uploads\/sites\/12\/2012\/12\/0061.jpg 670w, https:\/\/static-blogs.diariosur.es\/wp-content\/uploads\/sites\/12\/2012\/12\/0061-533x400.jpg 533w\" sizes=\"(max-width: 670px) 100vw, 670px\" \/><\/a><\/p>\n<p><strong>Pero no solo yo cazaba este pedazo de atardecer, nuestra amiga y seguidora del blog Paloma Mar\u00eda tambi\u00e9n lo cazaba desde su casa. Me encanta la foto Mar\u00eda. Un fot\u00f3n<\/strong><\/p>\n<p><a href=\"https:\/\/blogs.diariosur.es\/tormentas-y-rayos\/2012\/12\/17\/ya-es-primavera-en-diciembre-circulacion-zonal-impresionantes-olas-en-tenerife-fotos-video\/paloma-maria-3\/\" rel=\"attachment wp-att-4432\"><img loading=\"lazy\" class=\"aligncenter size-full wp-image-4432\" title=\"paloma maria\" src=\"\/tormentas-y-rayos\/wp-content\/uploads\/sites\/12\/2012\/12\/paloma-maria.jpg\" alt=\"\" width=\"670\" height=\"448\" srcset=\"https:\/\/static-blogs.diariosur.es\/wp-content\/uploads\/sites\/12\/2012\/12\/paloma-maria.jpg 670w, https:\/\/static-blogs.diariosur.es\/wp-content\/uploads\/sites\/12\/2012\/12\/paloma-maria-598x400.jpg 598w\" sizes=\"(max-width: 670px) 100vw, 670px\" \/><\/a><\/p>\n<p>&nbsp;<\/p>\n<p><strong>Tambi\u00e9n recib\u00ed de mi compa\u00f1ero y amigo Antonio Mart\u00edn el mismo atardecer, pero desde una zona alta de M\u00e1laga. Amigo Antonio tu foto tiene m\u00fasica divina y yo se porque je je. Otro fot\u00f3n.<\/strong><\/p>\n<p><a href=\"https:\/\/blogs.diariosur.es\/tormentas-y-rayos\/2012\/12\/17\/ya-es-primavera-en-diciembre-circulacion-zonal-impresionantes-olas-en-tenerife-fotos-video\/antonio-martin1\/\" rel=\"attachment wp-att-4433\"><img loading=\"lazy\" class=\"aligncenter size-full wp-image-4433\" title=\"antonio martin1\" src=\"\/tormentas-y-rayos\/wp-content\/uploads\/sites\/12\/2012\/12\/antonio-martin1.jpg\" alt=\"\" width=\"670\" height=\"447\" srcset=\"https:\/\/static-blogs.diariosur.es\/wp-content\/uploads\/sites\/12\/2012\/12\/antonio-martin1.jpg 670w, https:\/\/static-blogs.diariosur.es\/wp-content\/uploads\/sites\/12\/2012\/12\/antonio-martin1-600x400.jpg 600w\" sizes=\"(max-width: 670px) 100vw, 670px\" \/><\/a><\/p>\n<p><strong>El domingo la m\u00ednima fue de 15 grados y la m\u00e1xima de 22. Aunque trabajaba, tire para la playa con traje y corbata ji ji, para cargar las pilas y bien que las cargue. El amanecer fue precioso, hasta ten\u00edamos un lenticular. Lo malo que el zapato y los calcetines se llenaron de arena.<\/strong><\/p>\n<p><a href=\"https:\/\/blogs.diariosur.es\/tormentas-y-rayos\/2012\/12\/17\/ya-es-primavera-en-diciembre-circulacion-zonal-impresionantes-olas-en-tenerife-fotos-video\/olympus-digital-camera-980\/\" rel=\"attachment wp-att-4434\"><img loading=\"lazy\" class=\"aligncenter size-full wp-image-4434\" title=\"OLYMPUS DIGITAL CAMERA\" src=\"\/tormentas-y-rayos\/wp-content\/uploads\/sites\/12\/2012\/12\/aa.jpg\" alt=\"\" width=\"670\" height=\"503\" srcset=\"https:\/\/static-blogs.diariosur.es\/wp-content\/uploads\/sites\/12\/2012\/12\/aa.jpg 670w, https:\/\/static-blogs.diariosur.es\/wp-content\/uploads\/sites\/12\/2012\/12\/aa-533x400.jpg 533w\" sizes=\"(max-width: 670px) 100vw, 670px\" \/><\/a><\/p>\n<p>&nbsp;<\/p>\n<p><a href=\"https:\/\/blogs.diariosur.es\/tormentas-y-rayos\/2012\/12\/17\/ya-es-primavera-en-diciembre-circulacion-zonal-impresionantes-olas-en-tenerife-fotos-video\/olympus-digital-camera-981\/\" rel=\"attachment wp-att-4435\"><img loading=\"lazy\" class=\"aligncenter size-full wp-image-4435\" title=\"OLYMPUS DIGITAL CAMERA\" src=\"\/tormentas-y-rayos\/wp-content\/uploads\/sites\/12\/2012\/12\/aaa.jpg\" alt=\"\" width=\"670\" height=\"503\" srcset=\"https:\/\/static-blogs.diariosur.es\/wp-content\/uploads\/sites\/12\/2012\/12\/aaa.jpg 670w, https:\/\/static-blogs.diariosur.es\/wp-content\/uploads\/sites\/12\/2012\/12\/aaa-533x400.jpg 533w\" sizes=\"(max-width: 670px) 100vw, 670px\" \/><\/a><\/p>\n<p><strong>Pero no solo yo madrugaba, y cazaba el amanecer. Mi amigo \u00c1lvaro Navarrete, inmortalizaba con este pedazo de foto, el impresionante amanecer que tuvimos el domingo desde Pedregalejo. Gracias \u00c1lvaro.<\/strong><\/p>\n<p><a href=\"https:\/\/blogs.diariosur.es\/tormentas-y-rayos\/2012\/12\/17\/ya-es-primavera-en-diciembre-circulacion-zonal-impresionantes-olas-en-tenerife-fotos-video\/alvaro-navarrete-2\/\" rel=\"attachment wp-att-4436\"><img loading=\"lazy\" class=\"aligncenter size-full wp-image-4436\" title=\"alvaro navarrete\" src=\"\/tormentas-y-rayos\/wp-content\/uploads\/sites\/12\/2012\/12\/alvaro-navarrete.jpg\" alt=\"\" width=\"670\" height=\"429\" srcset=\"https:\/\/static-blogs.diariosur.es\/wp-content\/uploads\/sites\/12\/2012\/12\/alvaro-navarrete.jpg 670w, https:\/\/static-blogs.diariosur.es\/wp-content\/uploads\/sites\/12\/2012\/12\/alvaro-navarrete-625x400.jpg 625w\" sizes=\"(max-width: 670px) 100vw, 670px\" \/><\/a><\/p>\n<p><strong>Tambi\u00e9n<\/strong><strong>\u00a0nuestro seguidor y pedazo de\u00a0fot\u00f3grafo\u00a0Manuel Verdugo lo cazaba desde la zona de los Alamos en Torremolinos, preciosa serie la que me has mandado amigo.<\/strong><\/p>\n<p><a href=\"https:\/\/blogs.diariosur.es\/tormentas-y-rayos\/2012\/12\/17\/ya-es-primavera-en-diciembre-circulacion-zonal-impresionantes-olas-en-tenerife-fotos-video\/manuel-verdugo\/\" rel=\"attachment wp-att-4441\"><img loading=\"lazy\" class=\"aligncenter size-full wp-image-4441\" title=\"manuel verdugo\" src=\"\/tormentas-y-rayos\/wp-content\/uploads\/sites\/12\/2012\/12\/manuel-verdugo.jpg\" alt=\"\" width=\"670\" height=\"378\" srcset=\"https:\/\/static-blogs.diariosur.es\/wp-content\/uploads\/sites\/12\/2012\/12\/manuel-verdugo.jpg 670w, https:\/\/static-blogs.diariosur.es\/wp-content\/uploads\/sites\/12\/2012\/12\/manuel-verdugo-640x361.jpg 640w\" sizes=\"(max-width: 670px) 100vw, 670px\" \/><\/a><\/p>\n<p>&nbsp;<\/p>\n<p><strong>Por la tarde, cuando sal\u00ed del curro tire para el Palo. El atardecer no estuvo mal, os paso estas dos fotos.<\/strong><\/p>\n<p><a href=\"https:\/\/blogs.diariosur.es\/tormentas-y-rayos\/2012\/12\/17\/ya-es-primavera-en-diciembre-circulacion-zonal-impresionantes-olas-en-tenerife-fotos-video\/olympus-digital-camera-982\/\" rel=\"attachment wp-att-4437\"><img loading=\"lazy\" class=\"aligncenter size-full wp-image-4437\" title=\"OLYMPUS DIGITAL CAMERA\" src=\"\/tormentas-y-rayos\/wp-content\/uploads\/sites\/12\/2012\/12\/037.jpg\" alt=\"\" width=\"670\" height=\"503\" srcset=\"https:\/\/static-blogs.diariosur.es\/wp-content\/uploads\/sites\/12\/2012\/12\/037.jpg 670w, https:\/\/static-blogs.diariosur.es\/wp-content\/uploads\/sites\/12\/2012\/12\/037-533x400.jpg 533w\" sizes=\"(max-width: 670px) 100vw, 670px\" \/><\/a><\/p>\n<p>&nbsp;<\/p>\n<p><a href=\"https:\/\/blogs.diariosur.es\/tormentas-y-rayos\/2012\/12\/17\/ya-es-primavera-en-diciembre-circulacion-zonal-impresionantes-olas-en-tenerife-fotos-video\/olympus-digital-camera-983\/\" rel=\"attachment wp-att-4438\"><img loading=\"lazy\" class=\"aligncenter size-full wp-image-4438\" title=\"OLYMPUS DIGITAL CAMERA\" src=\"\/tormentas-y-rayos\/wp-content\/uploads\/sites\/12\/2012\/12\/056.jpg\" alt=\"\" width=\"670\" height=\"503\" srcset=\"https:\/\/static-blogs.diariosur.es\/wp-content\/uploads\/sites\/12\/2012\/12\/056.jpg 670w, https:\/\/static-blogs.diariosur.es\/wp-content\/uploads\/sites\/12\/2012\/12\/056-533x400.jpg 533w\" sizes=\"(max-width: 670px) 100vw, 670px\" \/><\/a><\/p>\n<p><strong>Tambi\u00e9n destacar los registro de lluvias que se han dado en Grazalema estos dias, han sobrepasado los 150 litros.<\/strong>\u00a0<strong>Nicki\u00a0tambi\u00e9n\u00a0ha dejado mar de fondo en Tenerife, las olas alcanzaban los 5 metros. Nuesta amiga May Naomi Jj, quiere compartir estas impresionantes fotos desde Tenerife. Me comenta, que cuando\u00a0romp\u00edan\u00a0las olas el suelo de la carretera temblaba. Os paso una fotos de May y por ultimo un\u00a0v\u00eddeo\u00a0de Nelson Acosta que una pasada. Muchas gracias a los dos.<\/strong><\/p>\n<p><strong><span style=\"color: #ff0000;\">En el\u00a0pr\u00f3ximo\u00a0post, prepararse que os\u00a0<\/span><span style=\"color: #ff0000;\">pondr\u00e9\u00a0unos\u00a0v\u00eddeos\u00a0del Aeropuerto de Bilbao del pasado viernes. Es impresionante la pericia de los pilotos a la hora de aterrizar. Os dejo hasta el miercoles con estos fotones de May y el\u00a0v\u00eddeo\u00a0Nels\u00f3n.<\/span><\/strong><\/p>\n<p>&nbsp;<\/p>\n<p><a href=\"https:\/\/blogs.diariosur.es\/tormentas-y-rayos\/2012\/12\/17\/ya-es-primavera-en-diciembre-circulacion-zonal-impresionantes-olas-en-tenerife-fotos-video\/z-4\/\" rel=\"attachment wp-att-4439\"><img loading=\"lazy\" class=\"aligncenter size-full wp-image-4439\" title=\"z\" src=\"\/tormentas-y-rayos\/wp-content\/uploads\/sites\/12\" alt=\"\" width=\"670\" height=\"447\" \/><\/a><\/p>\n<p>&nbsp;<\/p>\n<p><a href=\"https:\/\/blogs.diariosur.es\/tormentas-y-rayos\/2012\/12\/17\/ya-es-primavera-en-diciembre-circulacion-zonal-impresionantes-olas-en-tenerife-fotos-video\/220984_378543058903191_848006219_o\/\" rel=\"attachment wp-att-4440\"><img loading=\"lazy\" class=\"aligncenter size-full wp-image-4440\" title=\"220984_378543058903191_848006219_o\" src=\"\/tormentas-y-rayos\/wp-content\/uploads\/sites\/12\/2012\/12\/220984_378543058903191_848006219_o.jpg\" alt=\"\" width=\"670\" height=\"447\" srcset=\"https:\/\/static-blogs.diariosur.es\/wp-content\/uploads\/sites\/12\/2012\/12\/220984_378543058903191_848006219_o.jpg 670w, https:\/\/static-blogs.diariosur.es\/wp-content\/uploads\/sites\/12\/2012\/12\/220984_378543058903191_848006219_o-600x400.jpg 600w\" sizes=\"(max-width: 670px) 100vw, 670px\" \/><\/a><\/p>\n<p>&nbsp;<\/p>\n<p>&nbsp;<\/p>\n<p>&nbsp;<\/p>\n<h2><\/h2>\n<p>&nbsp;<\/p>\n<p><iframe loading=\"lazy\" src=\"\/\/www.youtube.com\/embed\/gWQ9Kv1Op_k\" frameborder=\"0\" width=\"640\" height=\"480\"><\/iframe><\/p>\n","protected":false},"excerpt":{"rendered":"<p>Buenos d\u00edas amigos de la meteo. \u00a0Son las seis de la ma\u00f1ana, registro 16,8 grados y los cielos est\u00e1n poco nubosos. Pues si \u00a0amigos, parece que estamos en \u00a0primavera, el domingo a las siete de la tarde registr\u00e1bamos 18 grados, dando una m\u00e1xima de casi 22 grados a las tres de la tarde. Desde el [&hellip;]<\/p>\n","protected":false},"author":16,"featured_media":4439,"comment_status":"open","ping_status":"closed","sticky":false,"template":"","format":"standard","meta":[],"categories":[2],"tags":[257,598,736,815,969,1084],"_links":{"self":[{"href":"https:\/\/blogs.diariosur.es\/tormentas-y-rayos\/wp-json\/wp\/v2\/posts\/4428"}],"collection":[{"href":"https:\/\/blogs.diariosur.es\/tormentas-y-rayos\/wp-json\/wp\/v2\/posts"}],"about":[{"href":"https:\/\/blogs.diariosur.es\/tormentas-y-rayos\/wp-json\/wp\/v2\/types\/post"}],"author":[{"embeddable":true,"href":"https:\/\/blogs.diariosur.es\/tormentas-y-rayos\/wp-json\/wp\/v2\/users\/16"}],"replies":[{"embeddable":true,"href":"https:\/\/blogs.diariosur.es\/tormentas-y-rayos\/wp-json\/wp\/v2\/comments?post=4428"}],"version-history":[{"count":0,"href":"https:\/\/blogs.diariosur.es\/tormentas-y-rayos\/wp-json\/wp\/v2\/posts\/4428\/revisions"}],"wp:featuredmedia":[{"embeddable":true,"href":"https:\/\/blogs.diariosur.es\/tormentas-y-rayos\/wp-json\/wp\/v2\/media\/4439"}],"wp:attachment":[{"href":"https:\/\/blogs.diariosur.es\/tormentas-y-rayos\/wp-json\/wp\/v2\/media?parent=4428"}],"wp:term":[{"taxonomy":"category","embeddable":true,"href":"https:\/\/blogs.diariosur.es\/tormentas-y-rayos\/wp-json\/wp\/v2\/categories?post=4428"},{"taxonomy":"post_tag","embeddable":true,"href":"https:\/\/blogs.diariosur.es\/tormentas-y-rayos\/wp-json\/wp\/v2\/tags?post=4428"}],"curies":[{"name":"wp","href":"https:\/\/api.w.org\/{rel}","templated":true}]}}