{"id":44280,"date":"2025-04-14T07:31:29","date_gmt":"2025-04-14T05:31:29","guid":{"rendered":"https:\/\/blogs.diariosur.es\/tormentas-y-rayos\/?p=44280"},"modified":"2025-10-05T19:42:31","modified_gmt":"2025-10-05T17:42:31","slug":"masa-de-aire-polar-que-tiempo-tendremos-el-martes-santo-en-la-provincia-de-malaga","status":"publish","type":"post","link":"https:\/\/blogs.diariosur.es\/tormentas-y-rayos\/2025\/04\/14\/masa-de-aire-polar-que-tiempo-tendremos-el-martes-santo-en-la-provincia-de-malaga\/","title":{"rendered":"Masa de aire polar. \u00bfQu\u00e9 tiempo tendremos el Martes Santo en la provincia de M\u00e1laga?"},"content":{"rendered":"<p><a href=\"https:\/\/static-blogs.diariosur.es\/wp-content\/uploads\/sites\/12\/2025\/03\/474591997_10231480374091459_5977821584942016476_n.jpg\"><img loading=\"lazy\" class=\"aligncenter size-thumbnail wp-image-43666\" src=\"https:\/\/static-blogs.diariosur.es\/wp-content\/uploads\/sites\/12\/2025\/03\/474591997_10231480374091459_5977821584942016476_n-150x150.jpg\" alt=\"\" width=\"150\" height=\"150\" srcset=\"https:\/\/static-blogs.diariosur.es\/wp-content\/uploads\/sites\/12\/2025\/03\/474591997_10231480374091459_5977821584942016476_n-150x150.jpg 150w, https:\/\/static-blogs.diariosur.es\/wp-content\/uploads\/sites\/12\/2025\/03\/474591997_10231480374091459_5977821584942016476_n-400x400.jpg 400w, https:\/\/static-blogs.diariosur.es\/wp-content\/uploads\/sites\/12\/2025\/03\/474591997_10231480374091459_5977821584942016476_n-408x408.jpg 408w, https:\/\/static-blogs.diariosur.es\/wp-content\/uploads\/sites\/12\/2025\/03\/474591997_10231480374091459_5977821584942016476_n-768x768.jpg 768w, https:\/\/static-blogs.diariosur.es\/wp-content\/uploads\/sites\/12\/2025\/03\/474591997_10231480374091459_5977821584942016476_n.jpg 1000w\" sizes=\"(max-width: 150px) 100vw, 150px\" \/><\/a><\/p>\n<p data-pm-slice=\"1 1 []\">Hola, amigos de la meteo. Como os comentaba ayer Domingo de Ramos, las procesiones que se encierren hoy durante la madrugada del martes, sobre todo el Cautivo, tienen que tener precauci\u00f3n y estar atentos al radar. Se espera el paso de un frente fr\u00edo a primeras horas, seg\u00fan los modelos, entre las tres de la madrugada o las cuatro; todo depender\u00e1 de si se atrasa o se adelanta el frente. Por la zona m\u00e1s occidental de la provincia de M\u00e1laga entrar\u00e1 antes; por la oriental, m\u00e1s tarde.<\/p>\n<h3><strong>\u00bfQu\u00e9 tiempo tendremos el Martes Santo en la provincia de M\u00e1laga?<\/strong><\/h3>\n<p>El frente que os he mencionado m\u00e1s arriba pasar\u00e1 muy r\u00e1pidamente. Le precede una masa de aire fr\u00edo polar; se esperan rachas fuertes de viento de poniente y terral de primavera. Las temperaturas m\u00e1ximas bajar\u00e1n; las m\u00ednimas del Mi\u00e9rcoles Santo tambi\u00e9n.<\/p>\n<p><strong>En cuanto a las precipitaciones, hay que estar atentos a los chubascos posfrontales que se dar\u00e1n por la tarde en cualquier punto de la provincia; algunos modelos no los descartan en puntos de la costa malague\u00f1a acompa\u00f1ados de granizo menudo. Ma\u00f1ana, cuando os d\u00e9 la predicci\u00f3n del Mi\u00e9rcoles Santo, estar\u00e1 m\u00e1s claro cu\u00e1ndo baja la probabilidad de estos chubascos en las horas de las procesiones. Nuevamente hay que mirar el radar de lluvias. La cota de nieve puede rondar sobre los 1700 metros.\u00a0<\/strong><\/p>\n<p>Ayer Domingo de Ramos se registraron por la tarde estas precipitaciones.<\/p>\n<p>10 mm en Ist\u00e1n,<\/p>\n<p>Sierra Mijas 1,3 mm<\/p>\n<p>Oj\u00e9n 2,1 mm<\/p>\n<p>Co\u00edn 1,7 mm<\/p>\n<p>Colmenar 1 mm<\/p>\n<p>Embalse Guadalmina 5,7 mm<\/p>\n<p>San Pedro de Alc\u00e1ntara 1,2 mm<\/p>\n<p>Fuengirola 1,3 mm<\/p>\n<p>Nos vemos ma\u00f1ana; me voy para los embalses del Guadalhorce para hacer fotos y v\u00eddeos.<\/p>\n<p>&nbsp;<\/p>\n<p>&nbsp;<\/p>\n","protected":false},"excerpt":{"rendered":"<p>Hola, amigos de la meteo. Como os comentaba ayer Domingo de Ramos, las procesiones que se encierren hoy durante la madrugada del martes, sobre todo el Cautivo, tienen que tener precauci\u00f3n y estar atentos al radar. Se espera el paso de un frente fr\u00edo a primeras horas, seg\u00fan los modelos, entre las tres de la [&hellip;]<\/p>\n","protected":false},"author":16,"featured_media":44281,"comment_status":"open","ping_status":"open","sticky":false,"template":"","format":"standard","meta":[],"categories":[2],"tags":[54,100,358,432,587,609,800,888,902],"_links":{"self":[{"href":"https:\/\/blogs.diariosur.es\/tormentas-y-rayos\/wp-json\/wp\/v2\/posts\/44280"}],"collection":[{"href":"https:\/\/blogs.diariosur.es\/tormentas-y-rayos\/wp-json\/wp\/v2\/posts"}],"about":[{"href":"https:\/\/blogs.diariosur.es\/tormentas-y-rayos\/wp-json\/wp\/v2\/types\/post"}],"author":[{"embeddable":true,"href":"https:\/\/blogs.diariosur.es\/tormentas-y-rayos\/wp-json\/wp\/v2\/users\/16"}],"replies":[{"embeddable":true,"href":"https:\/\/blogs.diariosur.es\/tormentas-y-rayos\/wp-json\/wp\/v2\/comments?post=44280"}],"version-history":[{"count":7,"href":"https:\/\/blogs.diariosur.es\/tormentas-y-rayos\/wp-json\/wp\/v2\/posts\/44280\/revisions"}],"predecessor-version":[{"id":46664,"href":"https:\/\/blogs.diariosur.es\/tormentas-y-rayos\/wp-json\/wp\/v2\/posts\/44280\/revisions\/46664"}],"wp:featuredmedia":[{"embeddable":true,"href":"https:\/\/blogs.diariosur.es\/tormentas-y-rayos\/wp-json\/wp\/v2\/media\/44281"}],"wp:attachment":[{"href":"https:\/\/blogs.diariosur.es\/tormentas-y-rayos\/wp-json\/wp\/v2\/media?parent=44280"}],"wp:term":[{"taxonomy":"category","embeddable":true,"href":"https:\/\/blogs.diariosur.es\/tormentas-y-rayos\/wp-json\/wp\/v2\/categories?post=44280"},{"taxonomy":"post_tag","embeddable":true,"href":"https:\/\/blogs.diariosur.es\/tormentas-y-rayos\/wp-json\/wp\/v2\/tags?post=44280"}],"curies":[{"name":"wp","href":"https:\/\/api.w.org\/{rel}","templated":true}]}}