{"id":44285,"date":"2025-04-14T16:23:10","date_gmt":"2025-04-14T14:23:10","guid":{"rendered":"https:\/\/blogs.diariosur.es\/tormentas-y-rayos\/?p=44285"},"modified":"2025-10-05T19:43:30","modified_gmt":"2025-10-05T17:43:30","slug":"un-antes-y-un-despues-de-los-embalses-guadalteba-y-guadalhorce-en-la-provincia-de-malaga","status":"publish","type":"post","link":"https:\/\/blogs.diariosur.es\/tormentas-y-rayos\/2025\/04\/14\/un-antes-y-un-despues-de-los-embalses-guadalteba-y-guadalhorce-en-la-provincia-de-malaga\/","title":{"rendered":"Un antes y un despu\u00e9s de los Embalses Guadalteba y Guadalhorce en la provincia de M\u00e1laga"},"content":{"rendered":"<p><a href=\"https:\/\/static-blogs.diariosur.es\/wp-content\/uploads\/sites\/12\/2025\/03\/130738248_10221381944997043_6257362087676436516_n.jpg\"><img loading=\"lazy\" class=\"aligncenter size-thumbnail wp-image-44057\" src=\"https:\/\/static-blogs.diariosur.es\/wp-content\/uploads\/sites\/12\/2025\/03\/130738248_10221381944997043_6257362087676436516_n-150x150.jpg\" alt=\"\" width=\"150\" height=\"150\" srcset=\"https:\/\/static-blogs.diariosur.es\/wp-content\/uploads\/sites\/12\/2025\/03\/130738248_10221381944997043_6257362087676436516_n-150x150.jpg 150w, https:\/\/static-blogs.diariosur.es\/wp-content\/uploads\/sites\/12\/2025\/03\/130738248_10221381944997043_6257362087676436516_n-400x400.jpg 400w, https:\/\/static-blogs.diariosur.es\/wp-content\/uploads\/sites\/12\/2025\/03\/130738248_10221381944997043_6257362087676436516_n-408x408.jpg 408w, https:\/\/static-blogs.diariosur.es\/wp-content\/uploads\/sites\/12\/2025\/03\/130738248_10221381944997043_6257362087676436516_n.jpg 768w\" sizes=\"(max-width: 150px) 100vw, 150px\" \/><\/a><\/p>\n<p>&nbsp;<\/p>\n<p data-pm-slice=\"1 1 []\">Buenas tardes, amigos de la meteo. Esta ma\u00f1ana, en compa\u00f1\u00eda de mi cu\u00f1ado Jos\u00e9, hemos visitado nuevamente los Embalses del Guadalhorce, sobre todo para hacerles fotos y v\u00eddeos al Guadalteba y Guadalhorce; hace 25 d\u00edas estuvimos, pero para fotografiar el Conde de Guadalhorce.<\/p>\n<p>En octubre de 2024, el Guadalteba estaba al 12,4% y el Guadalhorce al 8,7%.<\/p>\n<p>&nbsp;<\/p>\n<p>&nbsp;<\/p>\n<p><a href=\"https:\/\/static-blogs.diariosur.es\/wp-content\/uploads\/sites\/12\/2025\/04\/Captura-de-pantalla-2024-10-08-064050.jpg\"><img loading=\"lazy\" class=\"aligncenter size-full wp-image-44286\" src=\"https:\/\/static-blogs.diariosur.es\/wp-content\/uploads\/sites\/12\/2025\/04\/Captura-de-pantalla-2024-10-08-064050.jpg\" alt=\"\" width=\"727\" height=\"492\" srcset=\"https:\/\/static-blogs.diariosur.es\/wp-content\/uploads\/sites\/12\/2025\/04\/Captura-de-pantalla-2024-10-08-064050.jpg 727w, https:\/\/static-blogs.diariosur.es\/wp-content\/uploads\/sites\/12\/2025\/04\/Captura-de-pantalla-2024-10-08-064050-591x400.jpg 591w, https:\/\/static-blogs.diariosur.es\/wp-content\/uploads\/sites\/12\/2025\/04\/Captura-de-pantalla-2024-10-08-064050-603x408.jpg 603w\" sizes=\"(max-width: 727px) 100vw, 727px\" \/><\/a><\/p>\n<p>Hoy Lunes Santo el Guadalteba esta al 50,1% y el Guadalhorce al 45,1 %<\/p>\n<p>&nbsp;<\/p>\n<p><a href=\"https:\/\/static-blogs.diariosur.es\/wp-content\/uploads\/sites\/12\/2025\/04\/Captura-de-pantalla-2025-04-14-160132.jpg\"><img loading=\"lazy\" class=\"aligncenter size-full wp-image-44288\" src=\"https:\/\/static-blogs.diariosur.es\/wp-content\/uploads\/sites\/12\/2025\/04\/Captura-de-pantalla-2025-04-14-160132.jpg\" alt=\"\" width=\"997\" height=\"444\" srcset=\"https:\/\/static-blogs.diariosur.es\/wp-content\/uploads\/sites\/12\/2025\/04\/Captura-de-pantalla-2025-04-14-160132.jpg 997w, https:\/\/static-blogs.diariosur.es\/wp-content\/uploads\/sites\/12\/2025\/04\/Captura-de-pantalla-2025-04-14-160132-640x285.jpg 640w, https:\/\/static-blogs.diariosur.es\/wp-content\/uploads\/sites\/12\/2025\/04\/Captura-de-pantalla-2025-04-14-160132-916x408.jpg 916w, https:\/\/static-blogs.diariosur.es\/wp-content\/uploads\/sites\/12\/2025\/04\/Captura-de-pantalla-2025-04-14-160132-768x342.jpg 768w\" sizes=\"(max-width: 997px) 100vw, 997px\" \/><\/a><\/p>\n<p>Os pongo unos videos y fotos de un antes y un despu\u00e9s. Espero que os guste.<\/p>\n<h3><strong>Guadalteba 2024<\/strong><\/h3>\n<p>&nbsp;<\/p>\n<p><iframe loading=\"lazy\" title=\"Embalse Guadalteba 8 de octubre de 2024\" width=\"500\" height=\"281\" src=\"https:\/\/www.youtube.com\/embed\/E2Oum4VQb3k?feature=oembed\" frameborder=\"0\" allow=\"accelerometer; autoplay; clipboard-write; encrypted-media; gyroscope; picture-in-picture; web-share\" referrerpolicy=\"strict-origin-when-cross-origin\" allowfullscreen><\/iframe><\/p>\n<h3><\/h3>\n<h3><strong>Guadalteba 2025 Lunes Santo<\/strong><\/h3>\n<p>&nbsp;<\/p>\n<p><iframe loading=\"lazy\" title=\"Embalse del Guadalteba hoy Lunes Santo. Abril de 2025\" width=\"500\" height=\"281\" src=\"https:\/\/www.youtube.com\/embed\/SrZpswQ0C2M?feature=oembed\" frameborder=\"0\" allow=\"accelerometer; autoplay; clipboard-write; encrypted-media; gyroscope; picture-in-picture; web-share\" referrerpolicy=\"strict-origin-when-cross-origin\" allowfullscreen><\/iframe><\/p>\n<p>&nbsp;<\/p>\n<p><a href=\"https:\/\/static-blogs.diariosur.es\/wp-content\/uploads\/sites\/12\/2025\/04\/2024-2-GUADALTEBA-BLOG-Y-FACEBOOK-e1744639750738.jpg\"><img loading=\"lazy\" class=\"aligncenter size-full wp-image-44289\" src=\"https:\/\/static-blogs.diariosur.es\/wp-content\/uploads\/sites\/12\/2025\/04\/2024-2-GUADALTEBA-BLOG-Y-FACEBOOK-e1744639750738.jpg\" alt=\"\" width=\"1200\" height=\"800\" \/><\/a><\/p>\n<p>&nbsp;<\/p>\n<p><a href=\"https:\/\/static-blogs.diariosur.es\/wp-content\/uploads\/sites\/12\/2025\/04\/2025-GUADALTEBA-BLOG-Y-FACEBOOK-e1744639785595.jpg\"><img loading=\"lazy\" class=\"aligncenter size-full wp-image-44290\" src=\"https:\/\/static-blogs.diariosur.es\/wp-content\/uploads\/sites\/12\/2025\/04\/2025-GUADALTEBA-BLOG-Y-FACEBOOK-e1744639785595.jpg\" alt=\"\" width=\"1200\" height=\"800\" \/><\/a><\/p>\n<p>&nbsp;<\/p>\n<h3><\/h3>\n<p>Ahora le toca al Guadalhorce, que se nota mucho su subida.<\/p>\n<h3><strong>Guadalhorce 2024<\/strong><\/h3>\n<p>&nbsp;<\/p>\n<p><iframe loading=\"lazy\" title=\"Embalse Guadalhorce al 8%. octubre de 2024\" width=\"500\" height=\"281\" src=\"https:\/\/www.youtube.com\/embed\/_hXtC8aLEmc?feature=oembed\" frameborder=\"0\" allow=\"accelerometer; autoplay; clipboard-write; encrypted-media; gyroscope; picture-in-picture; web-share\" referrerpolicy=\"strict-origin-when-cross-origin\" allowfullscreen><\/iframe><\/p>\n<p>&nbsp;<\/p>\n<h3><strong>Guadalhorce 2025 Lunes Santo<\/strong><\/h3>\n<p>&nbsp;<\/p>\n<p><iframe loading=\"lazy\" title=\"Embalse del Guadalhorce hoy Lunes Santo\" width=\"500\" height=\"281\" src=\"https:\/\/www.youtube.com\/embed\/6-gHOF8UgAk?feature=oembed\" frameborder=\"0\" allow=\"accelerometer; autoplay; clipboard-write; encrypted-media; gyroscope; picture-in-picture; web-share\" referrerpolicy=\"strict-origin-when-cross-origin\" allowfullscreen><\/iframe><\/p>\n<p>&nbsp;<\/p>\n<p><a href=\"https:\/\/static-blogs.diariosur.es\/wp-content\/uploads\/sites\/12\/2025\/04\/2024-GUADALHORCE-FACEBOOK-Y-BLOG-e1744640034998.jpg\"><img loading=\"lazy\" class=\"aligncenter size-full wp-image-44291\" src=\"https:\/\/static-blogs.diariosur.es\/wp-content\/uploads\/sites\/12\/2025\/04\/2024-GUADALHORCE-FACEBOOK-Y-BLOG-e1744640034998.jpg\" alt=\"\" width=\"1200\" height=\"800\" \/><\/a><\/p>\n<p>&nbsp;<\/p>\n<p><a href=\"https:\/\/static-blogs.diariosur.es\/wp-content\/uploads\/sites\/12\/2025\/04\/2025-1-GUADALHORECE-FACEBOOK-Y-BLOG-e1744640067700.jpg\"><img loading=\"lazy\" class=\"aligncenter size-full wp-image-44292\" src=\"https:\/\/static-blogs.diariosur.es\/wp-content\/uploads\/sites\/12\/2025\/04\/2025-1-GUADALHORECE-FACEBOOK-Y-BLOG-e1744640067700.jpg\" alt=\"\" width=\"1200\" height=\"800\" \/><\/a><\/p>\n<p>&nbsp;<\/p>\n<p>Espero que os haya gustado<\/p>\n","protected":false},"excerpt":{"rendered":"<p>&nbsp; Buenas tardes, amigos de la meteo. Esta ma\u00f1ana, en compa\u00f1\u00eda de mi cu\u00f1ado Jos\u00e9, hemos visitado nuevamente los Embalses del Guadalhorce, sobre todo para hacerles fotos y v\u00eddeos al Guadalteba y Guadalhorce; hace 25 d\u00edas estuvimos, pero para fotografiar el Conde de Guadalhorce. En octubre de 2024, el Guadalteba estaba al 12,4% y el [&hellip;]<\/p>\n","protected":false},"author":16,"featured_media":44293,"comment_status":"open","ping_status":"open","sticky":false,"template":"","format":"standard","meta":[],"categories":[2],"tags":[1952,35,1135,470,1136,2023,888,902],"_links":{"self":[{"href":"https:\/\/blogs.diariosur.es\/tormentas-y-rayos\/wp-json\/wp\/v2\/posts\/44285"}],"collection":[{"href":"https:\/\/blogs.diariosur.es\/tormentas-y-rayos\/wp-json\/wp\/v2\/posts"}],"about":[{"href":"https:\/\/blogs.diariosur.es\/tormentas-y-rayos\/wp-json\/wp\/v2\/types\/post"}],"author":[{"embeddable":true,"href":"https:\/\/blogs.diariosur.es\/tormentas-y-rayos\/wp-json\/wp\/v2\/users\/16"}],"replies":[{"embeddable":true,"href":"https:\/\/blogs.diariosur.es\/tormentas-y-rayos\/wp-json\/wp\/v2\/comments?post=44285"}],"version-history":[{"count":2,"href":"https:\/\/blogs.diariosur.es\/tormentas-y-rayos\/wp-json\/wp\/v2\/posts\/44285\/revisions"}],"predecessor-version":[{"id":46665,"href":"https:\/\/blogs.diariosur.es\/tormentas-y-rayos\/wp-json\/wp\/v2\/posts\/44285\/revisions\/46665"}],"wp:featuredmedia":[{"embeddable":true,"href":"https:\/\/blogs.diariosur.es\/tormentas-y-rayos\/wp-json\/wp\/v2\/media\/44293"}],"wp:attachment":[{"href":"https:\/\/blogs.diariosur.es\/tormentas-y-rayos\/wp-json\/wp\/v2\/media?parent=44285"}],"wp:term":[{"taxonomy":"category","embeddable":true,"href":"https:\/\/blogs.diariosur.es\/tormentas-y-rayos\/wp-json\/wp\/v2\/categories?post=44285"},{"taxonomy":"post_tag","embeddable":true,"href":"https:\/\/blogs.diariosur.es\/tormentas-y-rayos\/wp-json\/wp\/v2\/tags?post=44285"}],"curies":[{"name":"wp","href":"https:\/\/api.w.org\/{rel}","templated":true}]}}