{"id":44318,"date":"2025-04-15T08:44:36","date_gmt":"2025-04-15T06:44:36","guid":{"rendered":"https:\/\/blogs.diariosur.es\/tormentas-y-rayos\/?p=44318"},"modified":"2025-10-05T19:40:26","modified_gmt":"2025-10-05T17:40:26","slug":"paraguas-cerrados-el-miercoles-santo-en-la-provincia-de-malaga","status":"publish","type":"post","link":"https:\/\/blogs.diariosur.es\/tormentas-y-rayos\/2025\/04\/15\/paraguas-cerrados-el-miercoles-santo-en-la-provincia-de-malaga\/","title":{"rendered":"Paraguas cerrados el Mi\u00e9rcoles Santo en la provincia de M\u00e1laga."},"content":{"rendered":"<p><a href=\"https:\/\/static-blogs.diariosur.es\/wp-content\/uploads\/sites\/12\/2025\/03\/474591997_10231480374091459_5977821584942016476_n.jpg\"><img loading=\"lazy\" class=\"aligncenter size-thumbnail wp-image-43666\" src=\"https:\/\/static-blogs.diariosur.es\/wp-content\/uploads\/sites\/12\/2025\/03\/474591997_10231480374091459_5977821584942016476_n-150x150.jpg\" alt=\"\" width=\"150\" height=\"150\" srcset=\"https:\/\/static-blogs.diariosur.es\/wp-content\/uploads\/sites\/12\/2025\/03\/474591997_10231480374091459_5977821584942016476_n-150x150.jpg 150w, https:\/\/static-blogs.diariosur.es\/wp-content\/uploads\/sites\/12\/2025\/03\/474591997_10231480374091459_5977821584942016476_n-400x400.jpg 400w, https:\/\/static-blogs.diariosur.es\/wp-content\/uploads\/sites\/12\/2025\/03\/474591997_10231480374091459_5977821584942016476_n-408x408.jpg 408w, https:\/\/static-blogs.diariosur.es\/wp-content\/uploads\/sites\/12\/2025\/03\/474591997_10231480374091459_5977821584942016476_n-768x768.jpg 768w, https:\/\/static-blogs.diariosur.es\/wp-content\/uploads\/sites\/12\/2025\/03\/474591997_10231480374091459_5977821584942016476_n.jpg 1000w\" sizes=\"(max-width: 150px) 100vw, 150px\" \/><\/a><\/p>\n<p data-pm-slice=\"1 1 []\">Muy buenos d\u00edas, amigos de la meteo. Se cumplieron los pron\u00f3sticos y el frente fr\u00edo lleg\u00f3 a la provincia de M\u00e1laga esta pasada madrugada; en M\u00e1laga capital lo hizo sobre las dos y cuarto. En algunos puntos de la provincia se han acumulado entre 1 y 5 mm; en la capital, 2 mm.\u00a0 Seg\u00fan informaciones que me llegan, el Cautivo y la Virgen ya estaban en su templo cuando empez\u00f3 la lluvia.<\/p>\n<p>De momento llevamos dos d\u00edas que han salido todas las procesiones en M\u00e1laga capital; falta hoy Martes Santo, que es el d\u00eda con un poco m\u00e1s de incertidumbre. Todo depender\u00e1 de los chubascos posfrontales y su direcci\u00f3n, algo parecido a lo del Domingo de Ramos, que al final cayeron en otras zonas de la provincia y en la capital no. En estas ocasiones el radar ayuda mucho. Por el interior de la provincia son m\u00e1s probables estos chubascos, pero como dije ayer, no los descarto en zonas de costa.<\/p>\n<p><strong>Atentos hoy, en algunas zonas de la provincia, a los probables arco\u00edris.<\/strong><\/p>\n<p><strong>Esta noche y madrugada del Mi\u00e9rcoles Santo har\u00e1 fresquito.<\/strong><\/p>\n<h3>Paraguas cerrados el Mi\u00e9rcoles Santo en la provincia de M\u00e1laga.<\/h3>\n<p>Ma\u00f1ana registraremos temperaturas m\u00ednimas de final de febrero a primera hora de la ma\u00f1ana.<\/p>\n<p>Os paso el mapa de temperaturas m\u00ednimas que prev\u00e9 ma\u00f1ana la Aemet en la provincia de M\u00e1laga.<\/p>\n<p>&nbsp;<\/p>\n<p><a href=\"https:\/\/static-blogs.diariosur.es\/wp-content\/uploads\/sites\/12\/2025\/04\/Captura-de-pantalla-2025-04-15-084256.jpg\"><img loading=\"lazy\" class=\"aligncenter size-full wp-image-44320\" src=\"https:\/\/static-blogs.diariosur.es\/wp-content\/uploads\/sites\/12\/2025\/04\/Captura-de-pantalla-2025-04-15-084256.jpg\" alt=\"\" width=\"1057\" height=\"831\" srcset=\"https:\/\/static-blogs.diariosur.es\/wp-content\/uploads\/sites\/12\/2025\/04\/Captura-de-pantalla-2025-04-15-084256.jpg 1057w, https:\/\/static-blogs.diariosur.es\/wp-content\/uploads\/sites\/12\/2025\/04\/Captura-de-pantalla-2025-04-15-084256-509x400.jpg 509w, https:\/\/static-blogs.diariosur.es\/wp-content\/uploads\/sites\/12\/2025\/04\/Captura-de-pantalla-2025-04-15-084256-519x408.jpg 519w, https:\/\/static-blogs.diariosur.es\/wp-content\/uploads\/sites\/12\/2025\/04\/Captura-de-pantalla-2025-04-15-084256-768x604.jpg 768w\" sizes=\"(max-width: 1057px) 100vw, 1057px\" \/><\/a><\/p>\n<p>&nbsp;<\/p>\n<p>&nbsp;<\/p>\n<p data-pm-slice=\"1 1 []\">Debido al viento, la sensaci\u00f3n t\u00e9rmica ser\u00e1 de m\u00e1s fr\u00edo.<\/p>\n<p>Se esperan rachas de moderadas a fuertes de poniente y terral de primavera.<\/p>\n<p>La probabilidad de precipitaciones es baja en toda la provincia de M\u00e1laga.<\/p>\n<p>&nbsp;<\/p>\n<p><strong>Autor de la foto: Luis Reina. El modelo, mi amigo Lasa Lasaeta\u00a0<\/strong><\/p>\n<p>&nbsp;<\/p>\n<p>&nbsp;<\/p>\n<p><a href=\"https:\/\/static-blogs.diariosur.es\/wp-content\/uploads\/sites\/12\/2025\/04\/490149540_1560913708201782_8558147127329696448_n-e1744696452858.jpg\"><img loading=\"lazy\" class=\"aligncenter size-full wp-image-44319\" src=\"https:\/\/static-blogs.diariosur.es\/wp-content\/uploads\/sites\/12\/2025\/04\/490149540_1560913708201782_8558147127329696448_n-e1744696452858.jpg\" alt=\"\" width=\"800\" height=\"1067\" \/><\/a><\/p>\n","protected":false},"excerpt":{"rendered":"<p>Muy buenos d\u00edas, amigos de la meteo. Se cumplieron los pron\u00f3sticos y el frente fr\u00edo lleg\u00f3 a la provincia de M\u00e1laga esta pasada madrugada; en M\u00e1laga capital lo hizo sobre las dos y cuarto. En algunos puntos de la provincia se han acumulado entre 1 y 5 mm; en la capital, 2 mm.\u00a0 Seg\u00fan informaciones [&hellip;]<\/p>\n","protected":false},"author":16,"featured_media":44319,"comment_status":"open","ping_status":"open","sticky":false,"template":"","format":"standard","meta":[],"categories":[2],"tags":[358,587,650,888,890,902],"_links":{"self":[{"href":"https:\/\/blogs.diariosur.es\/tormentas-y-rayos\/wp-json\/wp\/v2\/posts\/44318"}],"collection":[{"href":"https:\/\/blogs.diariosur.es\/tormentas-y-rayos\/wp-json\/wp\/v2\/posts"}],"about":[{"href":"https:\/\/blogs.diariosur.es\/tormentas-y-rayos\/wp-json\/wp\/v2\/types\/post"}],"author":[{"embeddable":true,"href":"https:\/\/blogs.diariosur.es\/tormentas-y-rayos\/wp-json\/wp\/v2\/users\/16"}],"replies":[{"embeddable":true,"href":"https:\/\/blogs.diariosur.es\/tormentas-y-rayos\/wp-json\/wp\/v2\/comments?post=44318"}],"version-history":[{"count":4,"href":"https:\/\/blogs.diariosur.es\/tormentas-y-rayos\/wp-json\/wp\/v2\/posts\/44318\/revisions"}],"predecessor-version":[{"id":46663,"href":"https:\/\/blogs.diariosur.es\/tormentas-y-rayos\/wp-json\/wp\/v2\/posts\/44318\/revisions\/46663"}],"wp:featuredmedia":[{"embeddable":true,"href":"https:\/\/blogs.diariosur.es\/tormentas-y-rayos\/wp-json\/wp\/v2\/media\/44319"}],"wp:attachment":[{"href":"https:\/\/blogs.diariosur.es\/tormentas-y-rayos\/wp-json\/wp\/v2\/media?parent=44318"}],"wp:term":[{"taxonomy":"category","embeddable":true,"href":"https:\/\/blogs.diariosur.es\/tormentas-y-rayos\/wp-json\/wp\/v2\/categories?post=44318"},{"taxonomy":"post_tag","embeddable":true,"href":"https:\/\/blogs.diariosur.es\/tormentas-y-rayos\/wp-json\/wp\/v2\/tags?post=44318"}],"curies":[{"name":"wp","href":"https:\/\/api.w.org\/{rel}","templated":true}]}}