{"id":44331,"date":"2025-04-16T08:39:11","date_gmt":"2025-04-16T06:39:11","guid":{"rendered":"https:\/\/blogs.diariosur.es\/tormentas-y-rayos\/?p=44331"},"modified":"2025-10-05T19:37:59","modified_gmt":"2025-10-05T17:37:59","slug":"que-podemos-esperar-del-jueves-santo-en-la-provincia-de-malaga-madrugada-de-invierno-en-andalucia","status":"publish","type":"post","link":"https:\/\/blogs.diariosur.es\/tormentas-y-rayos\/2025\/04\/16\/que-podemos-esperar-del-jueves-santo-en-la-provincia-de-malaga-madrugada-de-invierno-en-andalucia\/","title":{"rendered":"\u00bfQu\u00e9 podemos esperar del Jueves Santo en la provincia de M\u00e1laga? Madrugada de invierno en Andaluc\u00eda"},"content":{"rendered":"<p><a href=\"https:\/\/static-blogs.diariosur.es\/wp-content\/uploads\/sites\/12\/2025\/03\/485061785_10232007549910525_80981998006536982_n.jpg\"><img loading=\"lazy\" class=\"aligncenter size-thumbnail wp-image-43954\" src=\"https:\/\/static-blogs.diariosur.es\/wp-content\/uploads\/sites\/12\/2025\/03\/485061785_10232007549910525_80981998006536982_n-150x150.jpg\" alt=\"\" width=\"150\" height=\"150\" \/><\/a><\/p>\n<p data-pm-slice=\"1 1 []\">Muy buenos d\u00edas fresquitos, amigos de la meteo. He tenido que coger el chaquet\u00f3n otra vez para ir a desayunar hoy a las siete de la ma\u00f1ana; mi cafelito y mi churro no los perdono. El viento ha hecho que la sensaci\u00f3n t\u00e9rmica sea de m\u00e1s fr\u00edo. Seg\u00fan la temperatura de mi barrio, he calculado una sensaci\u00f3n t\u00e9rmica de 8 \u00baC.<\/p>\n<p>Os pongo algunas temperaturas m\u00ednimas que se han registrado en capitales de Andaluc\u00eda y en algunos pueblos de la provincia de M\u00e1laga y Andaluc\u00eda.<\/p>\n<p><strong>Fuente: Aemet y Meteoclimatic<\/strong><\/p>\n<p>M\u00e1laga Aeropuerto 10,1 \u00baC<\/p>\n<p>Antequera 4,1 \u00baC<\/p>\n<p>Ronda\u00a04,2 \u00baC<\/p>\n<p>Nerja 9,9 \u00baC<\/p>\n<p>Gauc\u00edn\u00a05,8 \u00baC<\/p>\n<p>Alpandeire\u00a06 \u00baC<\/p>\n<p>Cortes de la Frontera 6,3 \u00baC<\/p>\n<p>Archidona &#8211; Norte\u00a03,5 \u00baC<\/p>\n<p>Mijas Pueblo\u00a07,9 \u00baC<\/p>\n<p>C\u00f3rdoba Aeropuerto<\/p>\n<p>Granada Aeropuerto<\/p>\n<p>Sevilla Aeropuerto 9,1 \u00baC<\/p>\n<p>Almer\u00eda Aeropuerto 12,9 \u00baC<\/p>\n<p>Ja\u00e9n 5,4 \u00b0C<\/p>\n<p>C\u00e1diz\u00a013,3 \u00baC<\/p>\n<p>Huelva 7 \u00b0C<\/p>\n<p>Jerez de la Frontera\u00a06,8 \u00baC<\/p>\n<p>Cazalla de la Sierra 1,7 \u00b0C<\/p>\n<p>Hu\u00e9scar 2,2 \u00b0C<\/p>\n<p>Villanueva de C\u00f3rdoba\u00a01,6 \u00baC<\/p>\n<p>El fuerte aguacero que cay\u00f3 ayer por la tarde en M\u00e1laga capital iba acompa\u00f1ado de rachas fuertes de viento y granizo menudo.<\/p>\n<p>&nbsp;<\/p>\n<p><iframe loading=\"lazy\" title=\"Fuerte aguacero acompa\u00f1ado de granizo y rachas fuertes de viento en M\u00e1laga capital, Martes Santo\" width=\"500\" height=\"281\" src=\"https:\/\/www.youtube.com\/embed\/PnjBJnz6Ihc?feature=oembed\" frameborder=\"0\" allow=\"accelerometer; autoplay; clipboard-write; encrypted-media; gyroscope; picture-in-picture; web-share\" referrerpolicy=\"strict-origin-when-cross-origin\" allowfullscreen><\/iframe><\/p>\n<p>&nbsp;<\/p>\n<p>Como os comente ayer.<\/p>\n<p><a href=\"https:\/\/blogs.diariosur.es\/tormentas-y-rayos\/2025\/04\/15\/paraguas-cerrados-el-miercoles-santo-en-la-provincia-de-malaga\/\"><span style=\"color: #ff0000;\"><strong>PARAGUAS CERRADOS MI\u00c9RCOLES SANTO<\/strong><\/span><\/a><\/p>\n<p>&nbsp;<\/p>\n<h3><span style=\"color: #ff00ff;\"><strong>\u00bfQu\u00e9 podemos esperar del Jueves Santo en la provincia de M\u00e1laga?<\/strong><\/span><\/h3>\n<p>Os pongo primero las temperaturas m\u00e1ximas y m\u00ednimas que prev\u00e9 la Aemet. Las m\u00ednimas se recuperan y sobre todo las m\u00e1ximas.<\/p>\n<p>&nbsp;<\/p>\n<p><a href=\"https:\/\/static-blogs.diariosur.es\/wp-content\/uploads\/sites\/12\/2025\/04\/jueves-santo.jpg\"><img loading=\"lazy\" class=\"aligncenter size-full wp-image-44333\" src=\"https:\/\/static-blogs.diariosur.es\/wp-content\/uploads\/sites\/12\/2025\/04\/jueves-santo.jpg\" alt=\"\" width=\"1035\" height=\"823\" srcset=\"https:\/\/static-blogs.diariosur.es\/wp-content\/uploads\/sites\/12\/2025\/04\/jueves-santo.jpg 1035w, https:\/\/static-blogs.diariosur.es\/wp-content\/uploads\/sites\/12\/2025\/04\/jueves-santo-503x400.jpg 503w, https:\/\/static-blogs.diariosur.es\/wp-content\/uploads\/sites\/12\/2025\/04\/jueves-santo-513x408.jpg 513w, https:\/\/static-blogs.diariosur.es\/wp-content\/uploads\/sites\/12\/2025\/04\/jueves-santo-768x611.jpg 768w\" sizes=\"(max-width: 1035px) 100vw, 1035px\" \/><\/a><\/p>\n<p>&nbsp;<\/p>\n<p>&nbsp;<\/p>\n<p>&nbsp;<\/p>\n<p data-pm-slice=\"1 1 []\">En cuanto al viento, seguir\u00e1 soplando de poniente y terral de primavera con rachas moderadas; ir\u00e1n a menos por la tarde noche.<\/p>\n<p><strong>La probabilidad de precipitaciones es muy baja en M\u00e1laga capital durante todo el d\u00eda y madrugada del Viernes Santo.<\/strong><\/p>\n<p><strong>En zonas, no todas, de las comarcas de Ronda, Antequera y zona interior m\u00e1s occidental del Valle del Genal, pueden darse chubascos muy d\u00e9biles y espor\u00e1dicos por la ma\u00f1ana. En la Axarqu\u00eda, la probabilidad es baja.<\/strong><\/p>\n<p>Os dejo con esta bonita foto que hice hace unos d\u00edas en el Embalse del Limonero.<\/p>\n<p>&nbsp;<\/p>\n<p><a href=\"https:\/\/static-blogs.diariosur.es\/wp-content\/uploads\/sites\/12\/2025\/04\/489931169_10232225973970990_837217350354063837_n-e1744785215260.jpg\"><img loading=\"lazy\" class=\"aligncenter size-full wp-image-44335\" src=\"https:\/\/static-blogs.diariosur.es\/wp-content\/uploads\/sites\/12\/2025\/04\/489931169_10232225973970990_837217350354063837_n-e1744785215260.jpg\" alt=\"\" width=\"1000\" height=\"750\" \/><\/a><\/p>\n<p>&nbsp;<\/p>\n","protected":false},"excerpt":{"rendered":"<p>Muy buenos d\u00edas fresquitos, amigos de la meteo. He tenido que coger el chaquet\u00f3n otra vez para ir a desayunar hoy a las siete de la ma\u00f1ana; mi cafelito y mi churro no los perdono. El viento ha hecho que la sensaci\u00f3n t\u00e9rmica sea de m\u00e1s fr\u00edo. Seg\u00fan la temperatura de mi barrio, he calculado [&hellip;]<\/p>\n","protected":false},"author":16,"featured_media":44335,"comment_status":"open","ping_status":"open","sticky":false,"template":"","format":"standard","meta":[],"categories":[2],"tags":[358,536,587,800,888,902],"_links":{"self":[{"href":"https:\/\/blogs.diariosur.es\/tormentas-y-rayos\/wp-json\/wp\/v2\/posts\/44331"}],"collection":[{"href":"https:\/\/blogs.diariosur.es\/tormentas-y-rayos\/wp-json\/wp\/v2\/posts"}],"about":[{"href":"https:\/\/blogs.diariosur.es\/tormentas-y-rayos\/wp-json\/wp\/v2\/types\/post"}],"author":[{"embeddable":true,"href":"https:\/\/blogs.diariosur.es\/tormentas-y-rayos\/wp-json\/wp\/v2\/users\/16"}],"replies":[{"embeddable":true,"href":"https:\/\/blogs.diariosur.es\/tormentas-y-rayos\/wp-json\/wp\/v2\/comments?post=44331"}],"version-history":[{"count":5,"href":"https:\/\/blogs.diariosur.es\/tormentas-y-rayos\/wp-json\/wp\/v2\/posts\/44331\/revisions"}],"predecessor-version":[{"id":46662,"href":"https:\/\/blogs.diariosur.es\/tormentas-y-rayos\/wp-json\/wp\/v2\/posts\/44331\/revisions\/46662"}],"wp:featuredmedia":[{"embeddable":true,"href":"https:\/\/blogs.diariosur.es\/tormentas-y-rayos\/wp-json\/wp\/v2\/media\/44335"}],"wp:attachment":[{"href":"https:\/\/blogs.diariosur.es\/tormentas-y-rayos\/wp-json\/wp\/v2\/media?parent=44331"}],"wp:term":[{"taxonomy":"category","embeddable":true,"href":"https:\/\/blogs.diariosur.es\/tormentas-y-rayos\/wp-json\/wp\/v2\/categories?post=44331"},{"taxonomy":"post_tag","embeddable":true,"href":"https:\/\/blogs.diariosur.es\/tormentas-y-rayos\/wp-json\/wp\/v2\/tags?post=44331"}],"curies":[{"name":"wp","href":"https:\/\/api.w.org\/{rel}","templated":true}]}}