{"id":44343,"date":"2025-04-18T12:17:34","date_gmt":"2025-04-18T10:17:34","guid":{"rendered":"https:\/\/blogs.diariosur.es\/tormentas-y-rayos\/?p=44343"},"modified":"2025-10-05T19:34:03","modified_gmt":"2025-10-05T17:34:03","slug":"en-que-zonas-de-la-provincia-de-malaga-hay-probabilidad-de-precipitaciones-el-sabado-de-gloria-y-domingo-de-resurreccion","status":"publish","type":"post","link":"https:\/\/blogs.diariosur.es\/tormentas-y-rayos\/2025\/04\/18\/en-que-zonas-de-la-provincia-de-malaga-hay-probabilidad-de-precipitaciones-el-sabado-de-gloria-y-domingo-de-resurreccion\/","title":{"rendered":"\u00bfEn que zonas de la provincia de M\u00e1laga hay probabilidad de precipitaciones el S\u00e1bado de Gloria y Domingo de Resurrecci\u00f3n?"},"content":{"rendered":"<p><a href=\"https:\/\/static-blogs.diariosur.es\/wp-content\/uploads\/sites\/12\/2025\/03\/485061785_10232007549910525_80981998006536982_n-1.jpg\"><img loading=\"lazy\" class=\"aligncenter size-thumbnail wp-image-43964\" src=\"https:\/\/static-blogs.diariosur.es\/wp-content\/uploads\/sites\/12\/2025\/03\/485061785_10232007549910525_80981998006536982_n-1-150x150.jpg\" alt=\"\" width=\"150\" height=\"150\" \/><\/a><\/p>\n<p data-pm-slice=\"1 1 []\">Muy buenos d\u00edas, amigos de la meteo. Acabamos de llegar de La Vi\u00f1uela mi cu\u00f1ado Jos\u00e9 y yo. Hemos alucinado con el cambio de enero de 2024 con hoy abril de 2025. Recordar que enero de 2024 estaba al 7,4% y hoy casi al 50%. El lunes os pondr\u00e9 un bonito reportaje de un antes y despu\u00e9s.<\/p>\n<p><strong>\u00bfEn qu\u00e9 zonas de la provincia de M\u00e1laga hay probabilidad de precipitaciones el S\u00e1bado de Gloria y Domingo de Resurrecci\u00f3n?<\/strong><\/p>\n<p>Seguimos con una primavera en estado puro; una borrasca se situar\u00e1 ma\u00f1ana al norte de Galicia; os pongo el mapa de superficie de la Aemet. De todas formas, no espero mucha precipitaci\u00f3n.<\/p>\n<p>&nbsp;<\/p>\n<p>&nbsp;<\/p>\n<p><a href=\"https:\/\/static-blogs.diariosur.es\/wp-content\/uploads\/sites\/12\/2025\/04\/2025041712048_ww_g1x0a2d2-1-e1744969721880.gif\"><img loading=\"lazy\" class=\"aligncenter size-full wp-image-44345\" src=\"https:\/\/static-blogs.diariosur.es\/wp-content\/uploads\/sites\/12\/2025\/04\/2025041712048_ww_g1x0a2d2-1-e1744969721880.gif\" alt=\"\" width=\"1000\" height=\"700\" \/><\/a><\/p>\n<p>&nbsp;<\/p>\n<p data-pm-slice=\"1 1 []\">EL S\u00e1bado de Gloria, la probabilidad mayor de <strong>precipitaciones d\u00e9biles<\/strong> ser\u00eda durante la madrugada y primeras horas de la ma\u00f1ana por el interior de la provincia; por la tarde baja la probabilidad. En zona de costa, salvo sorpresa, no la espero. El viento soplar\u00e1 moderado del noroeste.<\/p>\n<p>Os pongo los probables acumulados que se dar\u00edan y las temperaturas m\u00e1ximas que prev\u00e9 la aemet.<\/p>\n<p>&nbsp;<\/p>\n<p><a href=\"https:\/\/static-blogs.diariosur.es\/wp-content\/uploads\/sites\/12\/2025\/04\/sabado.jpg\"><img loading=\"lazy\" class=\"aligncenter size-full wp-image-44346\" src=\"https:\/\/static-blogs.diariosur.es\/wp-content\/uploads\/sites\/12\/2025\/04\/sabado.jpg\" alt=\"\" width=\"1144\" height=\"1236\" srcset=\"https:\/\/static-blogs.diariosur.es\/wp-content\/uploads\/sites\/12\/2025\/04\/sabado.jpg 1144w, https:\/\/static-blogs.diariosur.es\/wp-content\/uploads\/sites\/12\/2025\/04\/sabado-370x400.jpg 370w, https:\/\/static-blogs.diariosur.es\/wp-content\/uploads\/sites\/12\/2025\/04\/sabado-378x408.jpg 378w, https:\/\/static-blogs.diariosur.es\/wp-content\/uploads\/sites\/12\/2025\/04\/sabado-768x830.jpg 768w\" sizes=\"(max-width: 1144px) 100vw, 1144px\" \/><\/a><\/p>\n<p>&nbsp;<\/p>\n<p><a href=\"https:\/\/static-blogs.diariosur.es\/wp-content\/uploads\/sites\/12\/2025\/04\/sabado-tempertura.jpg\"><img loading=\"lazy\" class=\"aligncenter size-full wp-image-44347\" src=\"https:\/\/static-blogs.diariosur.es\/wp-content\/uploads\/sites\/12\/2025\/04\/sabado-tempertura.jpg\" alt=\"\" width=\"1047\" height=\"814\" srcset=\"https:\/\/static-blogs.diariosur.es\/wp-content\/uploads\/sites\/12\/2025\/04\/sabado-tempertura.jpg 1047w, https:\/\/static-blogs.diariosur.es\/wp-content\/uploads\/sites\/12\/2025\/04\/sabado-tempertura-514x400.jpg 514w, https:\/\/static-blogs.diariosur.es\/wp-content\/uploads\/sites\/12\/2025\/04\/sabado-tempertura-525x408.jpg 525w, https:\/\/static-blogs.diariosur.es\/wp-content\/uploads\/sites\/12\/2025\/04\/sabado-tempertura-768x597.jpg 768w\" sizes=\"(max-width: 1047px) 100vw, 1047px\" \/><\/a><\/p>\n<p>&nbsp;<\/p>\n<p data-pm-slice=\"1 1 []\">El Domingo de Resurrecci\u00f3n, tendremos aire fr\u00edo en altura que puede traer chubascos en cualquier punto de la provincia malague\u00f1a, siendo m\u00e1s probables a partir de la tarde. En zona de costa, la probabilidad es baja.<\/p>\n<p><strong>Esto que os comento estar\u00e1 m\u00e1s claro ma\u00f1ana para ver si le puede afectar al Resucitado.<\/strong><\/p>\n<p>Tendremos rachas de moderadas a fuertes de poniente y terral de primavera.<\/p>\n<p>Os pongo los probables acumulados y las temperaturas m\u00e1ximas y m\u00ednimas que prev\u00e9 la Aemet.<\/p>\n<p>&nbsp;<\/p>\n<p><a href=\"https:\/\/static-blogs.diariosur.es\/wp-content\/uploads\/sites\/12\/2025\/04\/domingo.jpg\"><img loading=\"lazy\" class=\"aligncenter size-full wp-image-44348\" src=\"https:\/\/static-blogs.diariosur.es\/wp-content\/uploads\/sites\/12\/2025\/04\/domingo.jpg\" alt=\"\" width=\"1150\" height=\"1215\" srcset=\"https:\/\/static-blogs.diariosur.es\/wp-content\/uploads\/sites\/12\/2025\/04\/domingo.jpg 1150w, https:\/\/static-blogs.diariosur.es\/wp-content\/uploads\/sites\/12\/2025\/04\/domingo-379x400.jpg 379w, https:\/\/static-blogs.diariosur.es\/wp-content\/uploads\/sites\/12\/2025\/04\/domingo-386x408.jpg 386w, https:\/\/static-blogs.diariosur.es\/wp-content\/uploads\/sites\/12\/2025\/04\/domingo-768x811.jpg 768w\" sizes=\"(max-width: 1150px) 100vw, 1150px\" \/><\/a><\/p>\n<p>&nbsp;<\/p>\n<p><a href=\"https:\/\/static-blogs.diariosur.es\/wp-content\/uploads\/sites\/12\/2025\/04\/domingo-tempertura.jpg\"><img loading=\"lazy\" class=\"aligncenter size-full wp-image-44349\" src=\"https:\/\/static-blogs.diariosur.es\/wp-content\/uploads\/sites\/12\/2025\/04\/domingo-tempertura.jpg\" alt=\"\" width=\"1032\" height=\"820\" srcset=\"https:\/\/static-blogs.diariosur.es\/wp-content\/uploads\/sites\/12\/2025\/04\/domingo-tempertura.jpg 1032w, https:\/\/static-blogs.diariosur.es\/wp-content\/uploads\/sites\/12\/2025\/04\/domingo-tempertura-503x400.jpg 503w, https:\/\/static-blogs.diariosur.es\/wp-content\/uploads\/sites\/12\/2025\/04\/domingo-tempertura-513x408.jpg 513w, https:\/\/static-blogs.diariosur.es\/wp-content\/uploads\/sites\/12\/2025\/04\/domingo-tempertura-768x610.jpg 768w\" sizes=\"(max-width: 1032px) 100vw, 1032px\" \/><\/a><\/p>\n<p>&nbsp;<\/p>\n<p>Ma\u00f1ana os digo si al Resucitado le puede afectar alg\u00fan chubasco.<\/p>\n","protected":false},"excerpt":{"rendered":"<p>Muy buenos d\u00edas, amigos de la meteo. Acabamos de llegar de La Vi\u00f1uela mi cu\u00f1ado Jos\u00e9 y yo. Hemos alucinado con el cambio de enero de 2024 con hoy abril de 2025. Recordar que enero de 2024 estaba al 7,4% y hoy casi al 50%. El lunes os pondr\u00e9 un bonito reportaje de un antes [&hellip;]<\/p>\n","protected":false},"author":16,"featured_media":44350,"comment_status":"open","ping_status":"open","sticky":false,"template":"","format":"standard","meta":[],"categories":[2],"tags":[340,358,450,587,1321,877,2025,902],"_links":{"self":[{"href":"https:\/\/blogs.diariosur.es\/tormentas-y-rayos\/wp-json\/wp\/v2\/posts\/44343"}],"collection":[{"href":"https:\/\/blogs.diariosur.es\/tormentas-y-rayos\/wp-json\/wp\/v2\/posts"}],"about":[{"href":"https:\/\/blogs.diariosur.es\/tormentas-y-rayos\/wp-json\/wp\/v2\/types\/post"}],"author":[{"embeddable":true,"href":"https:\/\/blogs.diariosur.es\/tormentas-y-rayos\/wp-json\/wp\/v2\/users\/16"}],"replies":[{"embeddable":true,"href":"https:\/\/blogs.diariosur.es\/tormentas-y-rayos\/wp-json\/wp\/v2\/comments?post=44343"}],"version-history":[{"count":4,"href":"https:\/\/blogs.diariosur.es\/tormentas-y-rayos\/wp-json\/wp\/v2\/posts\/44343\/revisions"}],"predecessor-version":[{"id":46659,"href":"https:\/\/blogs.diariosur.es\/tormentas-y-rayos\/wp-json\/wp\/v2\/posts\/44343\/revisions\/46659"}],"wp:featuredmedia":[{"embeddable":true,"href":"https:\/\/blogs.diariosur.es\/tormentas-y-rayos\/wp-json\/wp\/v2\/media\/44350"}],"wp:attachment":[{"href":"https:\/\/blogs.diariosur.es\/tormentas-y-rayos\/wp-json\/wp\/v2\/media?parent=44343"}],"wp:term":[{"taxonomy":"category","embeddable":true,"href":"https:\/\/blogs.diariosur.es\/tormentas-y-rayos\/wp-json\/wp\/v2\/categories?post=44343"},{"taxonomy":"post_tag","embeddable":true,"href":"https:\/\/blogs.diariosur.es\/tormentas-y-rayos\/wp-json\/wp\/v2\/tags?post=44343"}],"curies":[{"name":"wp","href":"https:\/\/api.w.org\/{rel}","templated":true}]}}