{"id":44377,"date":"2025-04-20T09:36:31","date_gmt":"2025-04-20T07:36:31","guid":{"rendered":"https:\/\/blogs.diariosur.es\/tormentas-y-rayos\/?p=44377"},"modified":"2025-10-05T19:30:47","modified_gmt":"2025-10-05T17:30:47","slug":"a-vuestra-pregunta-es-normal-lo-que-esta-pasando-en-abril-avance-del-tiempo-para-la-semana-que-viene-en-la-provincia-de-malaga","status":"publish","type":"post","link":"https:\/\/blogs.diariosur.es\/tormentas-y-rayos\/2025\/04\/20\/a-vuestra-pregunta-es-normal-lo-que-esta-pasando-en-abril-avance-del-tiempo-para-la-semana-que-viene-en-la-provincia-de-malaga\/","title":{"rendered":"A vuestra pregunta \u00bfEs normal lo que est\u00e1 pasando en abril? Avance del tiempo para la semana que viene en la provincia de M\u00e1laga"},"content":{"rendered":"<p><a href=\"https:\/\/static-blogs.diariosur.es\/wp-content\/uploads\/sites\/12\/2025\/03\/130738248_10221381944997043_6257362087676436516_n.jpg\"><img loading=\"lazy\" class=\"aligncenter size-thumbnail wp-image-44057\" src=\"https:\/\/static-blogs.diariosur.es\/wp-content\/uploads\/sites\/12\/2025\/03\/130738248_10221381944997043_6257362087676436516_n-150x150.jpg\" alt=\"\" width=\"150\" height=\"150\" srcset=\"https:\/\/static-blogs.diariosur.es\/wp-content\/uploads\/sites\/12\/2025\/03\/130738248_10221381944997043_6257362087676436516_n-150x150.jpg 150w, https:\/\/static-blogs.diariosur.es\/wp-content\/uploads\/sites\/12\/2025\/03\/130738248_10221381944997043_6257362087676436516_n-400x400.jpg 400w, https:\/\/static-blogs.diariosur.es\/wp-content\/uploads\/sites\/12\/2025\/03\/130738248_10221381944997043_6257362087676436516_n-408x408.jpg 408w, https:\/\/static-blogs.diariosur.es\/wp-content\/uploads\/sites\/12\/2025\/03\/130738248_10221381944997043_6257362087676436516_n.jpg 768w\" sizes=\"(max-width: 150px) 100vw, 150px\" \/><\/a><\/p>\n<p>Muy buenos d\u00edas, amigos de la meteo. Antes de contestar a vuestra pregunta, os doy un avance de tiempo para el lunes y martes. El viento de poniente y terral de primavera seguir\u00e1 de protagonista. La probabilidad de precipitaciones es baja.<\/p>\n<p>Os pongo la temperatura m\u00e1xima que prev\u00e9 ma\u00f1ana lunes la aemet.<\/p>\n<p>&nbsp;<\/p>\n<p><a href=\"https:\/\/static-blogs.diariosur.es\/wp-content\/uploads\/sites\/12\/2025\/04\/lunes.jpg\"><img loading=\"lazy\" class=\"aligncenter size-full wp-image-44383\" src=\"https:\/\/static-blogs.diariosur.es\/wp-content\/uploads\/sites\/12\/2025\/04\/lunes.jpg\" alt=\"\" width=\"1042\" height=\"817\" srcset=\"https:\/\/static-blogs.diariosur.es\/wp-content\/uploads\/sites\/12\/2025\/04\/lunes.jpg 1042w, https:\/\/static-blogs.diariosur.es\/wp-content\/uploads\/sites\/12\/2025\/04\/lunes-510x400.jpg 510w, https:\/\/static-blogs.diariosur.es\/wp-content\/uploads\/sites\/12\/2025\/04\/lunes-520x408.jpg 520w, https:\/\/static-blogs.diariosur.es\/wp-content\/uploads\/sites\/12\/2025\/04\/lunes-768x602.jpg 768w\" sizes=\"(max-width: 1042px) 100vw, 1042px\" \/><\/a><\/p>\n<p>&nbsp;<\/p>\n<p>Y las m\u00ednimas y m\u00e1ximas para el martes<\/p>\n<p>&nbsp;<\/p>\n<p><a href=\"https:\/\/static-blogs.diariosur.es\/wp-content\/uploads\/sites\/12\/2025\/04\/martes-1.jpg\"><img loading=\"lazy\" class=\"aligncenter size-full wp-image-44384\" src=\"https:\/\/static-blogs.diariosur.es\/wp-content\/uploads\/sites\/12\/2025\/04\/martes-1.jpg\" alt=\"\" width=\"1045\" height=\"828\" srcset=\"https:\/\/static-blogs.diariosur.es\/wp-content\/uploads\/sites\/12\/2025\/04\/martes-1.jpg 1045w, https:\/\/static-blogs.diariosur.es\/wp-content\/uploads\/sites\/12\/2025\/04\/martes-1-505x400.jpg 505w, https:\/\/static-blogs.diariosur.es\/wp-content\/uploads\/sites\/12\/2025\/04\/martes-1-515x408.jpg 515w, https:\/\/static-blogs.diariosur.es\/wp-content\/uploads\/sites\/12\/2025\/04\/martes-1-768x609.jpg 768w\" sizes=\"(max-width: 1045px) 100vw, 1045px\" \/><\/a><\/p>\n<p>&nbsp;<\/p>\n<h3 data-pm-slice=\"1 1 []\"><strong>\u00bfEs normal lo que est\u00e1 pasando en abril?<\/strong><\/h3>\n<p>Es totalmente normal, es la primavera en estado puro. Desde hace unos a\u00f1os no se daban estos cambios de tiempo tan bruscos, que todos hemos sentido en lo que llevamos del mes de abril. Daros cuenta de que la primavera es la transici\u00f3n del invierno al verano. En el mes de abril, la temperatura media es m\u00e1s baja en toda la pen\u00ednsula compar\u00e1ndola con el mes de octubre, que ya es oto\u00f1o.<\/p>\n<p>La media en el Aeropuerto de M\u00e1laga en abril es de 16,3 \u00baC, en octubre de 19,5 \u00baC. Lo mismo pasa con la media de las m\u00e1ximas y m\u00ednimas, como pod\u00e9is ver a continuaci\u00f3n.<\/p>\n<p>&nbsp;<\/p>\n<p><a href=\"https:\/\/static-blogs.diariosur.es\/wp-content\/uploads\/sites\/12\/2025\/04\/Captura-de-pantalla-2025-04-20-084941-e1745131872779.jpg\"><img loading=\"lazy\" class=\"aligncenter size-full wp-image-44379\" src=\"https:\/\/static-blogs.diariosur.es\/wp-content\/uploads\/sites\/12\/2025\/04\/Captura-de-pantalla-2025-04-20-084941-e1745131872779.jpg\" alt=\"\" width=\"1200\" height=\"1146\" \/><\/a><\/p>\n<h3><\/h3>\n<p>Cuando este a\u00f1o entre el oto\u00f1o, es al rev\u00e9s, es la transici\u00f3n del verano al invierno.<\/p>\n<h3><\/h3>\n<h3><a href=\"https:\/\/blogs.diariosur.es\/tormentas-y-rayos\/wp-admin\/post.php?post=44159&amp;action=edit\"><strong>A principios de mes os puse las efem\u00e9rides del mes de abril hasta el d\u00eda 15 y valores extremos<\/strong><\/a><\/h3>\n<p>Os pongo ahora las efem\u00e9rides desde el 16 al 30 de abril<\/p>\n<p>&nbsp;<\/p>\n<ul>\n<li>16 abril 1624 Fuerte viento de levante en Barcelona.<\/li>\n<li>16 abril 1942 En Mallorca, se recogen 270 l\/m2 en Valldemossa Son Pacs y Bunyola s&#8217;Alqueria d&#8217;Avall y, en Escorca Gorg Blau, 177,4 l\/m2 y 151,2 al d\u00eda siguiente.<\/li>\n<li>16 abril 2010 A las 10,00 h, se origina un tornado de 40 m de di\u00e1metro durante 15 minutos en Cartaya (Huelva) que destroza plantaciones y tendidos el\u00e9ctricos.<\/li>\n<li>17 abril 1614 Pedrisco en Valencia.<\/li>\n<li>17 abril 2006 Precipitaci\u00f3n de 50,1 l\/m2 en el aeropuerto de Palma de Mallorca.<\/li>\n<li>18 abril 1865 Inundaci\u00f3n en el delta del Llobregat.<\/li>\n<li>18 abril 2003 Precipitaci\u00f3n de 44,4 l\/m2 en Valladolid, con una intensidad m\u00e1xima de 72 l\/m2\/h.<\/li>\n<li>18 abril 2017 Temperatura m\u00e1xima de 34\u00b0C en el aeropuerto de C\u00f3rdoba.<\/li>\n<li>18 abril 2019 Un temporal inusual por las fechas en que se produjo se sald\u00f3 con precipitaciones torrenciales en el \u00e1rea mediterr\u00e1nea desde este d\u00eda hasta el 22. En puntos de la Comunitat Valenciana se acumularon m\u00e1s de 200 l\/m\u00b2 en tan solo 3 o 4 horas. Tambi\u00e9n se registraron efem\u00e9rides de lluvia para el mes de abril en la Regi\u00f3n de Murcia. En la capital, se registraron 78 l\/m\u00b2 el d\u00eda 19.<\/li>\n<li>19 abril 1465 Riada del Segura que rompe la acequia de Condomina y queda la ciudad de Murcia cercada por el agua.<\/li>\n<li>19 abril 1801 Inundaci\u00f3n en Girona.<\/li>\n<li>20 abril 1641 Se registran heladas en Sevilla.<\/li>\n<li>20 abril 1878 Una galerna provoca el fallecimiento de 300 pescadores en la costa c\u00e1ntabra y vasca y el hundimiento de 16 lanchas. Jos\u00e9 Mar\u00eda de Pereda la inmortaliza en su novela &#8220;Sotileza&#8221;.<\/li>\n<li>20 abril 1946 Riada del Segura con varios d\u00edas de desbordamientos que causan varias v\u00edctimas y centenares de casas destruidas. Se recogen 180,6 l\/m2 en San Miguel de Salinas, 136 l\/m2 en Fuente \u00c1lamo, 113 l\/m2 en Totana y 109 l\/m2 en Orihuela.<\/li>\n<li>20 abril 2017 Se registra una racha m\u00e1xima de 100 Km\/h en la base naval de Rota (C\u00e1diz).<\/li>\n<li>20 abril 2022 Una masa de aire fr\u00edo, junto con la presencia de una borrasca en el \u00e1rea mediterr\u00e1nea, provoca nevadas tard\u00edas en cotas relativamente bajas de la Pen\u00ednsula. Navacerrada registra una de sus mayores nevadas en el mes de abril: se acumulan 36 cent\u00edmetros en 24 horas.<\/li>\n<li>21 abril 2007 Se registra en Melilla una precipitaci\u00f3n de 86,8 l\/m2 en 24 horas.<\/li>\n<li>21 abril 2014 Intensidad m\u00e1xima de 40,8 l\/m2\/h en Vitoria-Foronda.<\/li>\n<li>22 abril 1981 Se recogen 210 l\/m2 con granizo en Alar\u00f3 Son Fuster (Baleares).<\/li>\n<li>22 abril 2000 Temperatura m\u00e1xima de 32 \u00b0C en Muro s&#8217;Albufera y Sa Pobla (Sa Canova), en Mallorca.<\/li>\n<li>23 abril 1521 Los lodos ocasionados por la fuerte lluvia dificultan los movimientos del ej\u00e9rcito de Padilla a la vista de Villalar (Valladolid).<\/li>\n<li>24 abril 1636 Avenida del r\u00edo Cidacos en Calahorra (La Rioja).<\/li>\n<li>24 abril 2023 Se registra un episodio c\u00e1lido muy inusual para la \u00e9poca, que se prolonga hasta el d\u00eda 29, y en el que se registran valores por encima de 35 \u00b0C en numerosos puntos del sur peninsular, con varias efem\u00e9rides de temperaturas m\u00e1ximas y m\u00ednimas para el mes de abril.<\/li>\n<li>25 abril 1890 Galerna en el Cant\u00e1brico y en el golfo de Vizcaya.<\/li>\n<li>25 abril 2017 Se registran 8.0 l\/m\u00b2 de precipitaci\u00f3n en 10 minutos en Colmenar Viejo (Madrid) y una temperatura m\u00ednima de 13.4\u00b0C en Torrej\u00f3n de Ardoz (Madrid) y de 14.7\u00b0C en Almagro (Ciudad Real)<\/li>\n<li>26 abril 1603 Temporal marino en Barcelona que da\u00f1a el baluarte de la Drassana.<\/li>\n<li>26 abril 1967 Racha de 189 km\/h en el observatorio de Montseny.<\/li>\n<li>26 abril 1970 Racha de 110 km\/h en el observatorio de Badajoz-&#8220;Talavera&#8221;.<\/li>\n<li>26 abril 2012 Rachas superiores a 100 km\/h en varias estaciones de Navarra. En Gorramendi alcanzan los 136 km\/h.<\/li>\n<li>27 abril 1397 Un pedrisco del tama\u00f1o de nueces y huevos de gallina, sin agua, en Santes Creus ocasiona la p\u00e9rdida de la casi total de las cosechas.<\/li>\n<li>27 abril 1426 Ante la gran falta de agua en Madrid, se saca en rogativa el cuerpo de San Isidro.<\/li>\n<li>27 abril 1567 Rogativas por la sequ\u00eda en Barcelona.<\/li>\n<li>27 abril 2012 M\u00e1ximas en Mallorca: Sa Pobla con 33,1 \u00b0C, Muro con 32,2 \u00b0C, Pollen\u00e7a con 31,6 \u00b0C y Lloseta son Batlle con 31 \u00b0C. En Menorca: es Mercadal Son Ametller con 30,5 \u00b0C y el aeropuerto con 27,7 \u00b0C.<\/li>\n<li>27 abril 2017 Jornada muy lluviosa en muchos puntos de Andaluc\u00eda Occidental y Ceuta. En el Observatorio de Huelva \/ Ronda Este se recogen 82, 40 l\/m\u00b2. en 24 horas.<\/li>\n<li>27 abril 2023 En el seno de un episodio c\u00e1lido muy inusual para la \u00e9poca, en C\u00f3rdoba\/Aeropuerto se registra una temperatura m\u00e1xima de 38.8 \u00b0C, que es la temperatura m\u00e1s alta registrada un mes de abril en la red de estaciones de referencia de AEMET.<\/li>\n<li>28 abril 1661 Riada del r\u00edo Pir\u00f3n en Segovia.<\/li>\n<li>28 abril 1994 Episodio c\u00e1lido de tres d\u00edas en el archipi\u00e9lago Canario. La temperatura media es de 24,1 \u00b0C, unos 6 \u00b0C por encima del valor normal del mes.<\/li>\n<li>28 abril 2003 Temperatura m\u00e1xima de 30,2 \u00b0C en Albacete-observatorio.<\/li>\n<li>28 abril 2010 M\u00e1ximas de 33,1 \u00b0C en el aeropuerto de Bilbao-Loiu, 32 \u00b0C en Lasarte (Gipuzkoa), 33 \u00b0C en Derio (Bizkaia), 29,8 \u00b0C en Ponferrada (Le\u00f3n), 29,3 \u00b0C en Olmedo (Valladolid), 28,6 \u00b0C en Salamanca y 26 \u00b0C en Teruel. M\u00ednima de 14,6 \u00b0C en \u00c1vila.<\/li>\n<li>28 abril 2013 Nevada en el interior de Castell\u00f3n que alcanza 15 cm de espesor. Bajada de temperaturas en Castilla-La Mancha con m\u00e1ximas m\u00e1s bajas de 5,8 \u00b0C en Ciudad Real y de 3,8 \u00b0C en Cuenca.<\/li>\n<li>28 abril 2017 Contin\u00faa el temporal de lluvias en muchos puntos de Andaluc\u00eda Occidental y Ceuta. En la ciudad aut\u00f3noma se registran 184, 4 0 l\/m\u00b2 en 24 horas.<\/li>\n<li>29 abril 1514 Rogativas por sequ\u00eda en Le\u00f3n.<\/li>\n<li>29 abril 1526 Rogativa en Toledo pidiendo lluvia ante una grave sequ\u00eda.<\/li>\n<li>29 abril 2003 M\u00e1xima de 25,6 \u00b0C en Menorca-Ma\u00f3.<\/li>\n<li>29 abril 2010 Tormentas con granizo en la provincia de Segovia que dejan 52 l\/m2 en Lastras del Pozo y 38,9 l\/m2 en Santa Mar\u00eda del Cubillo (\u00c1vila).<\/li>\n<li>29 abril 2012 Intensidad m\u00e1xima de 63,9 l\/m2 en 24 horas en Huesca\/Pirineos.<\/li>\n<li>29 abril 2023 En Baleares se registraron temperaturas de r\u00e9cord para un mes de abril: 32.6 \u00b0C en Sant Joan de Labritja (Ibiza), con datos desde 1993, 31,0 en Montu\u00efri (Mallorca), con datos desde 1951 y 30.7 en el Aeropuerto de Palma, con datos desde 1973.<\/li>\n<li>30 abril 1802 La rotura de la presa de Puentes en Lorca (Murcia) causa la muerte de 608 personas y la p\u00e9rdida de 809 edificios y 30 millones de reales.<\/li>\n<li>30 abril 1869 Un rayo derriba el pararrayos de la Catedral de Oviedo.<\/li>\n<li>30 abril 2008 Mes extremadamente h\u00famedo en las provincias de \u00c1vila y Salamanca. Linares de Riofr\u00edo (Salamanca) registra 433,5 l\/m2; Herguijuela de la Sierra (Salamanca), 423,3 l\/m2; y Serranillos (\u00c1vila) 398 l\/m2.<\/li>\n<\/ul>\n<p>&nbsp;<\/p>\n<p>Nos vemos ma\u00f1ana con un impresionante reportaje que llevo preparando hace unos d\u00edas.<\/p>\n<p>Fot\u00f3n de mi amigo Crist\u00f3bal Gambero<\/p>\n<p>&nbsp;<\/p>\n<p><a href=\"https:\/\/static-blogs.diariosur.es\/wp-content\/uploads\/sites\/12\/2025\/04\/492156745_9468832553165654_3350192153040048005_n-e1745134568187.jpg\"><img loading=\"lazy\" class=\"aligncenter size-full wp-image-44385\" src=\"https:\/\/static-blogs.diariosur.es\/wp-content\/uploads\/sites\/12\/2025\/04\/492156745_9468832553165654_3350192153040048005_n-e1745134568187.jpg\" alt=\"\" width=\"1000\" height=\"563\" \/><\/a><\/p>\n","protected":false},"excerpt":{"rendered":"<p>Muy buenos d\u00edas, amigos de la meteo. Antes de contestar a vuestra pregunta, os doy un avance de tiempo para el lunes y martes. El viento de poniente y terral de primavera seguir\u00e1 de protagonista. La probabilidad de precipitaciones es baja. Os pongo la temperatura m\u00e1xima que prev\u00e9 ma\u00f1ana lunes la aemet. &nbsp; &nbsp; Y [&hellip;]<\/p>\n","protected":false},"author":16,"featured_media":44385,"comment_status":"open","ping_status":"open","sticky":false,"template":"","format":"standard","meta":[],"categories":[2],"tags":[1952,2029,358,800],"_links":{"self":[{"href":"https:\/\/blogs.diariosur.es\/tormentas-y-rayos\/wp-json\/wp\/v2\/posts\/44377"}],"collection":[{"href":"https:\/\/blogs.diariosur.es\/tormentas-y-rayos\/wp-json\/wp\/v2\/posts"}],"about":[{"href":"https:\/\/blogs.diariosur.es\/tormentas-y-rayos\/wp-json\/wp\/v2\/types\/post"}],"author":[{"embeddable":true,"href":"https:\/\/blogs.diariosur.es\/tormentas-y-rayos\/wp-json\/wp\/v2\/users\/16"}],"replies":[{"embeddable":true,"href":"https:\/\/blogs.diariosur.es\/tormentas-y-rayos\/wp-json\/wp\/v2\/comments?post=44377"}],"version-history":[{"count":7,"href":"https:\/\/blogs.diariosur.es\/tormentas-y-rayos\/wp-json\/wp\/v2\/posts\/44377\/revisions"}],"predecessor-version":[{"id":46657,"href":"https:\/\/blogs.diariosur.es\/tormentas-y-rayos\/wp-json\/wp\/v2\/posts\/44377\/revisions\/46657"}],"wp:featuredmedia":[{"embeddable":true,"href":"https:\/\/blogs.diariosur.es\/tormentas-y-rayos\/wp-json\/wp\/v2\/media\/44385"}],"wp:attachment":[{"href":"https:\/\/blogs.diariosur.es\/tormentas-y-rayos\/wp-json\/wp\/v2\/media?parent=44377"}],"wp:term":[{"taxonomy":"category","embeddable":true,"href":"https:\/\/blogs.diariosur.es\/tormentas-y-rayos\/wp-json\/wp\/v2\/categories?post=44377"},{"taxonomy":"post_tag","embeddable":true,"href":"https:\/\/blogs.diariosur.es\/tormentas-y-rayos\/wp-json\/wp\/v2\/tags?post=44377"}],"curies":[{"name":"wp","href":"https:\/\/api.w.org\/{rel}","templated":true}]}}