{"id":44420,"date":"2025-04-23T08:07:20","date_gmt":"2025-04-23T06:07:20","guid":{"rendered":"https:\/\/blogs.diariosur.es\/tormentas-y-rayos\/?p=44420"},"modified":"2025-10-05T19:24:52","modified_gmt":"2025-10-05T17:24:52","slug":"malaga-aeropuerto-y-estepona-registraron-ayer-las-temperaturas-maximas-de-la-peninsula","status":"publish","type":"post","link":"https:\/\/blogs.diariosur.es\/tormentas-y-rayos\/2025\/04\/23\/malaga-aeropuerto-y-estepona-registraron-ayer-las-temperaturas-maximas-de-la-peninsula\/","title":{"rendered":"M\u00e1laga Aeropuerto y Estepona registraron ayer las temperaturas m\u00e1ximas de la pen\u00ednsula"},"content":{"rendered":"<p><a href=\"https:\/\/static-blogs.diariosur.es\/wp-content\/uploads\/sites\/12\/2025\/03\/485061785_10232007549910525_80981998006536982_n-1.jpg\"><img loading=\"lazy\" class=\"aligncenter size-thumbnail wp-image-43964\" src=\"https:\/\/static-blogs.diariosur.es\/wp-content\/uploads\/sites\/12\/2025\/03\/485061785_10232007549910525_80981998006536982_n-1-150x150.jpg\" alt=\"\" width=\"150\" height=\"150\" \/><\/a><\/p>\n<p data-pm-slice=\"1 1 []\">Buenos d\u00edas, amigos de la meteo. Ayer martes el terral de primavera fue protagonista en las zonas habituales de la provincia de M\u00e1laga, d\u00e1ndose temperaturas m\u00e1ximas de verano. En zonas de costa e interior, donde ten\u00edan poniente, se registraban 4 y 7 \u00baC menos.<\/p>\n<p>Os paso algunos datos. Fuente AEMET<\/p>\n<p>M\u00e1laga Aeropuerto 27,2 \u00baC<\/p>\n<p>Estepona 27,2 \u00baC<\/p>\n<p>M\u00e1laga Centro Meteorol\u00f3gico\u00a027 \u00baC<\/p>\n<p>\u00c1lora\u00a026,3 \u00baC<\/p>\n<p>V\u00e9lez M\u00e1laga 25,8\u00a0fuente meteoclimatic<\/p>\n<p>Algarrobo\u00a023,3 \u00baC<\/p>\n<p>Nerja\u00a022,7 \u00baC<\/p>\n<p>Marbella 21 \u00baC<\/p>\n<p>Benahav\u00eds\u00a022,7 \u00baC<\/p>\n<p>Antequera 20,6 \u00baC<\/p>\n<p>Ronda Instituto: 19,3 \u00baC<\/p>\n<p>La m\u00e1xima de Espa\u00f1a la dio Tazacorte en la isla de La Palma,\u00a0con\u00a027,3 \u00baC.<\/p>\n<p>El terral nos dar\u00e1 hoy mi\u00e9rcoles y ma\u00f1ana jueves un respiro. Por la tarde tendremos levante moderado en la costa malague\u00f1a.<\/p>\n<p>Hoy mi\u00e9rcoles se esperan estas m\u00e1ximas en la provincia de M\u00e1laga.<\/p>\n<p>&nbsp;<\/p>\n<p><a href=\"https:\/\/static-blogs.diariosur.es\/wp-content\/uploads\/sites\/12\/2025\/04\/miercoles-1.jpg\"><img loading=\"lazy\" class=\"aligncenter size-full wp-image-44422\" src=\"https:\/\/static-blogs.diariosur.es\/wp-content\/uploads\/sites\/12\/2025\/04\/miercoles-1.jpg\" alt=\"\" width=\"1063\" height=\"823\" srcset=\"https:\/\/static-blogs.diariosur.es\/wp-content\/uploads\/sites\/12\/2025\/04\/miercoles-1.jpg 1063w, https:\/\/static-blogs.diariosur.es\/wp-content\/uploads\/sites\/12\/2025\/04\/miercoles-1-517x400.jpg 517w, https:\/\/static-blogs.diariosur.es\/wp-content\/uploads\/sites\/12\/2025\/04\/miercoles-1-527x408.jpg 527w, https:\/\/static-blogs.diariosur.es\/wp-content\/uploads\/sites\/12\/2025\/04\/miercoles-1-768x595.jpg 768w\" sizes=\"(max-width: 1063px) 100vw, 1063px\" \/><\/a><\/p>\n<p>&nbsp;<\/p>\n<p>&nbsp;<\/p>\n<p data-pm-slice=\"1 1 []\">Ma\u00f1ana jueves la AEMET espera estas m\u00ednimas y m\u00e1ximas en la provincia malague\u00f1a. En el Valle del Guadalquivir hay probabilidad de que se llegue a los 30 \u00baC en algunos puntos de la campi\u00f1a cordobesa y sevillana.<\/p>\n<p>&nbsp;<\/p>\n<p><a href=\"https:\/\/static-blogs.diariosur.es\/wp-content\/uploads\/sites\/12\/2025\/04\/jueves.jpg\"><img loading=\"lazy\" class=\"aligncenter size-full wp-image-44423\" src=\"https:\/\/static-blogs.diariosur.es\/wp-content\/uploads\/sites\/12\/2025\/04\/jueves.jpg\" alt=\"\" width=\"1048\" height=\"814\" srcset=\"https:\/\/static-blogs.diariosur.es\/wp-content\/uploads\/sites\/12\/2025\/04\/jueves.jpg 1048w, https:\/\/static-blogs.diariosur.es\/wp-content\/uploads\/sites\/12\/2025\/04\/jueves-515x400.jpg 515w, https:\/\/static-blogs.diariosur.es\/wp-content\/uploads\/sites\/12\/2025\/04\/jueves-525x408.jpg 525w, https:\/\/static-blogs.diariosur.es\/wp-content\/uploads\/sites\/12\/2025\/04\/jueves-768x597.jpg 768w\" sizes=\"(max-width: 1048px) 100vw, 1048px\" \/><\/a><\/p>\n<p>&nbsp;<\/p>\n<p>&nbsp;<\/p>\n<p>Nos vemos ma\u00f1ana.<\/p>\n","protected":false},"excerpt":{"rendered":"<p>Buenos d\u00edas, amigos de la meteo. Ayer martes el terral de primavera fue protagonista en las zonas habituales de la provincia de M\u00e1laga, d\u00e1ndose temperaturas m\u00e1ximas de verano. En zonas de costa e interior, donde ten\u00edan poniente, se registraban 4 y 7 \u00baC menos. Os paso algunos datos. Fuente AEMET M\u00e1laga Aeropuerto 27,2 \u00baC Estepona [&hellip;]<\/p>\n","protected":false},"author":16,"featured_media":41669,"comment_status":"open","ping_status":"open","sticky":false,"template":"","format":"standard","meta":[],"categories":[2],"tags":[212,358,553,587,800,975],"_links":{"self":[{"href":"https:\/\/blogs.diariosur.es\/tormentas-y-rayos\/wp-json\/wp\/v2\/posts\/44420"}],"collection":[{"href":"https:\/\/blogs.diariosur.es\/tormentas-y-rayos\/wp-json\/wp\/v2\/posts"}],"about":[{"href":"https:\/\/blogs.diariosur.es\/tormentas-y-rayos\/wp-json\/wp\/v2\/types\/post"}],"author":[{"embeddable":true,"href":"https:\/\/blogs.diariosur.es\/tormentas-y-rayos\/wp-json\/wp\/v2\/users\/16"}],"replies":[{"embeddable":true,"href":"https:\/\/blogs.diariosur.es\/tormentas-y-rayos\/wp-json\/wp\/v2\/comments?post=44420"}],"version-history":[{"count":4,"href":"https:\/\/blogs.diariosur.es\/tormentas-y-rayos\/wp-json\/wp\/v2\/posts\/44420\/revisions"}],"predecessor-version":[{"id":46651,"href":"https:\/\/blogs.diariosur.es\/tormentas-y-rayos\/wp-json\/wp\/v2\/posts\/44420\/revisions\/46651"}],"wp:featuredmedia":[{"embeddable":true,"href":"https:\/\/blogs.diariosur.es\/tormentas-y-rayos\/wp-json\/wp\/v2\/media\/41669"}],"wp:attachment":[{"href":"https:\/\/blogs.diariosur.es\/tormentas-y-rayos\/wp-json\/wp\/v2\/media?parent=44420"}],"wp:term":[{"taxonomy":"category","embeddable":true,"href":"https:\/\/blogs.diariosur.es\/tormentas-y-rayos\/wp-json\/wp\/v2\/categories?post=44420"},{"taxonomy":"post_tag","embeddable":true,"href":"https:\/\/blogs.diariosur.es\/tormentas-y-rayos\/wp-json\/wp\/v2\/tags?post=44420"}],"curies":[{"name":"wp","href":"https:\/\/api.w.org\/{rel}","templated":true}]}}