{"id":44426,"date":"2025-04-24T08:36:22","date_gmt":"2025-04-24T06:36:22","guid":{"rendered":"https:\/\/blogs.diariosur.es\/tormentas-y-rayos\/?p=44426"},"modified":"2025-10-05T19:10:43","modified_gmt":"2025-10-05T17:10:43","slug":"sorpresas-para-el-ultimo-fin-de-semana-de-abril-en-la-provincia-de-malaga","status":"publish","type":"post","link":"https:\/\/blogs.diariosur.es\/tormentas-y-rayos\/2025\/04\/24\/sorpresas-para-el-ultimo-fin-de-semana-de-abril-en-la-provincia-de-malaga\/","title":{"rendered":"Sorpresas para el \u00faltimo fin de semana de abril en la provincia de M\u00e1laga"},"content":{"rendered":"<p><a href=\"https:\/\/static-blogs.diariosur.es\/wp-content\/uploads\/sites\/12\/2025\/03\/474591997_10231480374091459_5977821584942016476_n.jpg\"><img loading=\"lazy\" class=\"aligncenter size-thumbnail wp-image-43666\" src=\"https:\/\/static-blogs.diariosur.es\/wp-content\/uploads\/sites\/12\/2025\/03\/474591997_10231480374091459_5977821584942016476_n-150x150.jpg\" alt=\"\" width=\"150\" height=\"150\" srcset=\"https:\/\/static-blogs.diariosur.es\/wp-content\/uploads\/sites\/12\/2025\/03\/474591997_10231480374091459_5977821584942016476_n-150x150.jpg 150w, https:\/\/static-blogs.diariosur.es\/wp-content\/uploads\/sites\/12\/2025\/03\/474591997_10231480374091459_5977821584942016476_n-400x400.jpg 400w, https:\/\/static-blogs.diariosur.es\/wp-content\/uploads\/sites\/12\/2025\/03\/474591997_10231480374091459_5977821584942016476_n-408x408.jpg 408w, https:\/\/static-blogs.diariosur.es\/wp-content\/uploads\/sites\/12\/2025\/03\/474591997_10231480374091459_5977821584942016476_n-768x768.jpg 768w, https:\/\/static-blogs.diariosur.es\/wp-content\/uploads\/sites\/12\/2025\/03\/474591997_10231480374091459_5977821584942016476_n.jpg 1000w\" sizes=\"(max-width: 150px) 100vw, 150px\" \/><\/a><\/p>\n<p data-pm-slice=\"1 1 []\">Buenos d\u00edas, amigos de la meteo. Cuando son las siete y media de la ma\u00f1ana en M\u00e1laga capital, la estaci\u00f3n de la Aemet del aeropuerto registra 12,8 \u00baC, los cielos est\u00e1n despejados y el viento sopla flojo de oeste en el aeropuerto y centro meteorol\u00f3gico y de suroeste en el puerto; m\u00e1s tarde tender\u00e1n a soplar sur-sureste. En Antequera y Ronda registran 13,6 \u00baC y en Cortes de la Frontera 10,4 \u00baC.<\/p>\n<p>Hoy jueves, la AEMET espera estas m\u00e1ximas en la provincia de M\u00e1laga.<\/p>\n<p>&nbsp;<\/p>\n<p>&nbsp;<\/p>\n<p><a href=\"https:\/\/static-blogs.diariosur.es\/wp-content\/uploads\/sites\/12\/2025\/04\/jueves-1.jpg\"><img loading=\"lazy\" class=\"aligncenter size-full wp-image-44431\" src=\"https:\/\/static-blogs.diariosur.es\/wp-content\/uploads\/sites\/12\/2025\/04\/jueves-1.jpg\" alt=\"\" width=\"1045\" height=\"817\" srcset=\"https:\/\/static-blogs.diariosur.es\/wp-content\/uploads\/sites\/12\/2025\/04\/jueves-1.jpg 1045w, https:\/\/static-blogs.diariosur.es\/wp-content\/uploads\/sites\/12\/2025\/04\/jueves-1-512x400.jpg 512w, https:\/\/static-blogs.diariosur.es\/wp-content\/uploads\/sites\/12\/2025\/04\/jueves-1-522x408.jpg 522w, https:\/\/static-blogs.diariosur.es\/wp-content\/uploads\/sites\/12\/2025\/04\/jueves-1-768x600.jpg 768w\" sizes=\"(max-width: 1045px) 100vw, 1045px\" \/><\/a><\/p>\n<p>&nbsp;<\/p>\n<p data-pm-slice=\"1 1 []\">Ma\u00f1ana viernes subir\u00e1n las temperaturas m\u00e1ximas en las comarcas de Ronda y Antequera. El viento soplar\u00e1 flojo de sur-sureste; a \u00faltima hora de la noche ir\u00e1 rolando a poniente y terral de primavera.<\/p>\n<p>La AEMET espera ma\u00f1ana viernes estas temperaturas m\u00ednimas y m\u00e1ximas en la provincia de M\u00e1laga.<\/p>\n<p>&nbsp;<\/p>\n<p><a href=\"https:\/\/static-blogs.diariosur.es\/wp-content\/uploads\/sites\/12\/2025\/04\/viernes.jpg\"><img loading=\"lazy\" class=\"aligncenter size-full wp-image-44432\" src=\"https:\/\/static-blogs.diariosur.es\/wp-content\/uploads\/sites\/12\/2025\/04\/viernes.jpg\" alt=\"\" width=\"1053\" height=\"822\" srcset=\"https:\/\/static-blogs.diariosur.es\/wp-content\/uploads\/sites\/12\/2025\/04\/viernes.jpg 1053w, https:\/\/static-blogs.diariosur.es\/wp-content\/uploads\/sites\/12\/2025\/04\/viernes-512x400.jpg 512w, https:\/\/static-blogs.diariosur.es\/wp-content\/uploads\/sites\/12\/2025\/04\/viernes-523x408.jpg 523w, https:\/\/static-blogs.diariosur.es\/wp-content\/uploads\/sites\/12\/2025\/04\/viernes-768x600.jpg 768w\" sizes=\"(max-width: 1053px) 100vw, 1053px\" \/><\/a><\/p>\n<p>&nbsp;<\/p>\n<h3 data-pm-slice=\"1 1 []\"><strong>Sorpresas para el \u00faltimo fin de semana de abril, en la provincia de M\u00e1laga<\/strong><\/h3>\n<p><strong>S\u00e1bado 26 de abril<\/strong><\/p>\n<p>El terral de primavera y el poniente tomar\u00e1n protagonismo; es muy probable que lleguemos o sobrepasemos los 30 \u00baC en algunos puntos habituales donde entra el terral. De ser as\u00ed, ser\u00edan los primeros treinta grados del a\u00f1o 2025. Creo que ser\u00e1 dif\u00edcil batir el extremo absoluto de temperatura m\u00e1xima que se dio el 29 de abril de 2023 con 34,3 \u00baC. El terral se quitar\u00e1 a \u00faltima hora de la noche o primera de la madrugada del domingo. El cambio de viento de terral a levante es probable que lo haga con rachas fuertes. Ya veremos si se da la minigalerna. No espero poniente fuerte ni terral el s\u00e1bado; ser\u00e1 moderado.<\/p>\n<p>Os paso las temperaturas m\u00ednimas y m\u00e1ximas que prev\u00e9 la AEMET.<\/p>\n<p>&nbsp;<\/p>\n<p><a href=\"https:\/\/static-blogs.diariosur.es\/wp-content\/uploads\/sites\/12\/2025\/04\/sabado-1.jpg\"><img loading=\"lazy\" class=\"aligncenter size-full wp-image-44433\" src=\"https:\/\/static-blogs.diariosur.es\/wp-content\/uploads\/sites\/12\/2025\/04\/sabado-1.jpg\" alt=\"\" width=\"1051\" height=\"823\" srcset=\"https:\/\/static-blogs.diariosur.es\/wp-content\/uploads\/sites\/12\/2025\/04\/sabado-1.jpg 1051w, https:\/\/static-blogs.diariosur.es\/wp-content\/uploads\/sites\/12\/2025\/04\/sabado-1-511x400.jpg 511w, https:\/\/static-blogs.diariosur.es\/wp-content\/uploads\/sites\/12\/2025\/04\/sabado-1-521x408.jpg 521w, https:\/\/static-blogs.diariosur.es\/wp-content\/uploads\/sites\/12\/2025\/04\/sabado-1-768x601.jpg 768w\" sizes=\"(max-width: 1051px) 100vw, 1051px\" \/><\/a><\/p>\n<p data-pm-slice=\"1 1 []\"><strong>Domingo 27 de abril<\/strong><\/p>\n<p>Las temperaturas m\u00e1ximas bajar\u00e1n, not\u00e1ndose m\u00e1s en las zonas donde el d\u00eda anterior llegaron a los 29 y 30 \u00baC. En M\u00e1laga capital ser\u00e1n 6 grados menos. Las temperaturas m\u00e1ximas en la provincia rondar\u00e1n entre los 20 y 24 \u00baC.<\/p>\n<p>El viento soplar\u00e1 moderado de levante en la costa malague\u00f1a. Para los que este fin de semana se quieran dar un ba\u00f1o, os recuerdo que la temperatura del agua estar\u00e1 sobre los 16,8 \u00baC seg\u00fan zonas de la costa malague\u00f1a.<\/p>\n<p><strong>Ma\u00f1ana hablaremos de una probable DANA que nos puede afectar la semana que viene.<\/strong><\/p>\n<p>&nbsp;<\/p>\n<p>&nbsp;<\/p>\n","protected":false},"excerpt":{"rendered":"<p>Buenos d\u00edas, amigos de la meteo. Cuando son las siete y media de la ma\u00f1ana en M\u00e1laga capital, la estaci\u00f3n de la Aemet del aeropuerto registra 12,8 \u00baC, los cielos est\u00e1n despejados y el viento sopla flojo de oeste en el aeropuerto y centro meteorol\u00f3gico y de suroeste en el puerto; m\u00e1s tarde tender\u00e1n a [&hellip;]<\/p>\n","protected":false},"author":16,"featured_media":44434,"comment_status":"open","ping_status":"open","sticky":false,"template":"","format":"standard","meta":[],"categories":[2],"tags":[100,358,410,553,587,658,800,902,975],"_links":{"self":[{"href":"https:\/\/blogs.diariosur.es\/tormentas-y-rayos\/wp-json\/wp\/v2\/posts\/44426"}],"collection":[{"href":"https:\/\/blogs.diariosur.es\/tormentas-y-rayos\/wp-json\/wp\/v2\/posts"}],"about":[{"href":"https:\/\/blogs.diariosur.es\/tormentas-y-rayos\/wp-json\/wp\/v2\/types\/post"}],"author":[{"embeddable":true,"href":"https:\/\/blogs.diariosur.es\/tormentas-y-rayos\/wp-json\/wp\/v2\/users\/16"}],"replies":[{"embeddable":true,"href":"https:\/\/blogs.diariosur.es\/tormentas-y-rayos\/wp-json\/wp\/v2\/comments?post=44426"}],"version-history":[{"count":8,"href":"https:\/\/blogs.diariosur.es\/tormentas-y-rayos\/wp-json\/wp\/v2\/posts\/44426\/revisions"}],"predecessor-version":[{"id":46649,"href":"https:\/\/blogs.diariosur.es\/tormentas-y-rayos\/wp-json\/wp\/v2\/posts\/44426\/revisions\/46649"}],"wp:featuredmedia":[{"embeddable":true,"href":"https:\/\/blogs.diariosur.es\/tormentas-y-rayos\/wp-json\/wp\/v2\/media\/44434"}],"wp:attachment":[{"href":"https:\/\/blogs.diariosur.es\/tormentas-y-rayos\/wp-json\/wp\/v2\/media?parent=44426"}],"wp:term":[{"taxonomy":"category","embeddable":true,"href":"https:\/\/blogs.diariosur.es\/tormentas-y-rayos\/wp-json\/wp\/v2\/categories?post=44426"},{"taxonomy":"post_tag","embeddable":true,"href":"https:\/\/blogs.diariosur.es\/tormentas-y-rayos\/wp-json\/wp\/v2\/tags?post=44426"}],"curies":[{"name":"wp","href":"https:\/\/api.w.org\/{rel}","templated":true}]}}