{"id":4443,"date":"2012-12-19T07:13:42","date_gmt":"2012-12-19T06:13:42","guid":{"rendered":"http:\/\/blogs.diariosur.es\/tormentas-y-rayos\/?p=4443"},"modified":"2012-12-19T07:13:42","modified_gmt":"2012-12-19T06:13:42","slug":"es-mi-cumple-las-borrascas-me-regalan-anticiclon-y-subida-de-temperaturas-ji-ji-bestial-videode-aterrizajes-en-el-aeropuerto-de-sondica-bilbao","status":"publish","type":"post","link":"https:\/\/blogs.diariosur.es\/tormentas-y-rayos\/2012\/12\/19\/es-mi-cumple-las-borrascas-me-regalan-anticiclon-y-subida-de-temperaturas-ji-ji-bestial-videode-aterrizajes-en-el-aeropuerto-de-sondica-bilbao\/","title":{"rendered":"!Es mi cumple !  Las borrascas me regalan anticicl\u00f3n y subida de temperaturas ji ji. Bestial v\u00eddeo,de aterrizajes en el Aeropuerto de  Sondica  Bilbao"},"content":{"rendered":"<p><span style=\"color: #008000;\"><strong>Buenos dias amigos de la meteo.<\/strong><\/span><\/p>\n<p><span style=\"color: #008000;\"><strong>Son las seis de la ma\u00f1ana y es mi cumpleeeeeeeeeeeeeeeeeee je je je. Casi todos los a\u00f1os las borrascas me regalan algo de\u00a0fr\u00edo,\u00a0 viento, lluvias, tormentas , olas\u00a0 etc etc, pero esta vez me regalan anticicl\u00f3n y subida de temperaturas. Para nada me gusta este regalo, seguro que me he portado mal. Estoy muy enfadado.<\/strong><\/span><\/p>\n<p><span style=\"color: #008000;\"><strong>Registro 12 grados, y los cielos est\u00e1n poco nubosos. Seguimos con la circulaci\u00f3n zonal y\u00a0as\u00ed\u00a0seguiremos bastantes dias. Para los que aun no saben lo de la circulaci\u00f3n zonal<a href=\"https:\/\/blogs.diariosur.es\/tormentas-y-rayos\/2012\/12\/17\/ya-es-primavera-en-diciembre-circulacion-zonal-impresionantes-olas-en-tenerife-fotos-video\/\"><span style=\"color: #008000;\"> pinchar aqui.<\/span><\/a>\u00a0Ademas\u00a0ver\u00e9is\u00a0impresionantes fotos de amaneceres y pedazos de olas.<\/strong><\/span><\/p>\n<p><span style=\"color: #008000;\"><strong> La niebla es la protagonista ahora mismo en muchos puntos de la\u00a0<\/strong><\/span><span style=\"color: #008000;\"><strong>Pen\u00ednsula. Incluso de esta niebla al ser tan densa, precipita en algunos lugares. Ayer martes tambien se dio, os paso esta imagen del\u00a0sat\u00e9lite\u00a0modis, en donde se ve claramente la niebla y la nieve que hay en los Pirineos.<\/strong><\/span><\/p>\n<p>&nbsp;<\/p>\n<p><a href=\"https:\/\/blogs.diariosur.es\/tormentas-y-rayos\/2012\/12\/19\/es-mi-cumple-las-borrascas-me-regalan-anticiclon-y-subida-de-temperaturas-ji-ji-bestial-videode-aterrizajes-en-el-aeropuerto-de-sondica-bilbao\/captura-118\/\" rel=\"attachment wp-att-4455\"><img loading=\"lazy\" class=\"aligncenter size-full wp-image-4455\" title=\"Captura\" src=\"\/tormentas-y-rayos\/wp-content\/uploads\/sites\/12\/2012\/12\/Captura5.jpg\" alt=\"\" width=\"610\" height=\"491\" srcset=\"https:\/\/static-blogs.diariosur.es\/wp-content\/uploads\/sites\/12\/2012\/12\/Captura5.jpg 610w, https:\/\/static-blogs.diariosur.es\/wp-content\/uploads\/sites\/12\/2012\/12\/Captura5-497x400.jpg 497w\" sizes=\"(max-width: 610px) 100vw, 610px\" \/><\/a><\/p>\n<p><span style=\"color: #ff0000;\"><strong>ULTIMA HORA AMIGOS. AL FINAL TENGO MI REGALO DE METEO. DENSA NIEBLA EN TODA LA COSTA MALAGUE\u00d1A. OS PASO UNA FOTO DE HACE POCOS MINUTOS. Y MUCHAS GRACIAS POR LAS FELICITACIONES.<\/strong><\/span><\/p>\n<p><a href=\"https:\/\/blogs.diariosur.es\/tormentas-y-rayos\/2012\/12\/19\/es-mi-cumple-las-borrascas-me-regalan-anticiclon-y-subida-de-temperaturas-ji-ji-bestial-videode-aterrizajes-en-el-aeropuerto-de-sondica-bilbao\/olympus-digital-camera-990\/\" rel=\"attachment wp-att-4459\"><img loading=\"lazy\" class=\"aligncenter size-full wp-image-4459\" title=\"OLYMPUS DIGITAL CAMERA\" src=\"\/tormentas-y-rayos\/wp-content\/uploads\/sites\/12\/2012\/12\/NIEBLA.jpg\" alt=\"\" width=\"670\" height=\"503\" srcset=\"https:\/\/static-blogs.diariosur.es\/wp-content\/uploads\/sites\/12\/2012\/12\/NIEBLA.jpg 670w, https:\/\/static-blogs.diariosur.es\/wp-content\/uploads\/sites\/12\/2012\/12\/NIEBLA-533x400.jpg 533w\" sizes=\"(max-width: 670px) 100vw, 670px\" \/><\/a><\/p>\n<p>&nbsp;<\/p>\n<p>&nbsp;<\/p>\n<p>&nbsp;<\/p>\n<p><span style=\"color: #0000ff;\"><strong>Como siempre os hago un peque\u00f1o resumen del lunes y el martes, aunque la verdad ayer martes fue un dia sosillo.<\/strong><\/span><\/p>\n<p><span style=\"color: #0000ff;\"><strong>El lunes, la m\u00ednima fue de 16 grados y la m\u00e1xima de 21,1 grados, eso dio mi estaci\u00f3n. El cielo al amanecer fue el protagonista, ya que los cirroc\u00famulos dejaron un impresionante candilazo. De camino al curro, me pare cerca del Palacio de Congresos, y desde all\u00ed mismo con la c\u00e1mara compacta tire varias fotos, a esos cielos tan impresionantes.<\/strong><\/span><\/p>\n<p><a href=\"https:\/\/blogs.diariosur.es\/tormentas-y-rayos\/2012\/12\/19\/es-mi-cumple-las-borrascas-me-regalan-anticiclon-y-subida-de-temperaturas-ji-ji-bestial-videode-aterrizajes-en-el-aeropuerto-de-sondica-bilbao\/circulacion-zonal-10\/\" rel=\"attachment wp-att-4444\"><img loading=\"lazy\" class=\"aligncenter size-full wp-image-4444\" title=\"CIRCULACI\u00d3N ZONAL (10)\" src=\"\/tormentas-y-rayos\/wp-content\/uploads\/sites\/12\/2012\/12\/CIRCULACI\u00d3N-ZONAL-10.jpg\" alt=\"\" width=\"670\" height=\"447\" srcset=\"https:\/\/static-blogs.diariosur.es\/wp-content\/uploads\/sites\/12\/2012\/12\/CIRCULACI\u00d3N-ZONAL-10.jpg 670w, https:\/\/static-blogs.diariosur.es\/wp-content\/uploads\/sites\/12\/2012\/12\/CIRCULACI\u00d3N-ZONAL-10-600x400.jpg 600w\" sizes=\"(max-width: 670px) 100vw, 670px\" \/><\/a><\/p>\n<p>&nbsp;<\/p>\n<p><span style=\"color: #0000ff;\"><strong>Desde la Playa de la Misericordia, este impresionante amanecer era tambi\u00e9n cazado, por estos dos grandes fot\u00f3grafos: Antonio Portillo y Pedro Toro.<\/strong><\/span><\/p>\n<p><span style=\"color: #0000ff;\"><strong>La primera foto es de Antonio.<\/strong><\/span><\/p>\n<p><a href=\"https:\/\/blogs.diariosur.es\/tormentas-y-rayos\/2012\/12\/19\/es-mi-cumple-las-borrascas-me-regalan-anticiclon-y-subida-de-temperaturas-ji-ji-bestial-videode-aterrizajes-en-el-aeropuerto-de-sondica-bilbao\/antonio-portillo-5\/\" rel=\"attachment wp-att-4445\"><img loading=\"lazy\" class=\"aligncenter size-full wp-image-4445\" title=\"antonio portillo\" src=\"\/tormentas-y-rayos\/wp-content\/uploads\/sites\/12\/2012\/12\/antonio-portillo1.jpg\" alt=\"\" width=\"670\" height=\"447\" srcset=\"https:\/\/static-blogs.diariosur.es\/wp-content\/uploads\/sites\/12\/2012\/12\/antonio-portillo1.jpg 670w, https:\/\/static-blogs.diariosur.es\/wp-content\/uploads\/sites\/12\/2012\/12\/antonio-portillo1-600x400.jpg 600w\" sizes=\"(max-width: 670px) 100vw, 670px\" \/><\/a><\/p>\n<p><span style=\"color: #0000ff;\"><strong>Y esta segunda de Pedro.<\/strong><\/span><\/p>\n<p><a href=\"https:\/\/blogs.diariosur.es\/tormentas-y-rayos\/2012\/12\/19\/es-mi-cumple-las-borrascas-me-regalan-anticiclon-y-subida-de-temperaturas-ji-ji-bestial-videode-aterrizajes-en-el-aeropuerto-de-sondica-bilbao\/pedro-toro-2\/\" rel=\"attachment wp-att-4446\"><img loading=\"lazy\" class=\"aligncenter size-full wp-image-4446\" title=\"pedro toro\" src=\"\/tormentas-y-rayos\/wp-content\/uploads\/sites\/12\/2012\/12\/pedro-toro1.jpg\" alt=\"\" width=\"670\" height=\"446\" srcset=\"https:\/\/static-blogs.diariosur.es\/wp-content\/uploads\/sites\/12\/2012\/12\/pedro-toro1.jpg 670w, https:\/\/static-blogs.diariosur.es\/wp-content\/uploads\/sites\/12\/2012\/12\/pedro-toro1-601x400.jpg 601w\" sizes=\"(max-width: 670px) 100vw, 670px\" \/><\/a><\/p>\n<p>&nbsp;<\/p>\n<p><strong><span><span style=\"color: #0000ff;\">Nuestro pedazo de\u00a0fot\u00f3grafo\u00a0Koke P\u00e9rez,\u00a0tambi\u00e9n\u00a0lo cazaba y quiere compartir con nosotros el amanecer desde otro lugar de M\u00e1laga. Creo que desde su terraza y\u00a0tom\u00e1ndose\u00a0un\u00a0caf\u00e9\u00a0\u00a0ji ji.<\/span><\/span><\/strong><\/p>\n<p><a href=\"https:\/\/blogs.diariosur.es\/tormentas-y-rayos\/2012\/12\/19\/es-mi-cumple-las-borrascas-me-regalan-anticiclon-y-subida-de-temperaturas-ji-ji-bestial-videode-aterrizajes-en-el-aeropuerto-de-sondica-bilbao\/koke-perez\/\" rel=\"attachment wp-att-4447\"><img loading=\"lazy\" class=\"aligncenter size-full wp-image-4447\" title=\"koke perez\" src=\"\/tormentas-y-rayos\/wp-content\/uploads\/sites\/12\/2012\/12\/koke-perez.jpg\" alt=\"\" width=\"670\" height=\"447\" srcset=\"https:\/\/static-blogs.diariosur.es\/wp-content\/uploads\/sites\/12\/2012\/12\/koke-perez.jpg 670w, https:\/\/static-blogs.diariosur.es\/wp-content\/uploads\/sites\/12\/2012\/12\/koke-perez-600x400.jpg 600w\" sizes=\"(max-width: 670px) 100vw, 670px\" \/><\/a><\/p>\n<p>&nbsp;<\/p>\n<p><span style=\"color: #0000ff;\"><strong>Pilar Ruiz cabello\u00a0tambi\u00e9n\u00a0nos manda este impresionante amanecer, gracias por compartirlo amiga<\/strong><\/span><\/p>\n<p><a href=\"https:\/\/blogs.diariosur.es\/tormentas-y-rayos\/2012\/12\/19\/es-mi-cumple-las-borrascas-me-regalan-anticiclon-y-subida-de-temperaturas-ji-ji-bestial-videode-aterrizajes-en-el-aeropuerto-de-sondica-bilbao\/pilar-ruiz-cabello\/\" rel=\"attachment wp-att-4458\"><img loading=\"lazy\" class=\"aligncenter size-full wp-image-4458\" title=\"pilar ruiz Cabello\" src=\"\/tormentas-y-rayos\/wp-content\/uploads\/sites\/12\/2012\/12\/pilar-ruiz-Cabello.jpg\" alt=\"\" width=\"670\" height=\"377\" srcset=\"https:\/\/static-blogs.diariosur.es\/wp-content\/uploads\/sites\/12\/2012\/12\/pilar-ruiz-Cabello.jpg 670w, https:\/\/static-blogs.diariosur.es\/wp-content\/uploads\/sites\/12\/2012\/12\/pilar-ruiz-Cabello-640x360.jpg 640w\" sizes=\"(max-width: 670px) 100vw, 670px\" \/><\/a><\/p>\n<p><span style=\"color: #0000ff;\"><strong>Pero lo mejor llegar\u00eda por la tarde. El cielo ya daba se\u00f1ales, de que tendr\u00edamos un apote\u00f3sico atardecer y asi fue. Os paso varias fotos. <\/strong><\/span><\/p>\n<p><span style=\"color: #0000ff;\"><strong>Los lenticularis y los cirros adornaban los cielos malague\u00f1os.<\/strong><\/span><\/p>\n<p><a href=\"https:\/\/blogs.diariosur.es\/tormentas-y-rayos\/2012\/12\/19\/es-mi-cumple-las-borrascas-me-regalan-anticiclon-y-subida-de-temperaturas-ji-ji-bestial-videode-aterrizajes-en-el-aeropuerto-de-sondica-bilbao\/olympus-digital-camera-984\/\" rel=\"attachment wp-att-4448\"><img loading=\"lazy\" class=\"aligncenter size-full wp-image-4448\" title=\"OLYMPUS DIGITAL CAMERA\" src=\"\/tormentas-y-rayos\/wp-content\/uploads\/sites\/12\/2012\/12\/CIRCULACI\u00d3N-ZONAL-1.jpg\" alt=\"\" width=\"670\" height=\"503\" srcset=\"https:\/\/static-blogs.diariosur.es\/wp-content\/uploads\/sites\/12\/2012\/12\/CIRCULACI\u00d3N-ZONAL-1.jpg 670w, https:\/\/static-blogs.diariosur.es\/wp-content\/uploads\/sites\/12\/2012\/12\/CIRCULACI\u00d3N-ZONAL-1-533x400.jpg 533w\" sizes=\"(max-width: 670px) 100vw, 670px\" \/><\/a><\/p>\n<p>&nbsp;<\/p>\n<p><span style=\"color: #0000ff;\"><strong>Asi que viendo como estaban los cielos, cog\u00ed el coche y tire para Torre de Benagalb\u00f3n. Y la verdad que mereci\u00f3 la pena. La puesta de sol fue impresionante y ademas para mi cumple, mi amigo Jose el espetero, me regalo un pedazo de coliflor, pero no\u00a0coliflor de \u00a0nube si no la de comer. ji ji.<\/strong><\/span><\/p>\n<p><a href=\"https:\/\/blogs.diariosur.es\/tormentas-y-rayos\/2012\/12\/19\/es-mi-cumple-las-borrascas-me-regalan-anticiclon-y-subida-de-temperaturas-ji-ji-bestial-videode-aterrizajes-en-el-aeropuerto-de-sondica-bilbao\/olympus-digital-camera-985\/\" rel=\"attachment wp-att-4449\"><img loading=\"lazy\" class=\"aligncenter size-full wp-image-4449\" title=\"OLYMPUS DIGITAL CAMERA\" src=\"\/tormentas-y-rayos\/wp-content\/uploads\/sites\/12\/2012\/12\/CIRCULACI\u00d3N-ZONAL-2.jpg\" alt=\"\" width=\"670\" height=\"503\" srcset=\"https:\/\/static-blogs.diariosur.es\/wp-content\/uploads\/sites\/12\/2012\/12\/CIRCULACI\u00d3N-ZONAL-2.jpg 670w, https:\/\/static-blogs.diariosur.es\/wp-content\/uploads\/sites\/12\/2012\/12\/CIRCULACI\u00d3N-ZONAL-2-533x400.jpg 533w\" sizes=\"(max-width: 670px) 100vw, 670px\" \/><\/a><\/p>\n<p>&nbsp;<\/p>\n<p><a href=\"https:\/\/blogs.diariosur.es\/tormentas-y-rayos\/2012\/12\/19\/es-mi-cumple-las-borrascas-me-regalan-anticiclon-y-subida-de-temperaturas-ji-ji-bestial-videode-aterrizajes-en-el-aeropuerto-de-sondica-bilbao\/olympus-digital-camera-986\/\" rel=\"attachment wp-att-4450\"><img loading=\"lazy\" class=\"aligncenter size-full wp-image-4450\" title=\"OLYMPUS DIGITAL CAMERA\" src=\"\/tormentas-y-rayos\/wp-content\/uploads\/sites\/12\/2012\/12\/CIRCULACI\u00d3N-ZONAL-4.jpg\" alt=\"\" width=\"670\" height=\"503\" srcset=\"https:\/\/static-blogs.diariosur.es\/wp-content\/uploads\/sites\/12\/2012\/12\/CIRCULACI\u00d3N-ZONAL-4.jpg 670w, https:\/\/static-blogs.diariosur.es\/wp-content\/uploads\/sites\/12\/2012\/12\/CIRCULACI\u00d3N-ZONAL-4-533x400.jpg 533w\" sizes=\"(max-width: 670px) 100vw, 670px\" \/><\/a><\/p>\n<p><a href=\"https:\/\/blogs.diariosur.es\/tormentas-y-rayos\/2012\/12\/19\/es-mi-cumple-las-borrascas-me-regalan-anticiclon-y-subida-de-temperaturas-ji-ji-bestial-videode-aterrizajes-en-el-aeropuerto-de-sondica-bilbao\/olympus-digital-camera-987\/\" rel=\"attachment wp-att-4451\"><img loading=\"lazy\" class=\"aligncenter size-full wp-image-4451\" title=\"OLYMPUS DIGITAL CAMERA\" src=\"\/tormentas-y-rayos\/wp-content\/uploads\/sites\/12\/2012\/12\/CIRCULACI\u00d3N-ZONAL-6.jpg\" alt=\"\" width=\"670\" height=\"503\" srcset=\"https:\/\/static-blogs.diariosur.es\/wp-content\/uploads\/sites\/12\/2012\/12\/CIRCULACI\u00d3N-ZONAL-6.jpg 670w, https:\/\/static-blogs.diariosur.es\/wp-content\/uploads\/sites\/12\/2012\/12\/CIRCULACI\u00d3N-ZONAL-6-533x400.jpg 533w\" sizes=\"(max-width: 670px) 100vw, 670px\" \/><\/a><\/p>\n<p>&nbsp;<\/p>\n<p><a href=\"https:\/\/blogs.diariosur.es\/tormentas-y-rayos\/2012\/12\/19\/es-mi-cumple-las-borrascas-me-regalan-anticiclon-y-subida-de-temperaturas-ji-ji-bestial-videode-aterrizajes-en-el-aeropuerto-de-sondica-bilbao\/olympus-digital-camera-988\/\" rel=\"attachment wp-att-4452\"><img loading=\"lazy\" class=\"aligncenter size-full wp-image-4452\" title=\"OLYMPUS DIGITAL CAMERA\" src=\"\/tormentas-y-rayos\/wp-content\/uploads\/sites\/12\/2012\/12\/095.jpg\" alt=\"\" width=\"500\" height=\"667\" srcset=\"https:\/\/static-blogs.diariosur.es\/wp-content\/uploads\/sites\/12\/2012\/12\/095.jpg 500w, https:\/\/static-blogs.diariosur.es\/wp-content\/uploads\/sites\/12\/2012\/12\/095-300x400.jpg 300w\" sizes=\"(max-width: 500px) 100vw, 500px\" \/><\/a><\/p>\n<p><span style=\"color: #ff00ff;\"><strong>El martes la m\u00ednima fue de 15,6 grados y la m\u00e1xima registrada por mi sensor de 22 grados. Lo mas destacable fue una banda de cirros que circulo por los cielos malague\u00f1os, a eso de las dos de la tarde. Nuestra amiga Paloma Maria los cazaba. Gracias amiga son preciosos.<\/strong><\/span><\/p>\n<p><a href=\"https:\/\/blogs.diariosur.es\/tormentas-y-rayos\/2012\/12\/19\/es-mi-cumple-las-borrascas-me-regalan-anticiclon-y-subida-de-temperaturas-ji-ji-bestial-videode-aterrizajes-en-el-aeropuerto-de-sondica-bilbao\/paloma-maria-4\/\" rel=\"attachment wp-att-4453\"><img loading=\"lazy\" class=\"aligncenter size-full wp-image-4453\" title=\"paloma maria\" src=\"\/tormentas-y-rayos\/wp-content\/uploads\/sites\/12\/2012\/12\/paloma-maria1.jpg\" alt=\"\" width=\"670\" height=\"448\" srcset=\"https:\/\/static-blogs.diariosur.es\/wp-content\/uploads\/sites\/12\/2012\/12\/paloma-maria1.jpg 670w, https:\/\/static-blogs.diariosur.es\/wp-content\/uploads\/sites\/12\/2012\/12\/paloma-maria1-598x400.jpg 598w\" sizes=\"(max-width: 670px) 100vw, 670px\" \/><\/a><\/p>\n<p>&nbsp;<\/p>\n<p><span style=\"color: #ff00ff;\"><strong>a la misma hora, Fernando Berrocal\u00a0tambi\u00e9n\u00a0lograba cazarlos, preciosa foto amigo. Si estos cirros se hubieran dado por la tarde noche, el candilazo seria precioso.<\/strong><\/span><\/p>\n<p><a href=\"https:\/\/blogs.diariosur.es\/tormentas-y-rayos\/2012\/12\/19\/es-mi-cumple-las-borrascas-me-regalan-anticiclon-y-subida-de-temperaturas-ji-ji-bestial-videode-aterrizajes-en-el-aeropuerto-de-sondica-bilbao\/2012-12-18_14-17-59_546\/\" rel=\"attachment wp-att-4456\"><img loading=\"lazy\" class=\"aligncenter size-full wp-image-4456\" title=\"2012-12-18_14-17-59_546\" src=\"\/tormentas-y-rayos\/wp-content\/uploads\/sites\/12\/2012\/12\/2012-12-18_14-17-59_546.jpg\" alt=\"\" width=\"670\" height=\"378\" srcset=\"https:\/\/static-blogs.diariosur.es\/wp-content\/uploads\/sites\/12\/2012\/12\/2012-12-18_14-17-59_546.jpg 670w, https:\/\/static-blogs.diariosur.es\/wp-content\/uploads\/sites\/12\/2012\/12\/2012-12-18_14-17-59_546-640x361.jpg 640w\" sizes=\"(max-width: 670px) 100vw, 670px\" \/><\/a><\/p>\n<p><span style=\"color: #ff00ff;\"><strong>Y un atardecer un poco soso.<\/strong><\/span><\/p>\n<p>&nbsp;<\/p>\n<p><a href=\"https:\/\/blogs.diariosur.es\/tormentas-y-rayos\/2012\/12\/19\/es-mi-cumple-las-borrascas-me-regalan-anticiclon-y-subida-de-temperaturas-ji-ji-bestial-videode-aterrizajes-en-el-aeropuerto-de-sondica-bilbao\/olympus-digital-camera-989\/\" rel=\"attachment wp-att-4454\"><img loading=\"lazy\" class=\"aligncenter size-full wp-image-4454\" title=\"OLYMPUS DIGITAL CAMERA\" src=\"\/tormentas-y-rayos\/wp-content\/uploads\/sites\/12\/2012\/12\/0014.jpg\" alt=\"\" width=\"670\" height=\"503\" srcset=\"https:\/\/static-blogs.diariosur.es\/wp-content\/uploads\/sites\/12\/2012\/12\/0014.jpg 670w, https:\/\/static-blogs.diariosur.es\/wp-content\/uploads\/sites\/12\/2012\/12\/0014-533x400.jpg 533w\" sizes=\"(max-width: 670px) 100vw, 670px\" \/><\/a><\/p>\n<p><strong>Poco mas que contar amigos, solo deciros que por el interior de la provincia y en nuestra regi\u00f3n , las nieblas seguir\u00e1n siendo las protagonistas. ASI QUE TENER CUIDADO POR LAS CARRETERAS.<\/strong><\/p>\n<p><strong>El viernes entra la primavera, uyyyyyyyyy perd\u00f3n,&#8230; el invierno jiji, ya hablaremos que pasara durante el fin de semana y Navidad. Lo mismo el dia 25 bajan las temperaturas.<\/strong><\/p>\n<p><span style=\"color: #ff0000;\"><strong>Os dejo con este impresionante video de aterrizajes en el Aeropuerto Sondica de Bilbao. Se tomaron el viernes pasado , cuando las rachas de viento estaban cercanas a los 90 km\/h.\u00a0<\/strong><\/span><\/p>\n<p>&nbsp;<\/p>\n<p>&nbsp;<\/p>\n<p><iframe loading=\"lazy\" src=\"\/\/www.youtube.com\/embed\/6BVCFOJkRJc\" frameborder=\"0\" width=\"640\" height=\"480\"><\/iframe><\/p>\n","protected":false},"excerpt":{"rendered":"<p>Buenos dias amigos de la meteo. Son las seis de la ma\u00f1ana y es mi cumpleeeeeeeeeeeeeeeeeee je je je. Casi todos los a\u00f1os las borrascas me regalan algo de\u00a0fr\u00edo,\u00a0 viento, lluvias, tormentas , olas\u00a0 etc etc, pero esta vez me regalan anticicl\u00f3n y subida de temperaturas. Para nada me gusta este regalo, seguro que me [&hellip;]<\/p>\n","protected":false},"author":16,"featured_media":4447,"comment_status":"open","ping_status":"closed","sticky":false,"template":"","format":"standard","meta":[],"categories":[2],"tags":[47,142,179,927],"_links":{"self":[{"href":"https:\/\/blogs.diariosur.es\/tormentas-y-rayos\/wp-json\/wp\/v2\/posts\/4443"}],"collection":[{"href":"https:\/\/blogs.diariosur.es\/tormentas-y-rayos\/wp-json\/wp\/v2\/posts"}],"about":[{"href":"https:\/\/blogs.diariosur.es\/tormentas-y-rayos\/wp-json\/wp\/v2\/types\/post"}],"author":[{"embeddable":true,"href":"https:\/\/blogs.diariosur.es\/tormentas-y-rayos\/wp-json\/wp\/v2\/users\/16"}],"replies":[{"embeddable":true,"href":"https:\/\/blogs.diariosur.es\/tormentas-y-rayos\/wp-json\/wp\/v2\/comments?post=4443"}],"version-history":[{"count":0,"href":"https:\/\/blogs.diariosur.es\/tormentas-y-rayos\/wp-json\/wp\/v2\/posts\/4443\/revisions"}],"wp:featuredmedia":[{"embeddable":true,"href":"https:\/\/blogs.diariosur.es\/tormentas-y-rayos\/wp-json\/wp\/v2\/media\/4447"}],"wp:attachment":[{"href":"https:\/\/blogs.diariosur.es\/tormentas-y-rayos\/wp-json\/wp\/v2\/media?parent=4443"}],"wp:term":[{"taxonomy":"category","embeddable":true,"href":"https:\/\/blogs.diariosur.es\/tormentas-y-rayos\/wp-json\/wp\/v2\/categories?post=4443"},{"taxonomy":"post_tag","embeddable":true,"href":"https:\/\/blogs.diariosur.es\/tormentas-y-rayos\/wp-json\/wp\/v2\/tags?post=4443"}],"curies":[{"name":"wp","href":"https:\/\/api.w.org\/{rel}","templated":true}]}}