{"id":44438,"date":"2025-04-25T08:01:04","date_gmt":"2025-04-25T06:01:04","guid":{"rendered":"https:\/\/blogs.diariosur.es\/tormentas-y-rayos\/?p=44438"},"modified":"2025-04-25T08:01:04","modified_gmt":"2025-04-25T06:01:04","slug":"mucha-incertidumbre-con-las-probables-lluvias-en-la-provincia-de-malaga-y-andalucia-el-30-de-abril-y-1-de-mayo-con-la-dana","status":"publish","type":"post","link":"https:\/\/blogs.diariosur.es\/tormentas-y-rayos\/2025\/04\/25\/mucha-incertidumbre-con-las-probables-lluvias-en-la-provincia-de-malaga-y-andalucia-el-30-de-abril-y-1-de-mayo-con-la-dana\/","title":{"rendered":"Mucha incertidumbre con las probables lluvias en la provincia de M\u00e1laga y Andaluc\u00eda el 30 de abril y 1 de mayo con la dana"},"content":{"rendered":"<p><a href=\"https:\/\/static-blogs.diariosur.es\/wp-content\/uploads\/sites\/12\/2025\/03\/130738248_10221381944997043_6257362087676436516_n.jpg\"><img loading=\"lazy\" class=\"aligncenter size-thumbnail wp-image-44057\" src=\"https:\/\/static-blogs.diariosur.es\/wp-content\/uploads\/sites\/12\/2025\/03\/130738248_10221381944997043_6257362087676436516_n-150x150.jpg\" alt=\"\" width=\"150\" height=\"150\" srcset=\"https:\/\/static-blogs.diariosur.es\/wp-content\/uploads\/sites\/12\/2025\/03\/130738248_10221381944997043_6257362087676436516_n-150x150.jpg 150w, https:\/\/static-blogs.diariosur.es\/wp-content\/uploads\/sites\/12\/2025\/03\/130738248_10221381944997043_6257362087676436516_n-400x400.jpg 400w, https:\/\/static-blogs.diariosur.es\/wp-content\/uploads\/sites\/12\/2025\/03\/130738248_10221381944997043_6257362087676436516_n-408x408.jpg 408w, https:\/\/static-blogs.diariosur.es\/wp-content\/uploads\/sites\/12\/2025\/03\/130738248_10221381944997043_6257362087676436516_n.jpg 768w\" sizes=\"(max-width: 150px) 100vw, 150px\" \/><\/a><\/p>\n<p>Buenos d\u00edas, amigos de la meteo. Os recuerdo la previsi\u00f3n para el fin de semana pinchar <a href=\"https:\/\/blogs.diariosur.es\/tormentas-y-rayos\/2025\/04\/24\/sorpresas-para-el-ultimo-fin-de-semana-de-abril-en-la-provincia-de-malaga\/\"><span style=\"color: #ff0000;\"><strong>ENLACE<\/strong><\/span><\/a><\/p>\n<p>Os pongo las temperaturas m\u00e1ximas que se registraron ayer en Espa\u00f1a. En M\u00e1laga capital el Centro Meteorol\u00f3gico registro 25,9 \u00baC.<\/p>\n<p>&nbsp;<\/p>\n<p><a href=\"https:\/\/static-blogs.diariosur.es\/wp-content\/uploads\/sites\/12\/2025\/04\/Captura-de-pantalla-2025-04-25-063832-e1745556126792.jpg\"><img loading=\"lazy\" class=\"aligncenter size-full wp-image-44444\" src=\"https:\/\/static-blogs.diariosur.es\/wp-content\/uploads\/sites\/12\/2025\/04\/Captura-de-pantalla-2025-04-25-063832-e1745556126792.jpg\" alt=\"\" width=\"1200\" height=\"562\" \/><\/a><\/p>\n<p>&nbsp;<\/p>\n<h3><span style=\"color: #0000ff;\"><strong>Mucha incertidumbre con las probables lluvias en la provincia de M\u00e1laga y Andaluc\u00eda el 30 de abril y 1 de mayo con la dana<\/strong><\/span><\/h3>\n<p>Desde hace unos d\u00edas, me est\u00e1is preguntando por estas probables lluvias que pueden darse en zonas de Andaluc\u00eda y provincia malague\u00f1a a consecuencia de una dana. No quer\u00eda comentar nada a\u00fan, pero iremos haciendo un seguimiento.<\/p>\n<p>De momento hay mucha incertidumbre con la posici\u00f3n de la dana, esto quiere decir que lo mismo llueve m\u00e1s en algunas zonas de Andaluc\u00eda y en la provincia malague\u00f1a nada. Por poneros un ejemplo, ayer por la ma\u00f1ana daban buenos acumulados en toda la provincia de M\u00e1laga el modelo europeo, en cambio en la actualizaci\u00f3n de la noche nada. Hasta el domingo por la noche no estara clara que posici\u00f3n tendr\u00e1 la dana.<\/p>\n<p>&nbsp;<\/p>\n<p>Os pongo los acumulados actualizados del modelo americano para la provincia de M\u00e1laga y Andaluc\u00eda. Y a continuaci\u00f3n los del europeo<\/p>\n<p>&nbsp;<\/p>\n<p><a href=\"https:\/\/static-blogs.diariosur.es\/wp-content\/uploads\/sites\/12\/2025\/04\/americano-malaga-3.jpg\"><img loading=\"lazy\" class=\"aligncenter size-full wp-image-44445\" src=\"https:\/\/static-blogs.diariosur.es\/wp-content\/uploads\/sites\/12\/2025\/04\/americano-malaga-3.jpg\" alt=\"\" width=\"1150\" height=\"1198\" srcset=\"https:\/\/static-blogs.diariosur.es\/wp-content\/uploads\/sites\/12\/2025\/04\/americano-malaga-3.jpg 1150w, https:\/\/static-blogs.diariosur.es\/wp-content\/uploads\/sites\/12\/2025\/04\/americano-malaga-3-384x400.jpg 384w, https:\/\/static-blogs.diariosur.es\/wp-content\/uploads\/sites\/12\/2025\/04\/americano-malaga-3-392x408.jpg 392w, https:\/\/static-blogs.diariosur.es\/wp-content\/uploads\/sites\/12\/2025\/04\/americano-malaga-3-768x800.jpg 768w\" sizes=\"(max-width: 1150px) 100vw, 1150px\" \/><\/a><\/p>\n<p><a href=\"https:\/\/static-blogs.diariosur.es\/wp-content\/uploads\/sites\/12\/2025\/04\/americano-andalucia-1.jpg\"><img loading=\"lazy\" class=\"aligncenter size-full wp-image-44446\" src=\"https:\/\/static-blogs.diariosur.es\/wp-content\/uploads\/sites\/12\/2025\/04\/americano-andalucia-1.jpg\" alt=\"\" width=\"1149\" height=\"1215\" srcset=\"https:\/\/static-blogs.diariosur.es\/wp-content\/uploads\/sites\/12\/2025\/04\/americano-andalucia-1.jpg 1149w, https:\/\/static-blogs.diariosur.es\/wp-content\/uploads\/sites\/12\/2025\/04\/americano-andalucia-1-378x400.jpg 378w, https:\/\/static-blogs.diariosur.es\/wp-content\/uploads\/sites\/12\/2025\/04\/americano-andalucia-1-386x408.jpg 386w, https:\/\/static-blogs.diariosur.es\/wp-content\/uploads\/sites\/12\/2025\/04\/americano-andalucia-1-768x812.jpg 768w\" sizes=\"(max-width: 1149px) 100vw, 1149px\" \/><\/a><\/p>\n<p>&nbsp;<\/p>\n<p>Modelo Europeo<\/p>\n<p>&nbsp;<\/p>\n<p><a href=\"https:\/\/static-blogs.diariosur.es\/wp-content\/uploads\/sites\/12\/2025\/04\/EUROPEO-MALAGA-1.jpg\"><img loading=\"lazy\" class=\"aligncenter size-full wp-image-44449\" src=\"https:\/\/static-blogs.diariosur.es\/wp-content\/uploads\/sites\/12\/2025\/04\/EUROPEO-MALAGA-1.jpg\" alt=\"\" width=\"1131\" height=\"1243\" srcset=\"https:\/\/static-blogs.diariosur.es\/wp-content\/uploads\/sites\/12\/2025\/04\/EUROPEO-MALAGA-1.jpg 1131w, https:\/\/static-blogs.diariosur.es\/wp-content\/uploads\/sites\/12\/2025\/04\/EUROPEO-MALAGA-1-364x400.jpg 364w, https:\/\/static-blogs.diariosur.es\/wp-content\/uploads\/sites\/12\/2025\/04\/EUROPEO-MALAGA-1-371x408.jpg 371w, https:\/\/static-blogs.diariosur.es\/wp-content\/uploads\/sites\/12\/2025\/04\/EUROPEO-MALAGA-1-768x844.jpg 768w\" sizes=\"(max-width: 1131px) 100vw, 1131px\" \/><\/a><\/p>\n<p>&nbsp;<\/p>\n<p><a href=\"https:\/\/static-blogs.diariosur.es\/wp-content\/uploads\/sites\/12\/2025\/04\/EUROPEO-ANDALUCIA-2.jpg\"><img loading=\"lazy\" class=\"aligncenter size-full wp-image-44450\" src=\"https:\/\/static-blogs.diariosur.es\/wp-content\/uploads\/sites\/12\/2025\/04\/EUROPEO-ANDALUCIA-2.jpg\" alt=\"\" width=\"1144\" height=\"1252\" srcset=\"https:\/\/static-blogs.diariosur.es\/wp-content\/uploads\/sites\/12\/2025\/04\/EUROPEO-ANDALUCIA-2.jpg 1144w, https:\/\/static-blogs.diariosur.es\/wp-content\/uploads\/sites\/12\/2025\/04\/EUROPEO-ANDALUCIA-2-365x400.jpg 365w, https:\/\/static-blogs.diariosur.es\/wp-content\/uploads\/sites\/12\/2025\/04\/EUROPEO-ANDALUCIA-2-373x408.jpg 373w, https:\/\/static-blogs.diariosur.es\/wp-content\/uploads\/sites\/12\/2025\/04\/EUROPEO-ANDALUCIA-2-768x841.jpg 768w\" sizes=\"(max-width: 1144px) 100vw, 1144px\" \/><\/a><\/p>\n<p>&nbsp;<\/p>\n<p>Como os he cementado mas arriba, el domingo por la noche sabremos mas o menos que posici\u00f3n tendr\u00e1 la dana.<\/p>\n<p>&nbsp;<\/p>\n<p><a href=\"https:\/\/static-blogs.diariosur.es\/wp-content\/uploads\/sites\/12\/2025\/04\/437595523_10228727590433588_1476572738921882430_n.jpg\"><img loading=\"lazy\" class=\"aligncenter size-full wp-image-44451\" src=\"https:\/\/static-blogs.diariosur.es\/wp-content\/uploads\/sites\/12\/2025\/04\/437595523_10228727590433588_1476572738921882430_n.jpg\" alt=\"\" width=\"960\" height=\"720\" srcset=\"https:\/\/static-blogs.diariosur.es\/wp-content\/uploads\/sites\/12\/2025\/04\/437595523_10228727590433588_1476572738921882430_n.jpg 960w, https:\/\/static-blogs.diariosur.es\/wp-content\/uploads\/sites\/12\/2025\/04\/437595523_10228727590433588_1476572738921882430_n-533x400.jpg 533w, https:\/\/static-blogs.diariosur.es\/wp-content\/uploads\/sites\/12\/2025\/04\/437595523_10228727590433588_1476572738921882430_n-544x408.jpg 544w, https:\/\/static-blogs.diariosur.es\/wp-content\/uploads\/sites\/12\/2025\/04\/437595523_10228727590433588_1476572738921882430_n-768x576.jpg 768w\" sizes=\"(max-width: 960px) 100vw, 960px\" \/><\/a><\/p>\n","protected":false},"excerpt":{"rendered":"<p>Buenos d\u00edas, amigos de la meteo. Os recuerdo la previsi\u00f3n para el fin de semana pinchar ENLACE Os pongo las temperaturas m\u00e1ximas que se registraron ayer en Espa\u00f1a. En M\u00e1laga capital el Centro Meteorol\u00f3gico registro 25,9 \u00baC. &nbsp; &nbsp; Mucha incertidumbre con las probables lluvias en la provincia de M\u00e1laga y Andaluc\u00eda el 30 de [&hellip;]<\/p>\n","protected":false},"author":16,"featured_media":44451,"comment_status":"open","ping_status":"open","sticky":false,"template":"","format":"standard","meta":[],"categories":[2],"tags":[35,100,307,569,587,628,800,996],"_links":{"self":[{"href":"https:\/\/blogs.diariosur.es\/tormentas-y-rayos\/wp-json\/wp\/v2\/posts\/44438"}],"collection":[{"href":"https:\/\/blogs.diariosur.es\/tormentas-y-rayos\/wp-json\/wp\/v2\/posts"}],"about":[{"href":"https:\/\/blogs.diariosur.es\/tormentas-y-rayos\/wp-json\/wp\/v2\/types\/post"}],"author":[{"embeddable":true,"href":"https:\/\/blogs.diariosur.es\/tormentas-y-rayos\/wp-json\/wp\/v2\/users\/16"}],"replies":[{"embeddable":true,"href":"https:\/\/blogs.diariosur.es\/tormentas-y-rayos\/wp-json\/wp\/v2\/comments?post=44438"}],"version-history":[{"count":8,"href":"https:\/\/blogs.diariosur.es\/tormentas-y-rayos\/wp-json\/wp\/v2\/posts\/44438\/revisions"}],"predecessor-version":[{"id":44452,"href":"https:\/\/blogs.diariosur.es\/tormentas-y-rayos\/wp-json\/wp\/v2\/posts\/44438\/revisions\/44452"}],"wp:featuredmedia":[{"embeddable":true,"href":"https:\/\/blogs.diariosur.es\/tormentas-y-rayos\/wp-json\/wp\/v2\/media\/44451"}],"wp:attachment":[{"href":"https:\/\/blogs.diariosur.es\/tormentas-y-rayos\/wp-json\/wp\/v2\/media?parent=44438"}],"wp:term":[{"taxonomy":"category","embeddable":true,"href":"https:\/\/blogs.diariosur.es\/tormentas-y-rayos\/wp-json\/wp\/v2\/categories?post=44438"},{"taxonomy":"post_tag","embeddable":true,"href":"https:\/\/blogs.diariosur.es\/tormentas-y-rayos\/wp-json\/wp\/v2\/tags?post=44438"}],"curies":[{"name":"wp","href":"https:\/\/api.w.org\/{rel}","templated":true}]}}