{"id":44460,"date":"2025-04-26T20:30:11","date_gmt":"2025-04-26T18:30:11","guid":{"rendered":"https:\/\/blogs.diariosur.es\/tormentas-y-rayos\/?p=44460"},"modified":"2025-10-05T19:06:30","modified_gmt":"2025-10-05T17:06:30","slug":"temperaturas-maximas-que-se-han-dado-hoy-sabado-en-la-provincia-de-malaga-estepona-maxima-de-espana","status":"publish","type":"post","link":"https:\/\/blogs.diariosur.es\/tormentas-y-rayos\/2025\/04\/26\/temperaturas-maximas-que-se-han-dado-hoy-sabado-en-la-provincia-de-malaga-estepona-maxima-de-espana\/","title":{"rendered":"Temperaturas m\u00e1ximas que se han dado hoy s\u00e1bado en la provincia de M\u00e1laga. Estepona m\u00e1xima de Espa\u00f1a."},"content":{"rendered":"<p><a href=\"https:\/\/static-blogs.diariosur.es\/wp-content\/uploads\/sites\/12\/2025\/03\/130738248_10221381944997043_6257362087676436516_n.jpg\"><img loading=\"lazy\" class=\"aligncenter size-thumbnail wp-image-44057\" src=\"https:\/\/static-blogs.diariosur.es\/wp-content\/uploads\/sites\/12\/2025\/03\/130738248_10221381944997043_6257362087676436516_n-150x150.jpg\" alt=\"\" width=\"150\" height=\"150\" srcset=\"https:\/\/static-blogs.diariosur.es\/wp-content\/uploads\/sites\/12\/2025\/03\/130738248_10221381944997043_6257362087676436516_n-150x150.jpg 150w, https:\/\/static-blogs.diariosur.es\/wp-content\/uploads\/sites\/12\/2025\/03\/130738248_10221381944997043_6257362087676436516_n-400x400.jpg 400w, https:\/\/static-blogs.diariosur.es\/wp-content\/uploads\/sites\/12\/2025\/03\/130738248_10221381944997043_6257362087676436516_n-408x408.jpg 408w, https:\/\/static-blogs.diariosur.es\/wp-content\/uploads\/sites\/12\/2025\/03\/130738248_10221381944997043_6257362087676436516_n.jpg 768w\" sizes=\"(max-width: 150px) 100vw, 150px\" \/><\/a><\/p>\n<p data-pm-slice=\"1 1 []\">Buenas tardes, amigos de la meteo. Recordar que sobre la una o dos de la madrugada del domingo entrar\u00e1 el levante con rachas fuertes.<\/p>\n<p>Os pongo las temperaturas m\u00e1ximas que se han dado hoy en la provincia de M\u00e1laga a consecuencia del terral de primavera.<\/p>\n<p>Fuente: Aemet y Meteoclimatic.<\/p>\n<p>La m\u00e1xima se ha dado en Estepona con 30,8 \u00b0C, probablemente la m\u00e1xima de Espa\u00f1a. Esto lo sabremos sobre las once de la noche.<\/p>\n<p>Algarrobo 30,2 \u00b0C<\/p>\n<p>M\u00e1laga Aeropuerto\u00a029,7 \u00b0C<\/p>\n<p>Torremolinos\u00a029,2 \u00b0C<\/p>\n<p>Benahav\u00eds\u00a028,6 \u00b0C<\/p>\n<p>\u00c1lora 28,2<\/p>\n<p>V\u00e9lez M\u00e1laga 28,2. Meteoclimatic<\/p>\n<p>Alhaur\u00edn de la Torre\u00a027,1 \u00b0C<\/p>\n<p>Nos vemos ma\u00f1ana.<\/p>\n<p>&nbsp;<\/p>\n<p>&nbsp;<\/p>\n<p>&nbsp;<\/p>\n<blockquote><p>&nbsp;<\/p><\/blockquote>\n<p>&nbsp;<\/p>\n","protected":false},"excerpt":{"rendered":"<p>Buenas tardes, amigos de la meteo. Recordar que sobre la una o dos de la madrugada del domingo entrar\u00e1 el levante con rachas fuertes. Os pongo las temperaturas m\u00e1ximas que se han dado hoy en la provincia de M\u00e1laga a consecuencia del terral de primavera. Fuente: Aemet y Meteoclimatic. La m\u00e1xima se ha dado en [&hellip;]<\/p>\n","protected":false},"author":16,"featured_media":44089,"comment_status":"open","ping_status":"open","sticky":false,"template":"","format":"standard","meta":[],"categories":[2],"tags":[],"_links":{"self":[{"href":"https:\/\/blogs.diariosur.es\/tormentas-y-rayos\/wp-json\/wp\/v2\/posts\/44460"}],"collection":[{"href":"https:\/\/blogs.diariosur.es\/tormentas-y-rayos\/wp-json\/wp\/v2\/posts"}],"about":[{"href":"https:\/\/blogs.diariosur.es\/tormentas-y-rayos\/wp-json\/wp\/v2\/types\/post"}],"author":[{"embeddable":true,"href":"https:\/\/blogs.diariosur.es\/tormentas-y-rayos\/wp-json\/wp\/v2\/users\/16"}],"replies":[{"embeddable":true,"href":"https:\/\/blogs.diariosur.es\/tormentas-y-rayos\/wp-json\/wp\/v2\/comments?post=44460"}],"version-history":[{"count":3,"href":"https:\/\/blogs.diariosur.es\/tormentas-y-rayos\/wp-json\/wp\/v2\/posts\/44460\/revisions"}],"predecessor-version":[{"id":46648,"href":"https:\/\/blogs.diariosur.es\/tormentas-y-rayos\/wp-json\/wp\/v2\/posts\/44460\/revisions\/46648"}],"wp:featuredmedia":[{"embeddable":true,"href":"https:\/\/blogs.diariosur.es\/tormentas-y-rayos\/wp-json\/wp\/v2\/media\/44089"}],"wp:attachment":[{"href":"https:\/\/blogs.diariosur.es\/tormentas-y-rayos\/wp-json\/wp\/v2\/media?parent=44460"}],"wp:term":[{"taxonomy":"category","embeddable":true,"href":"https:\/\/blogs.diariosur.es\/tormentas-y-rayos\/wp-json\/wp\/v2\/categories?post=44460"},{"taxonomy":"post_tag","embeddable":true,"href":"https:\/\/blogs.diariosur.es\/tormentas-y-rayos\/wp-json\/wp\/v2\/tags?post=44460"}],"curies":[{"name":"wp","href":"https:\/\/api.w.org\/{rel}","templated":true}]}}