{"id":44470,"date":"2025-04-28T08:50:25","date_gmt":"2025-04-28T06:50:25","guid":{"rendered":"https:\/\/blogs.diariosur.es\/tormentas-y-rayos\/?p=44470"},"modified":"2025-10-05T18:58:55","modified_gmt":"2025-10-05T16:58:55","slug":"ultima-hora-de-la-dana-para-los-proximos-dias-en-andalucia-y-provincia-de-malaga-probables-acumulados-polvo-en-suspension","status":"publish","type":"post","link":"https:\/\/blogs.diariosur.es\/tormentas-y-rayos\/2025\/04\/28\/ultima-hora-de-la-dana-para-los-proximos-dias-en-andalucia-y-provincia-de-malaga-probables-acumulados-polvo-en-suspension\/","title":{"rendered":"\u00daltima hora de la dana para los pr\u00f3ximos d\u00edas en Andaluc\u00eda y provincia de M\u00e1laga. Probables acumulados. Polvo en suspensi\u00f3n."},"content":{"rendered":"<p><a href=\"https:\/\/static-blogs.diariosur.es\/wp-content\/uploads\/sites\/12\/2025\/03\/474591997_10231480374091459_5977821584942016476_n.jpg\"><img loading=\"lazy\" class=\"aligncenter size-thumbnail wp-image-43666\" src=\"https:\/\/static-blogs.diariosur.es\/wp-content\/uploads\/sites\/12\/2025\/03\/474591997_10231480374091459_5977821584942016476_n-150x150.jpg\" alt=\"\" width=\"150\" height=\"150\" srcset=\"https:\/\/static-blogs.diariosur.es\/wp-content\/uploads\/sites\/12\/2025\/03\/474591997_10231480374091459_5977821584942016476_n-150x150.jpg 150w, https:\/\/static-blogs.diariosur.es\/wp-content\/uploads\/sites\/12\/2025\/03\/474591997_10231480374091459_5977821584942016476_n-400x400.jpg 400w, https:\/\/static-blogs.diariosur.es\/wp-content\/uploads\/sites\/12\/2025\/03\/474591997_10231480374091459_5977821584942016476_n-408x408.jpg 408w, https:\/\/static-blogs.diariosur.es\/wp-content\/uploads\/sites\/12\/2025\/03\/474591997_10231480374091459_5977821584942016476_n-768x768.jpg 768w, https:\/\/static-blogs.diariosur.es\/wp-content\/uploads\/sites\/12\/2025\/03\/474591997_10231480374091459_5977821584942016476_n.jpg 1000w\" sizes=\"(max-width: 150px) 100vw, 150px\" \/><\/a><\/p>\n<p data-pm-slice=\"1 1 []\">Buenos d\u00edas, amigos de la meteo. Seguimos con la incertidumbre con los probables acumulados que pueda dejar la dana desde el<strong> mi\u00e9rcoles al s\u00e1bado<\/strong>.<\/p>\n<p>A\u00fan no est\u00e1 clara la posici\u00f3n que tomar\u00e1 la dana; la \u00faltima actualizaci\u00f3n la acerca m\u00e1s al oeste de la pen\u00ednsula.<\/p>\n<p>Os pongo los acumulados de los modelos europeos y americano. Hay probabilidad de polvo en suspensi\u00f3n el jueves y viernes.<\/p>\n<p>Os veo ma\u00f1ana con los datos acumulados actualizados.<\/p>\n<p>&nbsp;<\/p>\n<p><strong>Europeo<\/strong><\/p>\n<p>&nbsp;<\/p>\n<p><a href=\"https:\/\/static-blogs.diariosur.es\/wp-content\/uploads\/sites\/12\/2025\/04\/europeo-dana.jpg\"><img loading=\"lazy\" class=\"aligncenter size-full wp-image-44471\" src=\"https:\/\/static-blogs.diariosur.es\/wp-content\/uploads\/sites\/12\/2025\/04\/europeo-dana.jpg\" alt=\"\" width=\"1144\" height=\"1246\" srcset=\"https:\/\/static-blogs.diariosur.es\/wp-content\/uploads\/sites\/12\/2025\/04\/europeo-dana.jpg 1144w, https:\/\/static-blogs.diariosur.es\/wp-content\/uploads\/sites\/12\/2025\/04\/europeo-dana-367x400.jpg 367w, https:\/\/static-blogs.diariosur.es\/wp-content\/uploads\/sites\/12\/2025\/04\/europeo-dana-375x408.jpg 375w, https:\/\/static-blogs.diariosur.es\/wp-content\/uploads\/sites\/12\/2025\/04\/europeo-dana-768x836.jpg 768w\" sizes=\"(max-width: 1144px) 100vw, 1144px\" \/><\/a><\/p>\n<p>&nbsp;<\/p>\n<p><strong>Americano<\/strong><\/p>\n<p>&nbsp;<\/p>\n<p>&nbsp;<\/p>\n<p><a href=\"https:\/\/static-blogs.diariosur.es\/wp-content\/uploads\/sites\/12\/2025\/04\/americano-dana.jpg\"><img loading=\"lazy\" class=\"aligncenter size-full wp-image-44472\" src=\"https:\/\/static-blogs.diariosur.es\/wp-content\/uploads\/sites\/12\/2025\/04\/americano-dana.jpg\" alt=\"\" width=\"1159\" height=\"1210\" srcset=\"https:\/\/static-blogs.diariosur.es\/wp-content\/uploads\/sites\/12\/2025\/04\/americano-dana.jpg 1159w, https:\/\/static-blogs.diariosur.es\/wp-content\/uploads\/sites\/12\/2025\/04\/americano-dana-383x400.jpg 383w, https:\/\/static-blogs.diariosur.es\/wp-content\/uploads\/sites\/12\/2025\/04\/americano-dana-391x408.jpg 391w, https:\/\/static-blogs.diariosur.es\/wp-content\/uploads\/sites\/12\/2025\/04\/americano-dana-768x802.jpg 768w\" sizes=\"(max-width: 1159px) 100vw, 1159px\" \/><\/a><\/p>\n","protected":false},"excerpt":{"rendered":"<p>Buenos d\u00edas, amigos de la meteo. Seguimos con la incertidumbre con los probables acumulados que pueda dejar la dana desde el mi\u00e9rcoles al s\u00e1bado. A\u00fan no est\u00e1 clara la posici\u00f3n que tomar\u00e1 la dana; la \u00faltima actualizaci\u00f3n la acerca m\u00e1s al oeste de la pen\u00ednsula. Os pongo los acumulados de los modelos europeos y americano. [&hellip;]<\/p>\n","protected":false},"author":16,"featured_media":44473,"comment_status":"open","ping_status":"open","sticky":false,"template":"","format":"standard","meta":[],"categories":[2],"tags":[100,307,569,587,628,832,996],"_links":{"self":[{"href":"https:\/\/blogs.diariosur.es\/tormentas-y-rayos\/wp-json\/wp\/v2\/posts\/44470"}],"collection":[{"href":"https:\/\/blogs.diariosur.es\/tormentas-y-rayos\/wp-json\/wp\/v2\/posts"}],"about":[{"href":"https:\/\/blogs.diariosur.es\/tormentas-y-rayos\/wp-json\/wp\/v2\/types\/post"}],"author":[{"embeddable":true,"href":"https:\/\/blogs.diariosur.es\/tormentas-y-rayos\/wp-json\/wp\/v2\/users\/16"}],"replies":[{"embeddable":true,"href":"https:\/\/blogs.diariosur.es\/tormentas-y-rayos\/wp-json\/wp\/v2\/comments?post=44470"}],"version-history":[{"count":2,"href":"https:\/\/blogs.diariosur.es\/tormentas-y-rayos\/wp-json\/wp\/v2\/posts\/44470\/revisions"}],"predecessor-version":[{"id":46644,"href":"https:\/\/blogs.diariosur.es\/tormentas-y-rayos\/wp-json\/wp\/v2\/posts\/44470\/revisions\/46644"}],"wp:featuredmedia":[{"embeddable":true,"href":"https:\/\/blogs.diariosur.es\/tormentas-y-rayos\/wp-json\/wp\/v2\/media\/44473"}],"wp:attachment":[{"href":"https:\/\/blogs.diariosur.es\/tormentas-y-rayos\/wp-json\/wp\/v2\/media?parent=44470"}],"wp:term":[{"taxonomy":"category","embeddable":true,"href":"https:\/\/blogs.diariosur.es\/tormentas-y-rayos\/wp-json\/wp\/v2\/categories?post=44470"},{"taxonomy":"post_tag","embeddable":true,"href":"https:\/\/blogs.diariosur.es\/tormentas-y-rayos\/wp-json\/wp\/v2\/tags?post=44470"}],"curies":[{"name":"wp","href":"https:\/\/api.w.org\/{rel}","templated":true}]}}