{"id":44475,"date":"2025-04-29T08:08:23","date_gmt":"2025-04-29T06:08:23","guid":{"rendered":"https:\/\/blogs.diariosur.es\/tormentas-y-rayos\/?p=44475"},"modified":"2025-10-05T18:56:04","modified_gmt":"2025-10-05T16:56:04","slug":"la-dana-no-es-la-culpable-del-apagon-acumulados-probables-para-manana-miercoles-en-andalucia-y-provincia-de-malaga","status":"publish","type":"post","link":"https:\/\/blogs.diariosur.es\/tormentas-y-rayos\/2025\/04\/29\/la-dana-no-es-la-culpable-del-apagon-acumulados-probables-para-manana-miercoles-en-andalucia-y-provincia-de-malaga\/","title":{"rendered":"La dana no es la culpable del apag\u00f3n. Acumulados probables para ma\u00f1ana mi\u00e9rcoles en Andaluc\u00eda y provincia de M\u00e1laga"},"content":{"rendered":"<p><a href=\"https:\/\/static-blogs.diariosur.es\/wp-content\/uploads\/sites\/12\/2025\/03\/130738248_10221381944997043_6257362087676436516_n.jpg\"><img loading=\"lazy\" class=\"aligncenter size-thumbnail wp-image-44057\" src=\"https:\/\/static-blogs.diariosur.es\/wp-content\/uploads\/sites\/12\/2025\/03\/130738248_10221381944997043_6257362087676436516_n-150x150.jpg\" alt=\"\" width=\"150\" height=\"150\" srcset=\"https:\/\/static-blogs.diariosur.es\/wp-content\/uploads\/sites\/12\/2025\/03\/130738248_10221381944997043_6257362087676436516_n-150x150.jpg 150w, https:\/\/static-blogs.diariosur.es\/wp-content\/uploads\/sites\/12\/2025\/03\/130738248_10221381944997043_6257362087676436516_n-400x400.jpg 400w, https:\/\/static-blogs.diariosur.es\/wp-content\/uploads\/sites\/12\/2025\/03\/130738248_10221381944997043_6257362087676436516_n-408x408.jpg 408w, https:\/\/static-blogs.diariosur.es\/wp-content\/uploads\/sites\/12\/2025\/03\/130738248_10221381944997043_6257362087676436516_n.jpg 768w\" sizes=\"(max-width: 150px) 100vw, 150px\" \/><\/a><\/p>\n<p data-pm-slice=\"1 1 []\">Buenos d\u00edas, amigos de la meteo. Cuando esta pasada madrugada he podido leer correos, WhatsApp, comentarios de redes, etc., etc., os aseguro que la dana no ha tenido nada que ver. A\u00fan no se hab\u00eda formado; se est\u00e1 formando ahora.<\/p>\n<p>Os pongo los acumulados de los modelos americano y europeo probables para ma\u00f1ana. Fijaros que hay a\u00fan mucha incertidumbre. Ma\u00f1ana dir\u00e9 los del jueves, que no espero mucho.<\/p>\n<p>&nbsp;<\/p>\n<p><strong>Americano<\/strong><\/p>\n<p>&nbsp;<\/p>\n<p><a href=\"https:\/\/static-blogs.diariosur.es\/wp-content\/uploads\/sites\/12\/2025\/04\/americano-miercoles-anfalucia.jpg\"><img loading=\"lazy\" class=\"aligncenter size-full wp-image-44476\" src=\"https:\/\/static-blogs.diariosur.es\/wp-content\/uploads\/sites\/12\/2025\/04\/americano-miercoles-anfalucia.jpg\" alt=\"\" width=\"1140\" height=\"1233\" srcset=\"https:\/\/static-blogs.diariosur.es\/wp-content\/uploads\/sites\/12\/2025\/04\/americano-miercoles-anfalucia.jpg 1140w, https:\/\/static-blogs.diariosur.es\/wp-content\/uploads\/sites\/12\/2025\/04\/americano-miercoles-anfalucia-370x400.jpg 370w, https:\/\/static-blogs.diariosur.es\/wp-content\/uploads\/sites\/12\/2025\/04\/americano-miercoles-anfalucia-377x408.jpg 377w, https:\/\/static-blogs.diariosur.es\/wp-content\/uploads\/sites\/12\/2025\/04\/americano-miercoles-anfalucia-768x831.jpg 768w\" sizes=\"(max-width: 1140px) 100vw, 1140px\" \/><\/a><\/p>\n<p>&nbsp;<\/p>\n<p><a href=\"https:\/\/static-blogs.diariosur.es\/wp-content\/uploads\/sites\/12\/2025\/04\/americano-miercoles-malaga.jpg\"><img loading=\"lazy\" class=\"aligncenter size-full wp-image-44477\" src=\"https:\/\/static-blogs.diariosur.es\/wp-content\/uploads\/sites\/12\/2025\/04\/americano-miercoles-malaga.jpg\" alt=\"\" width=\"1137\" height=\"1159\" srcset=\"https:\/\/static-blogs.diariosur.es\/wp-content\/uploads\/sites\/12\/2025\/04\/americano-miercoles-malaga.jpg 1137w, https:\/\/static-blogs.diariosur.es\/wp-content\/uploads\/sites\/12\/2025\/04\/americano-miercoles-malaga-392x400.jpg 392w, https:\/\/static-blogs.diariosur.es\/wp-content\/uploads\/sites\/12\/2025\/04\/americano-miercoles-malaga-400x408.jpg 400w, https:\/\/static-blogs.diariosur.es\/wp-content\/uploads\/sites\/12\/2025\/04\/americano-miercoles-malaga-768x783.jpg 768w\" sizes=\"(max-width: 1137px) 100vw, 1137px\" \/><\/a><\/p>\n<p>&nbsp;<\/p>\n<p><strong>Europeo<\/strong><\/p>\n<p>&nbsp;<\/p>\n<p><a href=\"https:\/\/static-blogs.diariosur.es\/wp-content\/uploads\/sites\/12\/2025\/04\/europeo-miercoles-andalucia.jpg\"><img loading=\"lazy\" class=\"aligncenter size-full wp-image-44478\" src=\"https:\/\/static-blogs.diariosur.es\/wp-content\/uploads\/sites\/12\/2025\/04\/europeo-miercoles-andalucia.jpg\" alt=\"\" width=\"1159\" height=\"1258\" srcset=\"https:\/\/static-blogs.diariosur.es\/wp-content\/uploads\/sites\/12\/2025\/04\/europeo-miercoles-andalucia.jpg 1159w, https:\/\/static-blogs.diariosur.es\/wp-content\/uploads\/sites\/12\/2025\/04\/europeo-miercoles-andalucia-369x400.jpg 369w, https:\/\/static-blogs.diariosur.es\/wp-content\/uploads\/sites\/12\/2025\/04\/europeo-miercoles-andalucia-376x408.jpg 376w, https:\/\/static-blogs.diariosur.es\/wp-content\/uploads\/sites\/12\/2025\/04\/europeo-miercoles-andalucia-768x834.jpg 768w\" sizes=\"(max-width: 1159px) 100vw, 1159px\" \/><\/a><\/p>\n<p>&nbsp;<\/p>\n<p><a href=\"https:\/\/static-blogs.diariosur.es\/wp-content\/uploads\/sites\/12\/2025\/04\/europeo-miercoles.jpg\"><img loading=\"lazy\" class=\"aligncenter size-full wp-image-44479\" src=\"https:\/\/static-blogs.diariosur.es\/wp-content\/uploads\/sites\/12\/2025\/04\/europeo-miercoles.jpg\" alt=\"\" width=\"1144\" height=\"1240\" srcset=\"https:\/\/static-blogs.diariosur.es\/wp-content\/uploads\/sites\/12\/2025\/04\/europeo-miercoles.jpg 1144w, https:\/\/static-blogs.diariosur.es\/wp-content\/uploads\/sites\/12\/2025\/04\/europeo-miercoles-369x400.jpg 369w, https:\/\/static-blogs.diariosur.es\/wp-content\/uploads\/sites\/12\/2025\/04\/europeo-miercoles-376x408.jpg 376w, https:\/\/static-blogs.diariosur.es\/wp-content\/uploads\/sites\/12\/2025\/04\/europeo-miercoles-768x832.jpg 768w\" sizes=\"(max-width: 1144px) 100vw, 1144px\" \/><\/a><\/p>\n<p>&nbsp;<\/p>\n<p>&nbsp;<\/p>\n","protected":false},"excerpt":{"rendered":"<p>Buenos d\u00edas, amigos de la meteo. Cuando esta pasada madrugada he podido leer correos, WhatsApp, comentarios de redes, etc., etc., os aseguro que la dana no ha tenido nada que ver. A\u00fan no se hab\u00eda formado; se est\u00e1 formando ahora. Os pongo los acumulados de los modelos americano y europeo probables para ma\u00f1ana. Fijaros que [&hellip;]<\/p>\n","protected":false},"author":16,"featured_media":44480,"comment_status":"open","ping_status":"open","sticky":false,"template":"","format":"standard","meta":[],"categories":[2],"tags":[100,2031,307,569,587],"_links":{"self":[{"href":"https:\/\/blogs.diariosur.es\/tormentas-y-rayos\/wp-json\/wp\/v2\/posts\/44475"}],"collection":[{"href":"https:\/\/blogs.diariosur.es\/tormentas-y-rayos\/wp-json\/wp\/v2\/posts"}],"about":[{"href":"https:\/\/blogs.diariosur.es\/tormentas-y-rayos\/wp-json\/wp\/v2\/types\/post"}],"author":[{"embeddable":true,"href":"https:\/\/blogs.diariosur.es\/tormentas-y-rayos\/wp-json\/wp\/v2\/users\/16"}],"replies":[{"embeddable":true,"href":"https:\/\/blogs.diariosur.es\/tormentas-y-rayos\/wp-json\/wp\/v2\/comments?post=44475"}],"version-history":[{"count":2,"href":"https:\/\/blogs.diariosur.es\/tormentas-y-rayos\/wp-json\/wp\/v2\/posts\/44475\/revisions"}],"predecessor-version":[{"id":46642,"href":"https:\/\/blogs.diariosur.es\/tormentas-y-rayos\/wp-json\/wp\/v2\/posts\/44475\/revisions\/46642"}],"wp:featuredmedia":[{"embeddable":true,"href":"https:\/\/blogs.diariosur.es\/tormentas-y-rayos\/wp-json\/wp\/v2\/media\/44480"}],"wp:attachment":[{"href":"https:\/\/blogs.diariosur.es\/tormentas-y-rayos\/wp-json\/wp\/v2\/media?parent=44475"}],"wp:term":[{"taxonomy":"category","embeddable":true,"href":"https:\/\/blogs.diariosur.es\/tormentas-y-rayos\/wp-json\/wp\/v2\/categories?post=44475"},{"taxonomy":"post_tag","embeddable":true,"href":"https:\/\/blogs.diariosur.es\/tormentas-y-rayos\/wp-json\/wp\/v2\/tags?post=44475"}],"curies":[{"name":"wp","href":"https:\/\/api.w.org\/{rel}","templated":true}]}}