{"id":44482,"date":"2025-04-29T12:58:51","date_gmt":"2025-04-29T10:58:51","guid":{"rendered":"https:\/\/blogs.diariosur.es\/tormentas-y-rayos\/?p=44482"},"modified":"2025-10-05T18:57:14","modified_gmt":"2025-10-05T16:57:14","slug":"aviso-amarillo-por-lluvias-en-las-provincias-de-cadiz-huelva-y-sevilla","status":"publish","type":"post","link":"https:\/\/blogs.diariosur.es\/tormentas-y-rayos\/2025\/04\/29\/aviso-amarillo-por-lluvias-en-las-provincias-de-cadiz-huelva-y-sevilla\/","title":{"rendered":"Aviso amarillo por lluvias en las provincias de C\u00e1diz,  Huelva y Sevilla"},"content":{"rendered":"<p><a href=\"https:\/\/static-blogs.diariosur.es\/wp-content\/uploads\/sites\/12\/2025\/03\/485061785_10232007549910525_80981998006536982_n-1.jpg\"><img loading=\"lazy\" class=\"aligncenter size-thumbnail wp-image-43964\" src=\"https:\/\/static-blogs.diariosur.es\/wp-content\/uploads\/sites\/12\/2025\/03\/485061785_10232007549910525_80981998006536982_n-1-150x150.jpg\" alt=\"\" width=\"150\" height=\"150\" \/><\/a><\/p>\n<p>&nbsp;<\/p>\n<p data-pm-slice=\"1 1 []\">Actualizo el blog nuevamente para informaros que la AEMET activa el aviso amarillo por lluvias de 15 mm en una hora, en las provincias de C\u00e1diz, Sevilla y Huelva ma\u00f1ana mi\u00e9rcoles. En la zona m\u00e1s occidental de nuestra provincia, tambi\u00e9n habr\u00e1 precipitaciones. En todos los portales, lo mismo, no.<\/p>\n<p>&nbsp;<\/p>\n<p><a href=\"https:\/\/static-blogs.diariosur.es\/wp-content\/uploads\/sites\/12\/2025\/04\/Screenshot_20250429_124411_Chrome-e1745923942249.jpg\"><img loading=\"lazy\" class=\"aligncenter size-full wp-image-44483\" src=\"https:\/\/static-blogs.diariosur.es\/wp-content\/uploads\/sites\/12\/2025\/04\/Screenshot_20250429_124411_Chrome-e1745923942249.jpg\" alt=\"\" width=\"1000\" height=\"1028\" \/><\/a><\/p>\n<p>Foto de portada de mi amigo Lui Garc\u00eda Mar\u00edn.<\/p>\n<p><a href=\"https:\/\/static-blogs.diariosur.es\/wp-content\/uploads\/sites\/12\/2025\/03\/483920475_10231892821882396_4217339315511825622_n-e1741854403689.jpg\"><img loading=\"lazy\" class=\"aligncenter size-full wp-image-43831\" src=\"https:\/\/static-blogs.diariosur.es\/wp-content\/uploads\/sites\/12\/2025\/03\/483920475_10231892821882396_4217339315511825622_n-e1741854403689.jpg\" alt=\"\" width=\"800\" height=\"1043\" \/><\/a><\/p>\n<p>&nbsp;<\/p>\n","protected":false},"excerpt":{"rendered":"<p>&nbsp; Actualizo el blog nuevamente para informaros que la AEMET activa el aviso amarillo por lluvias de 15 mm en una hora, en las provincias de C\u00e1diz, Sevilla y Huelva ma\u00f1ana mi\u00e9rcoles. En la zona m\u00e1s occidental de nuestra provincia, tambi\u00e9n habr\u00e1 precipitaciones. En todos los portales, lo mismo, no. &nbsp; Foto de portada de [&hellip;]<\/p>\n","protected":false},"author":16,"featured_media":43831,"comment_status":"open","ping_status":"open","sticky":false,"template":"","format":"standard","meta":[],"categories":[2],"tags":[94,100,2031,151,307,569,587],"_links":{"self":[{"href":"https:\/\/blogs.diariosur.es\/tormentas-y-rayos\/wp-json\/wp\/v2\/posts\/44482"}],"collection":[{"href":"https:\/\/blogs.diariosur.es\/tormentas-y-rayos\/wp-json\/wp\/v2\/posts"}],"about":[{"href":"https:\/\/blogs.diariosur.es\/tormentas-y-rayos\/wp-json\/wp\/v2\/types\/post"}],"author":[{"embeddable":true,"href":"https:\/\/blogs.diariosur.es\/tormentas-y-rayos\/wp-json\/wp\/v2\/users\/16"}],"replies":[{"embeddable":true,"href":"https:\/\/blogs.diariosur.es\/tormentas-y-rayos\/wp-json\/wp\/v2\/comments?post=44482"}],"version-history":[{"count":4,"href":"https:\/\/blogs.diariosur.es\/tormentas-y-rayos\/wp-json\/wp\/v2\/posts\/44482\/revisions"}],"predecessor-version":[{"id":46643,"href":"https:\/\/blogs.diariosur.es\/tormentas-y-rayos\/wp-json\/wp\/v2\/posts\/44482\/revisions\/46643"}],"wp:featuredmedia":[{"embeddable":true,"href":"https:\/\/blogs.diariosur.es\/tormentas-y-rayos\/wp-json\/wp\/v2\/media\/43831"}],"wp:attachment":[{"href":"https:\/\/blogs.diariosur.es\/tormentas-y-rayos\/wp-json\/wp\/v2\/media?parent=44482"}],"wp:term":[{"taxonomy":"category","embeddable":true,"href":"https:\/\/blogs.diariosur.es\/tormentas-y-rayos\/wp-json\/wp\/v2\/categories?post=44482"},{"taxonomy":"post_tag","embeddable":true,"href":"https:\/\/blogs.diariosur.es\/tormentas-y-rayos\/wp-json\/wp\/v2\/tags?post=44482"}],"curies":[{"name":"wp","href":"https:\/\/api.w.org\/{rel}","templated":true}]}}