{"id":44487,"date":"2025-04-30T09:10:53","date_gmt":"2025-04-30T07:10:53","guid":{"rendered":"https:\/\/blogs.diariosur.es\/tormentas-y-rayos\/?p=44487"},"modified":"2025-10-05T18:53:14","modified_gmt":"2025-10-05T16:53:14","slug":"probables-acumulados-de-precipitaciones-manana-1-de-mayo-en-andalucia-y-provincia-de-malaga","status":"publish","type":"post","link":"https:\/\/blogs.diariosur.es\/tormentas-y-rayos\/2025\/04\/30\/probables-acumulados-de-precipitaciones-manana-1-de-mayo-en-andalucia-y-provincia-de-malaga\/","title":{"rendered":"Probables acumulados de precipitaciones ma\u00f1ana 1 de mayo en Andaluc\u00eda y provincia de M\u00e1laga"},"content":{"rendered":"<p><a href=\"https:\/\/static-blogs.diariosur.es\/wp-content\/uploads\/sites\/12\/2025\/03\/485061785_10232007549910525_80981998006536982_n-1.jpg\"><img loading=\"lazy\" class=\"aligncenter size-thumbnail wp-image-43964\" src=\"https:\/\/static-blogs.diariosur.es\/wp-content\/uploads\/sites\/12\/2025\/03\/485061785_10232007549910525_80981998006536982_n-1-150x150.jpg\" alt=\"\" width=\"150\" height=\"150\" \/><\/a><\/p>\n<p data-pm-slice=\"1 1 []\">Buenos d\u00edas, amigos de la meteo. Como os coment\u00e9 ayer, iremos dando la predicci\u00f3n d\u00eda a d\u00eda; seguimos con la incertidumbre de c\u00f3mo afectar\u00e1 la DANA a nuestra comunidad. No todos los portales se mojar\u00e1n.<\/p>\n<p>Os paso unos videos que grab\u00e9 ayer en la playa, el mag\u00f3n protagonista. El video de las nubes es de esta ma\u00f1ana; dejaba mijillas en los Montes de M\u00e1laga que iban acompa\u00f1adas de dep\u00f3sitos de barro. Poca cosa.<\/p>\n<p>&nbsp;<\/p>\n<p>&nbsp;<\/p>\n<p><iframe loading=\"lazy\" title=\"El mag\u00f3n protagonista en M\u00e1laga capital, zona espig\u00f3n de la t\u00e9rmica\" width=\"500\" height=\"281\" src=\"https:\/\/www.youtube.com\/embed\/PGd4yTy_3Yw?feature=oembed\" frameborder=\"0\" allow=\"accelerometer; autoplay; clipboard-write; encrypted-media; gyroscope; picture-in-picture; web-share\" referrerpolicy=\"strict-origin-when-cross-origin\" allowfullscreen><\/iframe><\/p>\n<p>&nbsp;<\/p>\n<p><iframe loading=\"lazy\" title=\"Las olas protagonistas en M\u00e1laga capital,  zona espig\u00f3n de la t\u00e9rmica\" width=\"500\" height=\"281\" src=\"https:\/\/www.youtube.com\/embed\/39Od_TddXjY?feature=oembed\" frameborder=\"0\" allow=\"accelerometer; autoplay; clipboard-write; encrypted-media; gyroscope; picture-in-picture; web-share\" referrerpolicy=\"strict-origin-when-cross-origin\" allowfullscreen><\/iframe><\/p>\n<p>&nbsp;<\/p>\n<p><iframe loading=\"lazy\" title=\"Nubes bajas que dejan algunas gotillas acompa\u00f1adas de barro, en los Montes de M\u00e1laga capital\" width=\"500\" height=\"281\" src=\"https:\/\/www.youtube.com\/embed\/081MtDvNoi0?feature=oembed\" frameborder=\"0\" allow=\"accelerometer; autoplay; clipboard-write; encrypted-media; gyroscope; picture-in-picture; web-share\" referrerpolicy=\"strict-origin-when-cross-origin\" allowfullscreen><\/iframe><\/p>\n<p>&nbsp;<\/p>\n<p>Os pongo los probables acumulados de los modelos Americano y Europeo.<\/p>\n<p><strong>EUROPEO<\/strong><\/p>\n<p>&nbsp;<\/p>\n<p><a href=\"https:\/\/static-blogs.diariosur.es\/wp-content\/uploads\/sites\/12\/2025\/04\/europeo-malaga-2.jpg\"><img loading=\"lazy\" class=\"aligncenter size-full wp-image-44488\" src=\"https:\/\/static-blogs.diariosur.es\/wp-content\/uploads\/sites\/12\/2025\/04\/europeo-malaga-2.jpg\" alt=\"\" width=\"1135\" height=\"1240\" srcset=\"https:\/\/static-blogs.diariosur.es\/wp-content\/uploads\/sites\/12\/2025\/04\/europeo-malaga-2.jpg 1135w, https:\/\/static-blogs.diariosur.es\/wp-content\/uploads\/sites\/12\/2025\/04\/europeo-malaga-2-366x400.jpg 366w, https:\/\/static-blogs.diariosur.es\/wp-content\/uploads\/sites\/12\/2025\/04\/europeo-malaga-2-373x408.jpg 373w, https:\/\/static-blogs.diariosur.es\/wp-content\/uploads\/sites\/12\/2025\/04\/europeo-malaga-2-768x839.jpg 768w\" sizes=\"(max-width: 1135px) 100vw, 1135px\" \/><\/a><\/p>\n<p>&nbsp;<\/p>\n<p><a href=\"https:\/\/static-blogs.diariosur.es\/wp-content\/uploads\/sites\/12\/2025\/04\/europeo-andalucia-3.jpg\"><img loading=\"lazy\" class=\"aligncenter size-full wp-image-44489\" src=\"https:\/\/static-blogs.diariosur.es\/wp-content\/uploads\/sites\/12\/2025\/04\/europeo-andalucia-3.jpg\" alt=\"\" width=\"1150\" height=\"1237\" srcset=\"https:\/\/static-blogs.diariosur.es\/wp-content\/uploads\/sites\/12\/2025\/04\/europeo-andalucia-3.jpg 1150w, https:\/\/static-blogs.diariosur.es\/wp-content\/uploads\/sites\/12\/2025\/04\/europeo-andalucia-3-372x400.jpg 372w, https:\/\/static-blogs.diariosur.es\/wp-content\/uploads\/sites\/12\/2025\/04\/europeo-andalucia-3-379x408.jpg 379w, https:\/\/static-blogs.diariosur.es\/wp-content\/uploads\/sites\/12\/2025\/04\/europeo-andalucia-3-768x826.jpg 768w\" sizes=\"(max-width: 1150px) 100vw, 1150px\" \/><\/a><\/p>\n<p>&nbsp;<\/p>\n<p><strong>AMERICANO<\/strong><\/p>\n<p>&nbsp;<\/p>\n<p><a href=\"https:\/\/static-blogs.diariosur.es\/wp-content\/uploads\/sites\/12\/2025\/04\/amaericano-malaga.jpg\"><img loading=\"lazy\" class=\"aligncenter size-full wp-image-44490\" src=\"https:\/\/static-blogs.diariosur.es\/wp-content\/uploads\/sites\/12\/2025\/04\/amaericano-malaga.jpg\" alt=\"\" width=\"1141\" height=\"1222\" srcset=\"https:\/\/static-blogs.diariosur.es\/wp-content\/uploads\/sites\/12\/2025\/04\/amaericano-malaga.jpg 1141w, https:\/\/static-blogs.diariosur.es\/wp-content\/uploads\/sites\/12\/2025\/04\/amaericano-malaga-373x400.jpg 373w, https:\/\/static-blogs.diariosur.es\/wp-content\/uploads\/sites\/12\/2025\/04\/amaericano-malaga-381x408.jpg 381w, https:\/\/static-blogs.diariosur.es\/wp-content\/uploads\/sites\/12\/2025\/04\/amaericano-malaga-768x823.jpg 768w\" sizes=\"(max-width: 1141px) 100vw, 1141px\" \/><\/a><\/p>\n<p>&nbsp;<\/p>\n<p><a href=\"https:\/\/static-blogs.diariosur.es\/wp-content\/uploads\/sites\/12\/2025\/04\/americano-andalucia-2.jpg\"><img loading=\"lazy\" class=\"aligncenter size-full wp-image-44491\" src=\"https:\/\/static-blogs.diariosur.es\/wp-content\/uploads\/sites\/12\/2025\/04\/americano-andalucia-2.jpg\" alt=\"\" width=\"1144\" height=\"1201\" srcset=\"https:\/\/static-blogs.diariosur.es\/wp-content\/uploads\/sites\/12\/2025\/04\/americano-andalucia-2.jpg 1144w, https:\/\/static-blogs.diariosur.es\/wp-content\/uploads\/sites\/12\/2025\/04\/americano-andalucia-2-381x400.jpg 381w, https:\/\/static-blogs.diariosur.es\/wp-content\/uploads\/sites\/12\/2025\/04\/americano-andalucia-2-389x408.jpg 389w, https:\/\/static-blogs.diariosur.es\/wp-content\/uploads\/sites\/12\/2025\/04\/americano-andalucia-2-768x806.jpg 768w\" sizes=\"(max-width: 1144px) 100vw, 1144px\" \/><\/a><\/p>\n<p>&nbsp;<\/p>\n<p>&nbsp;<\/p>\n<p>Temperaturas m\u00e1ximas que se esperan ma\u00f1ana en Andaluc\u00eda y provincia de M\u00e1laga.<\/p>\n<p>&nbsp;<\/p>\n<p><a href=\"https:\/\/static-blogs.diariosur.es\/wp-content\/uploads\/sites\/12\/2025\/04\/Captura-de-pantalla-2025-04-30-085914.jpg\"><img loading=\"lazy\" class=\"aligncenter size-full wp-image-44492\" src=\"https:\/\/static-blogs.diariosur.es\/wp-content\/uploads\/sites\/12\/2025\/04\/Captura-de-pantalla-2025-04-30-085914.jpg\" alt=\"\" width=\"1057\" height=\"814\" srcset=\"https:\/\/static-blogs.diariosur.es\/wp-content\/uploads\/sites\/12\/2025\/04\/Captura-de-pantalla-2025-04-30-085914.jpg 1057w, https:\/\/static-blogs.diariosur.es\/wp-content\/uploads\/sites\/12\/2025\/04\/Captura-de-pantalla-2025-04-30-085914-519x400.jpg 519w, https:\/\/static-blogs.diariosur.es\/wp-content\/uploads\/sites\/12\/2025\/04\/Captura-de-pantalla-2025-04-30-085914-530x408.jpg 530w, https:\/\/static-blogs.diariosur.es\/wp-content\/uploads\/sites\/12\/2025\/04\/Captura-de-pantalla-2025-04-30-085914-768x591.jpg 768w\" sizes=\"(max-width: 1057px) 100vw, 1057px\" \/><\/a> <a href=\"https:\/\/static-blogs.diariosur.es\/wp-content\/uploads\/sites\/12\/2025\/04\/Captura-de-pantalla-2025-04-30-085954.jpg\"><img loading=\"lazy\" class=\"aligncenter size-full wp-image-44493\" src=\"https:\/\/static-blogs.diariosur.es\/wp-content\/uploads\/sites\/12\/2025\/04\/Captura-de-pantalla-2025-04-30-085954.jpg\" alt=\"\" width=\"1048\" height=\"817\" srcset=\"https:\/\/static-blogs.diariosur.es\/wp-content\/uploads\/sites\/12\/2025\/04\/Captura-de-pantalla-2025-04-30-085954.jpg 1048w, https:\/\/static-blogs.diariosur.es\/wp-content\/uploads\/sites\/12\/2025\/04\/Captura-de-pantalla-2025-04-30-085954-513x400.jpg 513w, https:\/\/static-blogs.diariosur.es\/wp-content\/uploads\/sites\/12\/2025\/04\/Captura-de-pantalla-2025-04-30-085954-523x408.jpg 523w, https:\/\/static-blogs.diariosur.es\/wp-content\/uploads\/sites\/12\/2025\/04\/Captura-de-pantalla-2025-04-30-085954-768x599.jpg 768w\" sizes=\"(max-width: 1048px) 100vw, 1048px\" \/><\/a><\/p>\n<p>&nbsp;<\/p>\n<p>Os dejo con esta bonita foto de mi amigo Crist\u00f3bal Gambero desde Mijas Pueblo que ha hecho hoy.<\/p>\n<p>&nbsp;<\/p>\n<p><a href=\"https:\/\/static-blogs.diariosur.es\/wp-content\/uploads\/sites\/12\/2025\/04\/494446675_9564870823561826_5839537675098460400_n-e1745996979658.jpg\"><img loading=\"lazy\" class=\"aligncenter size-full wp-image-44494\" src=\"https:\/\/static-blogs.diariosur.es\/wp-content\/uploads\/sites\/12\/2025\/04\/494446675_9564870823561826_5839537675098460400_n-e1745996979658.jpg\" alt=\"\" width=\"1000\" height=\"563\" \/><\/a><\/p>\n","protected":false},"excerpt":{"rendered":"<p>Buenos d\u00edas, amigos de la meteo. Como os coment\u00e9 ayer, iremos dando la predicci\u00f3n d\u00eda a d\u00eda; seguimos con la incertidumbre de c\u00f3mo afectar\u00e1 la DANA a nuestra comunidad. No todos los portales se mojar\u00e1n. Os paso unos videos que grab\u00e9 ayer en la playa, el mag\u00f3n protagonista. El video de las nubes es de [&hellip;]<\/p>\n","protected":false},"author":16,"featured_media":44494,"comment_status":"open","ping_status":"open","sticky":false,"template":"","format":"standard","meta":[],"categories":[2],"tags":[2032,307,358,800,832],"_links":{"self":[{"href":"https:\/\/blogs.diariosur.es\/tormentas-y-rayos\/wp-json\/wp\/v2\/posts\/44487"}],"collection":[{"href":"https:\/\/blogs.diariosur.es\/tormentas-y-rayos\/wp-json\/wp\/v2\/posts"}],"about":[{"href":"https:\/\/blogs.diariosur.es\/tormentas-y-rayos\/wp-json\/wp\/v2\/types\/post"}],"author":[{"embeddable":true,"href":"https:\/\/blogs.diariosur.es\/tormentas-y-rayos\/wp-json\/wp\/v2\/users\/16"}],"replies":[{"embeddable":true,"href":"https:\/\/blogs.diariosur.es\/tormentas-y-rayos\/wp-json\/wp\/v2\/comments?post=44487"}],"version-history":[{"count":3,"href":"https:\/\/blogs.diariosur.es\/tormentas-y-rayos\/wp-json\/wp\/v2\/posts\/44487\/revisions"}],"predecessor-version":[{"id":46640,"href":"https:\/\/blogs.diariosur.es\/tormentas-y-rayos\/wp-json\/wp\/v2\/posts\/44487\/revisions\/46640"}],"wp:featuredmedia":[{"embeddable":true,"href":"https:\/\/blogs.diariosur.es\/tormentas-y-rayos\/wp-json\/wp\/v2\/media\/44494"}],"wp:attachment":[{"href":"https:\/\/blogs.diariosur.es\/tormentas-y-rayos\/wp-json\/wp\/v2\/media?parent=44487"}],"wp:term":[{"taxonomy":"category","embeddable":true,"href":"https:\/\/blogs.diariosur.es\/tormentas-y-rayos\/wp-json\/wp\/v2\/categories?post=44487"},{"taxonomy":"post_tag","embeddable":true,"href":"https:\/\/blogs.diariosur.es\/tormentas-y-rayos\/wp-json\/wp\/v2\/tags?post=44487"}],"curies":[{"name":"wp","href":"https:\/\/api.w.org\/{rel}","templated":true}]}}