{"id":44499,"date":"2025-04-30T18:34:13","date_gmt":"2025-04-30T16:34:13","guid":{"rendered":"https:\/\/blogs.diariosur.es\/tormentas-y-rayos\/?p=44499"},"modified":"2025-10-05T18:54:38","modified_gmt":"2025-10-05T16:54:38","slug":"para-los-incredulos-acumulados-hoy-miercoles-30-de-abril-en-la-zona-occidental-de-la-provincia-de-malaga","status":"publish","type":"post","link":"https:\/\/blogs.diariosur.es\/tormentas-y-rayos\/2025\/04\/30\/para-los-incredulos-acumulados-hoy-miercoles-30-de-abril-en-la-zona-occidental-de-la-provincia-de-malaga\/","title":{"rendered":"Para los incr\u00e9dulos y cr\u00edticos. Acumulados hoy mi\u00e9rcoles 30 de abril, en la zona occidental de la provincia de M\u00e1laga"},"content":{"rendered":"<p><a href=\"https:\/\/static-blogs.diariosur.es\/wp-content\/uploads\/sites\/12\/2025\/03\/130738248_10221381944997043_6257362087676436516_n.jpg\"><img loading=\"lazy\" class=\"aligncenter size-thumbnail wp-image-44057\" src=\"https:\/\/static-blogs.diariosur.es\/wp-content\/uploads\/sites\/12\/2025\/03\/130738248_10221381944997043_6257362087676436516_n-150x150.jpg\" alt=\"\" width=\"150\" height=\"150\" srcset=\"https:\/\/static-blogs.diariosur.es\/wp-content\/uploads\/sites\/12\/2025\/03\/130738248_10221381944997043_6257362087676436516_n-150x150.jpg 150w, https:\/\/static-blogs.diariosur.es\/wp-content\/uploads\/sites\/12\/2025\/03\/130738248_10221381944997043_6257362087676436516_n-400x400.jpg 400w, https:\/\/static-blogs.diariosur.es\/wp-content\/uploads\/sites\/12\/2025\/03\/130738248_10221381944997043_6257362087676436516_n-408x408.jpg 408w, https:\/\/static-blogs.diariosur.es\/wp-content\/uploads\/sites\/12\/2025\/03\/130738248_10221381944997043_6257362087676436516_n.jpg 768w\" sizes=\"(max-width: 150px) 100vw, 150px\" \/><\/a><\/p>\n<p>&nbsp;<\/p>\n<p data-pm-slice=\"1 1 []\">Buenas tardes, amigos de la meteo. Siempre pasa igual, qu\u00e9 aburrido estoy; aunque no llueva en algunos portales, no quiere decir que no llueva en otras zonas de la provincia de M\u00e1laga.<\/p>\n<p>Os pongo datos hasta las <strong>18:00 horas y sigue lloviendo.<\/strong><\/p>\n<p>Fuentes: Aemet, Meteoclimatic, Red Hidrosur, Acamet y Wunderground.<\/p>\n<p>Pilones Acamet 25,5 mm<\/p>\n<p>Los Valientes acamet 35,5 mm<\/p>\n<p>El Burgo 19 mm<\/p>\n<p>Sierra Mijas 6,6 mm<\/p>\n<p>Los Reales: 19,7 mm<\/p>\n<p>Juanar 60 mm<\/p>\n<p>Sierra Negra 25 mm<\/p>\n<p>Campillos 13,8 mm<\/p>\n<p>Pujerra 22,6 mm<\/p>\n<p>Banahav\u00eds\u00a023,6 mm<\/p>\n<p>Embalse de la Concepci\u00f3n 9,9 mm<\/p>\n<p>Oj\u00e9n 10,8 mm<\/p>\n<p>Embalse Conde de Guadalhorce y Guadalteba 2,5 mm<\/p>\n<p>Casarabonela 13,1 mm<\/p>\n<p>R\u00edo Guadiaro: 10,5 mm<\/p>\n<p>Embalse de Guadaiza: 18,7 mm<\/p>\n<p>Embalse Guadalmina 23 mm<\/p>\n<p>Rio Tur\u00f3n Ardales 9,3 mm<\/p>\n<p>Estepona\u00a028,6 mm<\/p>\n<p>Manilva 31,4 mm<\/p>\n<p>Cortes de la Frontera\u00a011,6 mm<\/p>\n<p>Gauc\u00edn 5,2 mm<\/p>\n<p>Coto de las Corchas 19,3 mm<\/p>\n<p>San Pedro de Alc\u00e1ntara, Guadalmina 16,7 mm<\/p>\n<p>Ist\u00e1n 15 mm<\/p>\n<p>Alhaur\u00edn el Grande 2,4 mm<\/p>\n<p>La Cala de Mijas 9,9 mm<\/p>\n<p>Tolox 11,4 mm<\/p>\n<p>Ronda 1,8 mm<\/p>\n<p>Mijas Pueblo 7,6 mm<\/p>\n<p>El Colmenar las Buitreras 11,2 mm<\/p>\n<p>La Arquita Casares\u00a038 mm<\/p>\n<p>Jubrique\u00a026 mm<\/p>\n<p>&nbsp;<\/p>\n<p>&nbsp;<\/p>\n<p>&nbsp;<\/p>\n<p><a href=\"https:\/\/static-blogs.diariosur.es\/wp-content\/uploads\/sites\/12\/2025\/04\/434362780_10228615402748966_105028421815520487_n-e1711895509435.jpg\"><img loading=\"lazy\" class=\"aligncenter size-full wp-image-44502\" src=\"https:\/\/static-blogs.diariosur.es\/wp-content\/uploads\/sites\/12\/2025\/04\/434362780_10228615402748966_105028421815520487_n-e1711895509435.jpg\" alt=\"\" width=\"900\" height=\"675\" srcset=\"https:\/\/static-blogs.diariosur.es\/wp-content\/uploads\/sites\/12\/2025\/04\/434362780_10228615402748966_105028421815520487_n-e1711895509435.jpg 900w, https:\/\/static-blogs.diariosur.es\/wp-content\/uploads\/sites\/12\/2025\/04\/434362780_10228615402748966_105028421815520487_n-e1711895509435-533x400.jpg 533w, https:\/\/static-blogs.diariosur.es\/wp-content\/uploads\/sites\/12\/2025\/04\/434362780_10228615402748966_105028421815520487_n-e1711895509435-544x408.jpg 544w, https:\/\/static-blogs.diariosur.es\/wp-content\/uploads\/sites\/12\/2025\/04\/434362780_10228615402748966_105028421815520487_n-e1711895509435-768x576.jpg 768w\" sizes=\"(max-width: 900px) 100vw, 900px\" \/><\/a><\/p>\n<p>&nbsp;<\/p>\n<p>&nbsp;<\/p>\n","protected":false},"excerpt":{"rendered":"<p>&nbsp; Buenas tardes, amigos de la meteo. Siempre pasa igual, qu\u00e9 aburrido estoy; aunque no llueva en algunos portales, no quiere decir que no llueva en otras zonas de la provincia de M\u00e1laga. Os pongo datos hasta las 18:00 horas y sigue lloviendo. Fuentes: Aemet, Meteoclimatic, Red Hidrosur, Acamet y Wunderground. Pilones Acamet 25,5 mm [&hellip;]<\/p>\n","protected":false},"author":16,"featured_media":44509,"comment_status":"open","ping_status":"open","sticky":false,"template":"","format":"standard","meta":[],"categories":[2],"tags":[45,587],"_links":{"self":[{"href":"https:\/\/blogs.diariosur.es\/tormentas-y-rayos\/wp-json\/wp\/v2\/posts\/44499"}],"collection":[{"href":"https:\/\/blogs.diariosur.es\/tormentas-y-rayos\/wp-json\/wp\/v2\/posts"}],"about":[{"href":"https:\/\/blogs.diariosur.es\/tormentas-y-rayos\/wp-json\/wp\/v2\/types\/post"}],"author":[{"embeddable":true,"href":"https:\/\/blogs.diariosur.es\/tormentas-y-rayos\/wp-json\/wp\/v2\/users\/16"}],"replies":[{"embeddable":true,"href":"https:\/\/blogs.diariosur.es\/tormentas-y-rayos\/wp-json\/wp\/v2\/comments?post=44499"}],"version-history":[{"count":15,"href":"https:\/\/blogs.diariosur.es\/tormentas-y-rayos\/wp-json\/wp\/v2\/posts\/44499\/revisions"}],"predecessor-version":[{"id":46641,"href":"https:\/\/blogs.diariosur.es\/tormentas-y-rayos\/wp-json\/wp\/v2\/posts\/44499\/revisions\/46641"}],"wp:featuredmedia":[{"embeddable":true,"href":"https:\/\/blogs.diariosur.es\/tormentas-y-rayos\/wp-json\/wp\/v2\/media\/44509"}],"wp:attachment":[{"href":"https:\/\/blogs.diariosur.es\/tormentas-y-rayos\/wp-json\/wp\/v2\/media?parent=44499"}],"wp:term":[{"taxonomy":"category","embeddable":true,"href":"https:\/\/blogs.diariosur.es\/tormentas-y-rayos\/wp-json\/wp\/v2\/categories?post=44499"},{"taxonomy":"post_tag","embeddable":true,"href":"https:\/\/blogs.diariosur.es\/tormentas-y-rayos\/wp-json\/wp\/v2\/tags?post=44499"}],"curies":[{"name":"wp","href":"https:\/\/api.w.org\/{rel}","templated":true}]}}