{"id":44516,"date":"2025-05-01T08:16:59","date_gmt":"2025-05-01T06:16:59","guid":{"rendered":"https:\/\/blogs.diariosur.es\/tormentas-y-rayos\/?p=44516"},"modified":"2025-05-01T08:23:03","modified_gmt":"2025-05-01T06:23:03","slug":"probables-acumulados-de-precipitacion-manana-2-de-mayo-en-la-provincia-de-malaga-y-andalucia","status":"publish","type":"post","link":"https:\/\/blogs.diariosur.es\/tormentas-y-rayos\/2025\/05\/01\/probables-acumulados-de-precipitacion-manana-2-de-mayo-en-la-provincia-de-malaga-y-andalucia\/","title":{"rendered":"Probables acumulados de precipitaci\u00f3n ma\u00f1ana 2 de mayo en la provincia de M\u00e1laga y Andaluc\u00eda"},"content":{"rendered":"<p><a href=\"https:\/\/static-blogs.diariosur.es\/wp-content\/uploads\/sites\/12\/2025\/03\/474591997_10231480374091459_5977821584942016476_n.jpg\"><img loading=\"lazy\" class=\"aligncenter size-thumbnail wp-image-43666\" src=\"https:\/\/static-blogs.diariosur.es\/wp-content\/uploads\/sites\/12\/2025\/03\/474591997_10231480374091459_5977821584942016476_n-150x150.jpg\" alt=\"\" width=\"150\" height=\"150\" srcset=\"https:\/\/static-blogs.diariosur.es\/wp-content\/uploads\/sites\/12\/2025\/03\/474591997_10231480374091459_5977821584942016476_n-150x150.jpg 150w, https:\/\/static-blogs.diariosur.es\/wp-content\/uploads\/sites\/12\/2025\/03\/474591997_10231480374091459_5977821584942016476_n-400x400.jpg 400w, https:\/\/static-blogs.diariosur.es\/wp-content\/uploads\/sites\/12\/2025\/03\/474591997_10231480374091459_5977821584942016476_n-408x408.jpg 408w, https:\/\/static-blogs.diariosur.es\/wp-content\/uploads\/sites\/12\/2025\/03\/474591997_10231480374091459_5977821584942016476_n-768x768.jpg 768w, https:\/\/static-blogs.diariosur.es\/wp-content\/uploads\/sites\/12\/2025\/03\/474591997_10231480374091459_5977821584942016476_n.jpg 1000w\" sizes=\"(max-width: 150px) 100vw, 150px\" \/><\/a><\/p>\n<p>Buenos d\u00edas, amigos de la meteo. Esta pasada madrugada hemos tenido chirimiri en la capital malague\u00f1a, os pongo lo que dicen en la pagina eltiempo.es.<\/p>\n<p>S<em>e denomina as\u00ed a la\u00a0<strong>precipitaci\u00f3n en forma l\u00edquida con gotitas de muy peque\u00f1o tama\u00f1o<\/strong>, en ocasiones\u00a0<strong>casi imperceptibles<\/strong>, pero que puede llegar a caer con la intensidad suficiente como para empapar la superficie.<\/em><\/p>\n<p><em>En el\u00a0<strong>\u00e1mbito meteorol\u00f3gico<\/strong> es m\u00e1s habitual referirse a este tipo de precipitaci\u00f3n como <strong>llovizna<\/strong>, aunque tambi\u00e9n recibe\u00a0<strong>otras acepciones<\/strong>\u00a0m\u00e1s populares en funci\u00f3n de la regi\u00f3n en la que nos encontremos:\u00a0<strong>calabobos, orvallo, mollina, cernidillo o mollizna<\/strong>.<\/em><\/p>\n<p><em>El t\u00e9rmino chirimiri\u00a0<strong>tiene su origen en el euskera<\/strong>.<\/em><\/p>\n<p>Mis padres me dec\u00edan, Jos\u00e9 Luis est\u00e1n cayendo <strong>mijillas<\/strong> que empapan.<\/p>\n<p>Mi pluvi\u00f3metro desde las 00:00 horas, y hasta las seis de la ma\u00f1ana 1,4 mm.<\/p>\n<p>Fijaros en la humedad tan alta que se ha registrado esta pasada madrugada en la estaci\u00f3n de la Aemet del Aeropuerto.<\/p>\n<p>&nbsp;<\/p>\n<p><a href=\"https:\/\/static-blogs.diariosur.es\/wp-content\/uploads\/sites\/12\/2025\/05\/Captura-de-pantalla-2025-05-01-072045-e1746076920211.jpg\"><img loading=\"lazy\" class=\"aligncenter size-full wp-image-44518\" src=\"https:\/\/static-blogs.diariosur.es\/wp-content\/uploads\/sites\/12\/2025\/05\/Captura-de-pantalla-2025-05-01-072045-e1746076920211.jpg\" alt=\"\" width=\"1000\" height=\"461\" \/><\/a><\/p>\n<p>Os vuelvo a poner el post de los acumulados que se dieron ayer hasta las seis de la tarde. En M\u00e1laga capital, 8 mm.<\/p>\n<p>&nbsp;<\/p>\n<h3 class=\"voc-blogs-section\"><a href=\"https:\/\/blogs.diariosur.es\/tormentas-y-rayos\/2025\/04\/30\/para-los-incredulos-acumulados-hoy-miercoles-30-de-abril-en-la-zona-occidental-de-la-provincia-de-malaga\/\">Para los incr\u00e9dulos y cr\u00edticos. Acumulados hoy mi\u00e9rcoles 30 de abril, en la zona occidental de la provincia de M\u00e1laga<\/a><\/h3>\n<p>&nbsp;<\/p>\n<p><a href=\"https:\/\/static-blogs.diariosur.es\/wp-content\/uploads\/sites\/12\/2025\/05\/487222248_10232103722874789_6202801973831385717_n-e1746077382241.jpg\"><img loading=\"lazy\" class=\"aligncenter size-full wp-image-44520\" src=\"https:\/\/static-blogs.diariosur.es\/wp-content\/uploads\/sites\/12\/2025\/05\/487222248_10232103722874789_6202801973831385717_n-e1746077382241.jpg\" alt=\"\" width=\"1000\" height=\"750\" \/><\/a><\/p>\n<p>&nbsp;<\/p>\n<h3><\/h3>\n<h3><span style=\"color: #0000ff;\"><strong>Probables acumulados de precipitaci\u00f3n ma\u00f1ana 2 de mayo en la provincia de M\u00e1laga y Andaluc\u00eda<\/strong><\/span><\/h3>\n<p>Ser\u00e1 durante la madrugada del viernes y primeras horas de la ma\u00f1ana cuando se registren mas precipitaciones. A partir de la tarde baja la probabilidad en la provincia de M\u00e1laga, en la zona<strong> mas<\/strong> occidental de nuestra comunidad seguir\u00eda habiendo probabilidad pero menos.<\/p>\n<p>De momento solo hay activado un aviso por tormentas en Cazorla y Segura. Es probable que en nuevas actualizaciones de avisos, activen el amarillo por lluvias en las provincias de C\u00f3rdoba y Sevilla para ma\u00f1ana.<\/p>\n<p>&nbsp;<\/p>\n<p>Os pongo los probables acumulados del modelo europeo para Andaluc\u00eda y provincia de M\u00e1laga<\/p>\n<p>&nbsp;<\/p>\n<p><a href=\"https:\/\/static-blogs.diariosur.es\/wp-content\/uploads\/sites\/12\/2025\/05\/EUROPEO-ANDALUCIA.jpg\"><img loading=\"lazy\" class=\"aligncenter size-full wp-image-44521\" src=\"https:\/\/static-blogs.diariosur.es\/wp-content\/uploads\/sites\/12\/2025\/05\/EUROPEO-ANDALUCIA.jpg\" alt=\"\" width=\"1152\" height=\"1243\" srcset=\"https:\/\/static-blogs.diariosur.es\/wp-content\/uploads\/sites\/12\/2025\/05\/EUROPEO-ANDALUCIA.jpg 1152w, https:\/\/static-blogs.diariosur.es\/wp-content\/uploads\/sites\/12\/2025\/05\/EUROPEO-ANDALUCIA-371x400.jpg 371w, https:\/\/static-blogs.diariosur.es\/wp-content\/uploads\/sites\/12\/2025\/05\/EUROPEO-ANDALUCIA-378x408.jpg 378w, https:\/\/static-blogs.diariosur.es\/wp-content\/uploads\/sites\/12\/2025\/05\/EUROPEO-ANDALUCIA-768x829.jpg 768w\" sizes=\"(max-width: 1152px) 100vw, 1152px\" \/><\/a><\/p>\n<p>&nbsp;<\/p>\n<p><a href=\"https:\/\/static-blogs.diariosur.es\/wp-content\/uploads\/sites\/12\/2025\/05\/EUROPEO-MALAGA.jpg\"><img loading=\"lazy\" class=\"aligncenter size-full wp-image-44522\" src=\"https:\/\/static-blogs.diariosur.es\/wp-content\/uploads\/sites\/12\/2025\/05\/EUROPEO-MALAGA.jpg\" alt=\"\" width=\"1147\" height=\"1261\" srcset=\"https:\/\/static-blogs.diariosur.es\/wp-content\/uploads\/sites\/12\/2025\/05\/EUROPEO-MALAGA.jpg 1147w, https:\/\/static-blogs.diariosur.es\/wp-content\/uploads\/sites\/12\/2025\/05\/EUROPEO-MALAGA-364x400.jpg 364w, https:\/\/static-blogs.diariosur.es\/wp-content\/uploads\/sites\/12\/2025\/05\/EUROPEO-MALAGA-371x408.jpg 371w, https:\/\/static-blogs.diariosur.es\/wp-content\/uploads\/sites\/12\/2025\/05\/EUROPEO-MALAGA-768x844.jpg 768w\" sizes=\"(max-width: 1147px) 100vw, 1147px\" \/><\/a><\/p>\n<p>Mi amigo Salvador me dice que ya quiere sol para los tomates que ha plantado<\/p>\n<p>&nbsp;<\/p>\n<p><a href=\"https:\/\/static-blogs.diariosur.es\/wp-content\/uploads\/sites\/12\/2025\/05\/427035399_10228369786208706_8396063570080510517_n-1.jpg\"><img loading=\"lazy\" class=\"aligncenter size-full wp-image-44526\" src=\"https:\/\/static-blogs.diariosur.es\/wp-content\/uploads\/sites\/12\/2025\/05\/427035399_10228369786208706_8396063570080510517_n-1.jpg\" alt=\"\" width=\"1200\" height=\"900\" srcset=\"https:\/\/static-blogs.diariosur.es\/wp-content\/uploads\/sites\/12\/2025\/05\/427035399_10228369786208706_8396063570080510517_n-1.jpg 1200w, https:\/\/static-blogs.diariosur.es\/wp-content\/uploads\/sites\/12\/2025\/05\/427035399_10228369786208706_8396063570080510517_n-1-533x400.jpg 533w, https:\/\/static-blogs.diariosur.es\/wp-content\/uploads\/sites\/12\/2025\/05\/427035399_10228369786208706_8396063570080510517_n-1-544x408.jpg 544w, https:\/\/static-blogs.diariosur.es\/wp-content\/uploads\/sites\/12\/2025\/05\/427035399_10228369786208706_8396063570080510517_n-1-768x576.jpg 768w\" sizes=\"(max-width: 1200px) 100vw, 1200px\" \/><\/a><\/p>\n<p>&nbsp;<\/p>\n<p>Ma\u00f1ana veremos la predicci\u00f3n del s\u00e1bado y el domingo.<\/p>\n","protected":false},"excerpt":{"rendered":"<p>Buenos d\u00edas, amigos de la meteo. Esta pasada madrugada hemos tenido chirimiri en la capital malague\u00f1a, os pongo lo que dicen en la pagina eltiempo.es. Se denomina as\u00ed a la\u00a0precipitaci\u00f3n en forma l\u00edquida con gotitas de muy peque\u00f1o tama\u00f1o, en ocasiones\u00a0casi imperceptibles, pero que puede llegar a caer con la intensidad suficiente como para empapar [&hellip;]<\/p>\n","protected":false},"author":16,"featured_media":44524,"comment_status":"open","ping_status":"open","sticky":false,"template":"","format":"standard","meta":[],"categories":[2],"tags":[100,2031,307,358,569,587,800],"_links":{"self":[{"href":"https:\/\/blogs.diariosur.es\/tormentas-y-rayos\/wp-json\/wp\/v2\/posts\/44516"}],"collection":[{"href":"https:\/\/blogs.diariosur.es\/tormentas-y-rayos\/wp-json\/wp\/v2\/posts"}],"about":[{"href":"https:\/\/blogs.diariosur.es\/tormentas-y-rayos\/wp-json\/wp\/v2\/types\/post"}],"author":[{"embeddable":true,"href":"https:\/\/blogs.diariosur.es\/tormentas-y-rayos\/wp-json\/wp\/v2\/users\/16"}],"replies":[{"embeddable":true,"href":"https:\/\/blogs.diariosur.es\/tormentas-y-rayos\/wp-json\/wp\/v2\/comments?post=44516"}],"version-history":[{"count":4,"href":"https:\/\/blogs.diariosur.es\/tormentas-y-rayos\/wp-json\/wp\/v2\/posts\/44516\/revisions"}],"predecessor-version":[{"id":44525,"href":"https:\/\/blogs.diariosur.es\/tormentas-y-rayos\/wp-json\/wp\/v2\/posts\/44516\/revisions\/44525"}],"wp:featuredmedia":[{"embeddable":true,"href":"https:\/\/blogs.diariosur.es\/tormentas-y-rayos\/wp-json\/wp\/v2\/media\/44524"}],"wp:attachment":[{"href":"https:\/\/blogs.diariosur.es\/tormentas-y-rayos\/wp-json\/wp\/v2\/media?parent=44516"}],"wp:term":[{"taxonomy":"category","embeddable":true,"href":"https:\/\/blogs.diariosur.es\/tormentas-y-rayos\/wp-json\/wp\/v2\/categories?post=44516"},{"taxonomy":"post_tag","embeddable":true,"href":"https:\/\/blogs.diariosur.es\/tormentas-y-rayos\/wp-json\/wp\/v2\/tags?post=44516"}],"curies":[{"name":"wp","href":"https:\/\/api.w.org\/{rel}","templated":true}]}}