{"id":44528,"date":"2025-05-01T11:06:59","date_gmt":"2025-05-01T09:06:59","guid":{"rendered":"https:\/\/blogs.diariosur.es\/tormentas-y-rayos\/?p=44528"},"modified":"2025-10-05T18:51:00","modified_gmt":"2025-10-05T16:51:00","slug":"aviso-amarillo-por-lluvias-en-zonas-de-la-provincia-de-malaga-hoy-por-la-noche-y-manana","status":"publish","type":"post","link":"https:\/\/blogs.diariosur.es\/tormentas-y-rayos\/2025\/05\/01\/aviso-amarillo-por-lluvias-en-zonas-de-la-provincia-de-malaga-hoy-por-la-noche-y-manana\/","title":{"rendered":"Aviso amarillo por lluvias y tormentas en zonas de la provincia de M\u00e1laga hoy por la noche y ma\u00f1ana."},"content":{"rendered":"<p><a href=\"https:\/\/static-blogs.diariosur.es\/wp-content\/uploads\/sites\/12\/2025\/03\/485061785_10232007549910525_80981998006536982_n-1.jpg\"><img loading=\"lazy\" class=\"aligncenter size-thumbnail wp-image-43964\" src=\"https:\/\/static-blogs.diariosur.es\/wp-content\/uploads\/sites\/12\/2025\/03\/485061785_10232007549910525_80981998006536982_n-1-150x150.jpg\" alt=\"\" width=\"150\" height=\"150\" \/><\/a><\/p>\n<h3 data-pm-slice=\"1 1 []\">Buenos d\u00edas, de nuevo, amigos de la meteo.<\/h3>\n<p>La AEMET activa el aviso amarillo por lluvias y tormentas en la comarca de Ronda, Sol y Guadalhorce hoy a partir de las nueve de la noche. Ma\u00f1ana tambi\u00e9n estaremos en aviso amarillo. Los mayores acumulados se dar\u00e1n en la zona m\u00e1s occidental de la provincia.<\/p>\n<p>Sol, Guadalhorce y Ronda: precipitaci\u00f3n acumulada en una hora, 15 mm. Este aviso tendr\u00e1 continuidad hasta<\/p>\n<p><strong>Ma\u00f1ana entrar\u00e1 en aviso tambi\u00e9n la comarca de Antequera. Precipitaci\u00f3n acumulada en una hora: 20 mm.<\/strong><\/p>\n<p>Fuente AEMET<\/p>\n<p><a href=\"https:\/\/static-blogs.diariosur.es\/wp-content\/uploads\/sites\/12\/2025\/05\/Captura-de-pantalla-2025-05-01-105950.jpg\"><img loading=\"lazy\" class=\"aligncenter size-full wp-image-44530\" src=\"https:\/\/static-blogs.diariosur.es\/wp-content\/uploads\/sites\/12\/2025\/05\/Captura-de-pantalla-2025-05-01-105950.jpg\" alt=\"\" width=\"1041\" height=\"835\" srcset=\"https:\/\/static-blogs.diariosur.es\/wp-content\/uploads\/sites\/12\/2025\/05\/Captura-de-pantalla-2025-05-01-105950.jpg 1041w, https:\/\/static-blogs.diariosur.es\/wp-content\/uploads\/sites\/12\/2025\/05\/Captura-de-pantalla-2025-05-01-105950-499x400.jpg 499w, https:\/\/static-blogs.diariosur.es\/wp-content\/uploads\/sites\/12\/2025\/05\/Captura-de-pantalla-2025-05-01-105950-509x408.jpg 509w, https:\/\/static-blogs.diariosur.es\/wp-content\/uploads\/sites\/12\/2025\/05\/Captura-de-pantalla-2025-05-01-105950-768x616.jpg 768w\" sizes=\"(max-width: 1041px) 100vw, 1041px\" \/><\/a><\/p>\n<p>&nbsp;<\/p>\n<p>Avisos para ma\u00f1ana viernes<\/p>\n<p>&nbsp;<\/p>\n<p><a href=\"https:\/\/static-blogs.diariosur.es\/wp-content\/uploads\/sites\/12\/2025\/05\/Captura-de-pantalla-2025-05-01-114343.jpg\"><img loading=\"lazy\" class=\"aligncenter size-full wp-image-44539\" src=\"https:\/\/static-blogs.diariosur.es\/wp-content\/uploads\/sites\/12\/2025\/05\/Captura-de-pantalla-2025-05-01-114343.jpg\" alt=\"\" width=\"1033\" height=\"816\" srcset=\"https:\/\/static-blogs.diariosur.es\/wp-content\/uploads\/sites\/12\/2025\/05\/Captura-de-pantalla-2025-05-01-114343.jpg 1033w, https:\/\/static-blogs.diariosur.es\/wp-content\/uploads\/sites\/12\/2025\/05\/Captura-de-pantalla-2025-05-01-114343-506x400.jpg 506w, https:\/\/static-blogs.diariosur.es\/wp-content\/uploads\/sites\/12\/2025\/05\/Captura-de-pantalla-2025-05-01-114343-517x408.jpg 517w, https:\/\/static-blogs.diariosur.es\/wp-content\/uploads\/sites\/12\/2025\/05\/Captura-de-pantalla-2025-05-01-114343-768x607.jpg 768w\" sizes=\"(max-width: 1033px) 100vw, 1033px\" \/><\/a><\/p>\n","protected":false},"excerpt":{"rendered":"<p>Buenos d\u00edas, de nuevo, amigos de la meteo. La AEMET activa el aviso amarillo por lluvias y tormentas en la comarca de Ronda, Sol y Guadalhorce hoy a partir de las nueve de la noche. Ma\u00f1ana tambi\u00e9n estaremos en aviso amarillo. Los mayores acumulados se dar\u00e1n en la zona m\u00e1s occidental de la provincia. Sol, [&hellip;]<\/p>\n","protected":false},"author":16,"featured_media":44531,"comment_status":"open","ping_status":"open","sticky":false,"template":"","format":"standard","meta":[],"categories":[2],"tags":[94,151,358,470,569,587,800],"_links":{"self":[{"href":"https:\/\/blogs.diariosur.es\/tormentas-y-rayos\/wp-json\/wp\/v2\/posts\/44528"}],"collection":[{"href":"https:\/\/blogs.diariosur.es\/tormentas-y-rayos\/wp-json\/wp\/v2\/posts"}],"about":[{"href":"https:\/\/blogs.diariosur.es\/tormentas-y-rayos\/wp-json\/wp\/v2\/types\/post"}],"author":[{"embeddable":true,"href":"https:\/\/blogs.diariosur.es\/tormentas-y-rayos\/wp-json\/wp\/v2\/users\/16"}],"replies":[{"embeddable":true,"href":"https:\/\/blogs.diariosur.es\/tormentas-y-rayos\/wp-json\/wp\/v2\/comments?post=44528"}],"version-history":[{"count":13,"href":"https:\/\/blogs.diariosur.es\/tormentas-y-rayos\/wp-json\/wp\/v2\/posts\/44528\/revisions"}],"predecessor-version":[{"id":46638,"href":"https:\/\/blogs.diariosur.es\/tormentas-y-rayos\/wp-json\/wp\/v2\/posts\/44528\/revisions\/46638"}],"wp:featuredmedia":[{"embeddable":true,"href":"https:\/\/blogs.diariosur.es\/tormentas-y-rayos\/wp-json\/wp\/v2\/media\/44531"}],"wp:attachment":[{"href":"https:\/\/blogs.diariosur.es\/tormentas-y-rayos\/wp-json\/wp\/v2\/media?parent=44528"}],"wp:term":[{"taxonomy":"category","embeddable":true,"href":"https:\/\/blogs.diariosur.es\/tormentas-y-rayos\/wp-json\/wp\/v2\/categories?post=44528"},{"taxonomy":"post_tag","embeddable":true,"href":"https:\/\/blogs.diariosur.es\/tormentas-y-rayos\/wp-json\/wp\/v2\/tags?post=44528"}],"curies":[{"name":"wp","href":"https:\/\/api.w.org\/{rel}","templated":true}]}}