{"id":44588,"date":"2025-05-06T07:22:09","date_gmt":"2025-05-06T05:22:09","guid":{"rendered":"https:\/\/blogs.diariosur.es\/tormentas-y-rayos\/?p=44588"},"modified":"2025-10-05T18:39:44","modified_gmt":"2025-10-05T16:39:44","slug":"la-fuente-de-los-101-canos-en-su-maximo-esplendor-en-mayo-fotos-y-videos","status":"publish","type":"post","link":"https:\/\/blogs.diariosur.es\/tormentas-y-rayos\/2025\/05\/06\/la-fuente-de-los-101-canos-en-su-maximo-esplendor-en-mayo-fotos-y-videos\/","title":{"rendered":"La Fuente de los 101 ca\u00f1os en su m\u00e1ximo esplendor en mayo. Fotos y videos"},"content":{"rendered":"<p><a href=\"https:\/\/static-blogs.diariosur.es\/wp-content\/uploads\/sites\/12\/2025\/03\/474591997_10231480374091459_5977821584942016476_n.jpg\"><img loading=\"lazy\" class=\"aligncenter size-thumbnail wp-image-43666\" src=\"https:\/\/static-blogs.diariosur.es\/wp-content\/uploads\/sites\/12\/2025\/03\/474591997_10231480374091459_5977821584942016476_n-150x150.jpg\" alt=\"\" width=\"150\" height=\"150\" srcset=\"https:\/\/static-blogs.diariosur.es\/wp-content\/uploads\/sites\/12\/2025\/03\/474591997_10231480374091459_5977821584942016476_n-150x150.jpg 150w, https:\/\/static-blogs.diariosur.es\/wp-content\/uploads\/sites\/12\/2025\/03\/474591997_10231480374091459_5977821584942016476_n-400x400.jpg 400w, https:\/\/static-blogs.diariosur.es\/wp-content\/uploads\/sites\/12\/2025\/03\/474591997_10231480374091459_5977821584942016476_n-408x408.jpg 408w, https:\/\/static-blogs.diariosur.es\/wp-content\/uploads\/sites\/12\/2025\/03\/474591997_10231480374091459_5977821584942016476_n-768x768.jpg 768w, https:\/\/static-blogs.diariosur.es\/wp-content\/uploads\/sites\/12\/2025\/03\/474591997_10231480374091459_5977821584942016476_n.jpg 1000w\" sizes=\"(max-width: 150px) 100vw, 150px\" \/><\/a><\/p>\n<p data-pm-slice=\"1 1 []\">Buenos d\u00edas, amigos de la meteo. Cuando son las siete menos cuarto de la ma\u00f1ana en M\u00e1laga capital, mi estaci\u00f3n registra 17,4 \u00baC, los cielos est\u00e1n poco nubosos y seguimos con viento de terral de primavera. Hoy se espera una m\u00e1xima en la capital de <strong>26 \u00baC.<\/strong><\/p>\n<p>Ma\u00f1ana mi\u00e9rcoles el viento rolar\u00e1 a levante a \u00faltima hora de la madrugada o primeras de la ma\u00f1ana. El terral de primavera y el poniente nos dar\u00e1n un respiro. Hay probabilidad de que las nubes bajas de retenci\u00f3n puedan dejar algunas gotillas por la ma\u00f1ana en algunos puntos de la costa.<\/p>\n<h3><strong>La Fuente de los 101 ca\u00f1os en su m\u00e1ximo esplendor en mayo. Fotos y videos<\/strong><\/h3>\n<p>El domingo pasado pudimos disfrutar mi mujer y yo de este impresionante espect\u00e1culo, gracias a las lluvias de la primavera. No solo disfrutamos de la fuente, tambi\u00e9n de un campo todo verde y de arroyos que a\u00fan llevan agua.<\/p>\n<p>Fuente: Diputaci\u00f3n<\/p>\n<p>El exuberante nacimiento de agua, que da vida a esta obra humana adosada a la roca, sorprende, como un gran espect\u00e1culo de luz y sonido, a todo el que se acerca a conocerlo.<\/p>\n<p>Se trata de la Fuente de los Cien Ca\u00f1os \u2013en realidad tiene uno m\u00e1s\u2013, Monumento natural de Andaluc\u00eda situado en el entorno de Villanueva del Trabuco que goza de justa fama. La fuente, gigantesca, canaliza el agua que mana de la sierra de San Jorge, constituyendo el aporte m\u00e1s importante del r\u00edo Guadalhorce en su tramo inicial.<\/p>\n<p>Se encuentra en la Sierra de San Jorge, en el extremo oriental de la Sierra de Camarolos, y forma parte del conocido como Arco Calizo Central Malague\u00f1o. La fuente es tradicional lugar de esparcimiento para los vecinos de Villanueva del Trabuco y del resto de la comarca.<\/p>\n<p>A pocos kil\u00f3metros del t\u00e9rmino municipal de\u00a0<strong>Villanueva del Trabuco<\/strong>\u00a0se encuentra el nacimiento del\u00a0<strong>r\u00edo Guadalhorce<\/strong>, el r\u00edo m\u00e1s caudaloso de la provincia de M\u00e1laga, concretamente en el Puerto de los Alazores, entre las faldas de las\u00a0<strong>Sierras de San Jorge<\/strong>\u00a0y\u00a0<strong>Gibalto<\/strong>, en el t\u00e9rmino municipal de Loja (l\u00edmite M\u00e1laga). Popularmente, se considera que su nacimiento est\u00e1 en la que se conoce como la Fuente de los Cien Ca\u00f1os, aunque realmente\u00a0tiene 101 ca\u00f1os. De esta gigantesca fuente adosada a la pared caliza de la sierra brotan decenas de chorros de agua de sus paredes. Se trata de un impresionante manantial situado a pocos kil\u00f3metros del pueblo. En sus proximidades muchos vecinos de la comarca aprovechan para pasar un agradable d\u00eda de campo.<\/p>\n<p>La Sierra de San Jorge constituye el extremo oriental de la Sierra de Camarolos, que forma parte del conjunto de sierras calizas que atraviesan la provincia de M\u00e1laga de oeste a este. El lugar est\u00e1 rodeado por un hermoso y variado paisaje con vegetaci\u00f3n t\u00edpicamente mediterr\u00e1nea: olivos, pinos, encinas, arbustos y monte bajo.<\/p>\n<p>Os dejo con el sonido del agua y las fotos.<\/p>\n<p>&nbsp;<\/p>\n<p><iframe loading=\"lazy\" title=\"Los 101 ca\u00f1os en Villanueva del Trabuco  hoy 4 de mayo de 2025\" width=\"500\" height=\"281\" src=\"https:\/\/www.youtube.com\/embed\/ag0Ca9cD6m4?feature=oembed\" frameborder=\"0\" allow=\"accelerometer; autoplay; clipboard-write; encrypted-media; gyroscope; picture-in-picture; web-share\" referrerpolicy=\"strict-origin-when-cross-origin\" allowfullscreen><\/iframe><\/p>\n<p>&nbsp;<\/p>\n<p><iframe loading=\"lazy\" title=\"101 ca\u00f1os en Villanueva del Trabuco\" width=\"500\" height=\"281\" src=\"https:\/\/www.youtube.com\/embed\/vKfzfrNNO4s?feature=oembed\" frameborder=\"0\" allow=\"accelerometer; autoplay; clipboard-write; encrypted-media; gyroscope; picture-in-picture; web-share\" referrerpolicy=\"strict-origin-when-cross-origin\" allowfullscreen><\/iframe><\/p>\n<p>&nbsp;<\/p>\n<p><iframe loading=\"lazy\" title=\"101 ca\u00f1os en Villanueva del Trabuco\" width=\"500\" height=\"281\" src=\"https:\/\/www.youtube.com\/embed\/1aZyEnHuTeQ?feature=oembed\" frameborder=\"0\" allow=\"accelerometer; autoplay; clipboard-write; encrypted-media; gyroscope; picture-in-picture; web-share\" referrerpolicy=\"strict-origin-when-cross-origin\" allowfullscreen><\/iframe><\/p>\n<p>&nbsp;<\/p>\n<p><iframe loading=\"lazy\" title=\"Zona 101 ca\u00f1os en Villanueva del Trabuco\" width=\"500\" height=\"281\" src=\"https:\/\/www.youtube.com\/embed\/xhabkSaNjJ0?feature=oembed\" frameborder=\"0\" allow=\"accelerometer; autoplay; clipboard-write; encrypted-media; gyroscope; picture-in-picture; web-share\" referrerpolicy=\"strict-origin-when-cross-origin\" allowfullscreen><\/iframe><\/p>\n<p>&nbsp;<\/p>\n<p><iframe loading=\"lazy\" title=\"Zona 101 ca\u00f1os en Villanueva del Trabuco\" width=\"500\" height=\"281\" src=\"https:\/\/www.youtube.com\/embed\/qFGc-K5clVU?feature=oembed\" frameborder=\"0\" allow=\"accelerometer; autoplay; clipboard-write; encrypted-media; gyroscope; picture-in-picture; web-share\" referrerpolicy=\"strict-origin-when-cross-origin\" allowfullscreen><\/iframe><\/p>\n<p>&nbsp;<\/p>\n<p><iframe loading=\"lazy\" title=\"101 ca\u00f1os en Villanueva del Trabuco\" width=\"500\" height=\"281\" src=\"https:\/\/www.youtube.com\/embed\/9bTIHI4LUjY?feature=oembed\" frameborder=\"0\" allow=\"accelerometer; autoplay; clipboard-write; encrypted-media; gyroscope; picture-in-picture; web-share\" referrerpolicy=\"strict-origin-when-cross-origin\" allowfullscreen><\/iframe><\/p>\n<p>&nbsp;<\/p>\n<p><a href=\"https:\/\/static-blogs.diariosur.es\/wp-content\/uploads\/sites\/12\/2025\/05\/DSC3150.jpg\"><img loading=\"lazy\" class=\"aligncenter size-full wp-image-44589\" src=\"https:\/\/static-blogs.diariosur.es\/wp-content\/uploads\/sites\/12\/2025\/05\/DSC3150.jpg\" alt=\"\" width=\"1064\" height=\"731\" srcset=\"https:\/\/static-blogs.diariosur.es\/wp-content\/uploads\/sites\/12\/2025\/05\/DSC3150.jpg 1064w, https:\/\/static-blogs.diariosur.es\/wp-content\/uploads\/sites\/12\/2025\/05\/DSC3150-582x400.jpg 582w, https:\/\/static-blogs.diariosur.es\/wp-content\/uploads\/sites\/12\/2025\/05\/DSC3150-594x408.jpg 594w, https:\/\/static-blogs.diariosur.es\/wp-content\/uploads\/sites\/12\/2025\/05\/DSC3150-768x528.jpg 768w\" sizes=\"(max-width: 1064px) 100vw, 1064px\" \/><\/a><\/p>\n<p><a href=\"https:\/\/static-blogs.diariosur.es\/wp-content\/uploads\/sites\/12\/2025\/05\/DSC3151.jpg\"><img loading=\"lazy\" class=\"aligncenter size-full wp-image-44590\" src=\"https:\/\/static-blogs.diariosur.es\/wp-content\/uploads\/sites\/12\/2025\/05\/DSC3151.jpg\" alt=\"\" width=\"1064\" height=\"731\" srcset=\"https:\/\/static-blogs.diariosur.es\/wp-content\/uploads\/sites\/12\/2025\/05\/DSC3151.jpg 1064w, https:\/\/static-blogs.diariosur.es\/wp-content\/uploads\/sites\/12\/2025\/05\/DSC3151-582x400.jpg 582w, https:\/\/static-blogs.diariosur.es\/wp-content\/uploads\/sites\/12\/2025\/05\/DSC3151-594x408.jpg 594w, https:\/\/static-blogs.diariosur.es\/wp-content\/uploads\/sites\/12\/2025\/05\/DSC3151-768x528.jpg 768w\" sizes=\"(max-width: 1064px) 100vw, 1064px\" \/><\/a><\/p>\n<p>&nbsp;<\/p>\n<p><a href=\"https:\/\/static-blogs.diariosur.es\/wp-content\/uploads\/sites\/12\/2025\/05\/DSC3152.jpg\"><img loading=\"lazy\" class=\"aligncenter size-full wp-image-44591\" src=\"https:\/\/static-blogs.diariosur.es\/wp-content\/uploads\/sites\/12\/2025\/05\/DSC3152.jpg\" alt=\"\" width=\"1064\" height=\"731\" srcset=\"https:\/\/static-blogs.diariosur.es\/wp-content\/uploads\/sites\/12\/2025\/05\/DSC3152.jpg 1064w, https:\/\/static-blogs.diariosur.es\/wp-content\/uploads\/sites\/12\/2025\/05\/DSC3152-582x400.jpg 582w, https:\/\/static-blogs.diariosur.es\/wp-content\/uploads\/sites\/12\/2025\/05\/DSC3152-594x408.jpg 594w, https:\/\/static-blogs.diariosur.es\/wp-content\/uploads\/sites\/12\/2025\/05\/DSC3152-768x528.jpg 768w\" sizes=\"(max-width: 1064px) 100vw, 1064px\" \/><\/a><\/p>\n<p>&nbsp;<\/p>\n<p><a href=\"https:\/\/static-blogs.diariosur.es\/wp-content\/uploads\/sites\/12\/2025\/05\/DSC3158.jpg\"><img loading=\"lazy\" class=\"aligncenter size-full wp-image-44592\" src=\"https:\/\/static-blogs.diariosur.es\/wp-content\/uploads\/sites\/12\/2025\/05\/DSC3158.jpg\" alt=\"\" width=\"1064\" height=\"731\" srcset=\"https:\/\/static-blogs.diariosur.es\/wp-content\/uploads\/sites\/12\/2025\/05\/DSC3158.jpg 1064w, https:\/\/static-blogs.diariosur.es\/wp-content\/uploads\/sites\/12\/2025\/05\/DSC3158-582x400.jpg 582w, https:\/\/static-blogs.diariosur.es\/wp-content\/uploads\/sites\/12\/2025\/05\/DSC3158-594x408.jpg 594w, https:\/\/static-blogs.diariosur.es\/wp-content\/uploads\/sites\/12\/2025\/05\/DSC3158-768x528.jpg 768w\" sizes=\"(max-width: 1064px) 100vw, 1064px\" \/><\/a><\/p>\n<p>&nbsp;<\/p>\n<p><a href=\"https:\/\/static-blogs.diariosur.es\/wp-content\/uploads\/sites\/12\/2025\/05\/DSC3171.jpg\"><img loading=\"lazy\" class=\"aligncenter size-full wp-image-44593\" src=\"https:\/\/static-blogs.diariosur.es\/wp-content\/uploads\/sites\/12\/2025\/05\/DSC3171.jpg\" alt=\"\" width=\"1064\" height=\"731\" srcset=\"https:\/\/static-blogs.diariosur.es\/wp-content\/uploads\/sites\/12\/2025\/05\/DSC3171.jpg 1064w, https:\/\/static-blogs.diariosur.es\/wp-content\/uploads\/sites\/12\/2025\/05\/DSC3171-582x400.jpg 582w, https:\/\/static-blogs.diariosur.es\/wp-content\/uploads\/sites\/12\/2025\/05\/DSC3171-594x408.jpg 594w, https:\/\/static-blogs.diariosur.es\/wp-content\/uploads\/sites\/12\/2025\/05\/DSC3171-768x528.jpg 768w\" sizes=\"(max-width: 1064px) 100vw, 1064px\" \/><\/a><\/p>\n<p>&nbsp;<\/p>\n<p><a href=\"https:\/\/static-blogs.diariosur.es\/wp-content\/uploads\/sites\/12\/2025\/05\/DSC3172.jpg\"><img loading=\"lazy\" class=\"aligncenter size-full wp-image-44594\" src=\"https:\/\/static-blogs.diariosur.es\/wp-content\/uploads\/sites\/12\/2025\/05\/DSC3172.jpg\" alt=\"\" width=\"1064\" height=\"731\" srcset=\"https:\/\/static-blogs.diariosur.es\/wp-content\/uploads\/sites\/12\/2025\/05\/DSC3172.jpg 1064w, https:\/\/static-blogs.diariosur.es\/wp-content\/uploads\/sites\/12\/2025\/05\/DSC3172-582x400.jpg 582w, https:\/\/static-blogs.diariosur.es\/wp-content\/uploads\/sites\/12\/2025\/05\/DSC3172-594x408.jpg 594w, https:\/\/static-blogs.diariosur.es\/wp-content\/uploads\/sites\/12\/2025\/05\/DSC3172-768x528.jpg 768w\" sizes=\"(max-width: 1064px) 100vw, 1064px\" \/><\/a><\/p>\n<p>&nbsp;<\/p>\n<p><a href=\"https:\/\/static-blogs.diariosur.es\/wp-content\/uploads\/sites\/12\/2025\/05\/DSC3160.jpg\"><img loading=\"lazy\" class=\"aligncenter size-full wp-image-44599\" src=\"https:\/\/static-blogs.diariosur.es\/wp-content\/uploads\/sites\/12\/2025\/05\/DSC3160.jpg\" alt=\"\" width=\"1064\" height=\"731\" srcset=\"https:\/\/static-blogs.diariosur.es\/wp-content\/uploads\/sites\/12\/2025\/05\/DSC3160.jpg 1064w, https:\/\/static-blogs.diariosur.es\/wp-content\/uploads\/sites\/12\/2025\/05\/DSC3160-582x400.jpg 582w, https:\/\/static-blogs.diariosur.es\/wp-content\/uploads\/sites\/12\/2025\/05\/DSC3160-594x408.jpg 594w, https:\/\/static-blogs.diariosur.es\/wp-content\/uploads\/sites\/12\/2025\/05\/DSC3160-768x528.jpg 768w\" sizes=\"(max-width: 1064px) 100vw, 1064px\" \/><\/a><\/p>\n<p><a href=\"https:\/\/static-blogs.diariosur.es\/wp-content\/uploads\/sites\/12\/2025\/05\/FB_IMG_1746517227153.jpg\"><img loading=\"lazy\" class=\"aligncenter size-large wp-image-44607\" src=\"https:\/\/static-blogs.diariosur.es\/wp-content\/uploads\/sites\/12\/2025\/05\/FB_IMG_1746517227153-544x408.jpg\" alt=\"\" width=\"544\" height=\"408\" srcset=\"https:\/\/static-blogs.diariosur.es\/wp-content\/uploads\/sites\/12\/2025\/05\/FB_IMG_1746517227153-544x408.jpg 544w, https:\/\/static-blogs.diariosur.es\/wp-content\/uploads\/sites\/12\/2025\/05\/FB_IMG_1746517227153-533x400.jpg 533w, https:\/\/static-blogs.diariosur.es\/wp-content\/uploads\/sites\/12\/2025\/05\/FB_IMG_1746517227153-768x576.jpg 768w, https:\/\/static-blogs.diariosur.es\/wp-content\/uploads\/sites\/12\/2025\/05\/FB_IMG_1746517227153-1536x1152.jpg 1536w, https:\/\/static-blogs.diariosur.es\/wp-content\/uploads\/sites\/12\/2025\/05\/FB_IMG_1746517227153.jpg 2048w\" sizes=\"(max-width: 544px) 100vw, 544px\" \/><\/a><\/p>\n<p><a href=\"https:\/\/static-blogs.diariosur.es\/wp-content\/uploads\/sites\/12\/2025\/05\/DSC3164.jpg\"><img loading=\"lazy\" class=\"aligncenter size-full wp-image-44600\" src=\"https:\/\/static-blogs.diariosur.es\/wp-content\/uploads\/sites\/12\/2025\/05\/DSC3164.jpg\" alt=\"\" width=\"1064\" height=\"731\" srcset=\"https:\/\/static-blogs.diariosur.es\/wp-content\/uploads\/sites\/12\/2025\/05\/DSC3164.jpg 1064w, https:\/\/static-blogs.diariosur.es\/wp-content\/uploads\/sites\/12\/2025\/05\/DSC3164-582x400.jpg 582w, https:\/\/static-blogs.diariosur.es\/wp-content\/uploads\/sites\/12\/2025\/05\/DSC3164-594x408.jpg 594w, https:\/\/static-blogs.diariosur.es\/wp-content\/uploads\/sites\/12\/2025\/05\/DSC3164-768x528.jpg 768w\" sizes=\"(max-width: 1064px) 100vw, 1064px\" \/><\/a><\/p>\n<p>&nbsp;<\/p>\n<p><a href=\"https:\/\/static-blogs.diariosur.es\/wp-content\/uploads\/sites\/12\/2025\/05\/DSC3167_1.jpg\"><img loading=\"lazy\" class=\"aligncenter size-full wp-image-44601\" src=\"https:\/\/static-blogs.diariosur.es\/wp-content\/uploads\/sites\/12\/2025\/05\/DSC3167_1.jpg\" alt=\"\" width=\"1064\" height=\"731\" srcset=\"https:\/\/static-blogs.diariosur.es\/wp-content\/uploads\/sites\/12\/2025\/05\/DSC3167_1.jpg 1064w, https:\/\/static-blogs.diariosur.es\/wp-content\/uploads\/sites\/12\/2025\/05\/DSC3167_1-582x400.jpg 582w, https:\/\/static-blogs.diariosur.es\/wp-content\/uploads\/sites\/12\/2025\/05\/DSC3167_1-594x408.jpg 594w, https:\/\/static-blogs.diariosur.es\/wp-content\/uploads\/sites\/12\/2025\/05\/DSC3167_1-768x528.jpg 768w\" sizes=\"(max-width: 1064px) 100vw, 1064px\" \/><\/a><\/p>\n<p>&nbsp;<\/p>\n<p><a href=\"https:\/\/static-blogs.diariosur.es\/wp-content\/uploads\/sites\/12\/2025\/05\/DSC3174.jpg\"><img loading=\"lazy\" class=\"aligncenter size-full wp-image-44602\" src=\"https:\/\/static-blogs.diariosur.es\/wp-content\/uploads\/sites\/12\/2025\/05\/DSC3174.jpg\" alt=\"\" width=\"1064\" height=\"731\" srcset=\"https:\/\/static-blogs.diariosur.es\/wp-content\/uploads\/sites\/12\/2025\/05\/DSC3174.jpg 1064w, https:\/\/static-blogs.diariosur.es\/wp-content\/uploads\/sites\/12\/2025\/05\/DSC3174-582x400.jpg 582w, https:\/\/static-blogs.diariosur.es\/wp-content\/uploads\/sites\/12\/2025\/05\/DSC3174-594x408.jpg 594w, https:\/\/static-blogs.diariosur.es\/wp-content\/uploads\/sites\/12\/2025\/05\/DSC3174-768x528.jpg 768w\" sizes=\"(max-width: 1064px) 100vw, 1064px\" \/><\/a><\/p>\n<p>&nbsp;<\/p>\n<p><a href=\"https:\/\/static-blogs.diariosur.es\/wp-content\/uploads\/sites\/12\/2025\/05\/494997906_10232584645377551_5724075902528527533_n-e1746420776520.jpg\"><img loading=\"lazy\" class=\"aligncenter size-full wp-image-44586\" src=\"https:\/\/static-blogs.diariosur.es\/wp-content\/uploads\/sites\/12\/2025\/05\/494997906_10232584645377551_5724075902528527533_n-e1746420776520.jpg\" alt=\"\" width=\"1000\" height=\"750\" \/><\/a><\/p>\n","protected":false},"excerpt":{"rendered":"<p>Buenos d\u00edas, amigos de la meteo. Cuando son las siete menos cuarto de la ma\u00f1ana en M\u00e1laga capital, mi estaci\u00f3n registra 17,4 \u00baC, los cielos est\u00e1n poco nubosos y seguimos con viento de terral de primavera. Hoy se espera una m\u00e1xima en la capital de 26 \u00baC. Ma\u00f1ana mi\u00e9rcoles el viento rolar\u00e1 a levante a [&hellip;]<\/p>\n","protected":false},"author":16,"featured_media":44589,"comment_status":"open","ping_status":"open","sticky":false,"template":"","format":"standard","meta":[],"categories":[2],"tags":[1908,1907,438,2034,2033],"_links":{"self":[{"href":"https:\/\/blogs.diariosur.es\/tormentas-y-rayos\/wp-json\/wp\/v2\/posts\/44588"}],"collection":[{"href":"https:\/\/blogs.diariosur.es\/tormentas-y-rayos\/wp-json\/wp\/v2\/posts"}],"about":[{"href":"https:\/\/blogs.diariosur.es\/tormentas-y-rayos\/wp-json\/wp\/v2\/types\/post"}],"author":[{"embeddable":true,"href":"https:\/\/blogs.diariosur.es\/tormentas-y-rayos\/wp-json\/wp\/v2\/users\/16"}],"replies":[{"embeddable":true,"href":"https:\/\/blogs.diariosur.es\/tormentas-y-rayos\/wp-json\/wp\/v2\/comments?post=44588"}],"version-history":[{"count":8,"href":"https:\/\/blogs.diariosur.es\/tormentas-y-rayos\/wp-json\/wp\/v2\/posts\/44588\/revisions"}],"predecessor-version":[{"id":46634,"href":"https:\/\/blogs.diariosur.es\/tormentas-y-rayos\/wp-json\/wp\/v2\/posts\/44588\/revisions\/46634"}],"wp:featuredmedia":[{"embeddable":true,"href":"https:\/\/blogs.diariosur.es\/tormentas-y-rayos\/wp-json\/wp\/v2\/media\/44589"}],"wp:attachment":[{"href":"https:\/\/blogs.diariosur.es\/tormentas-y-rayos\/wp-json\/wp\/v2\/media?parent=44588"}],"wp:term":[{"taxonomy":"category","embeddable":true,"href":"https:\/\/blogs.diariosur.es\/tormentas-y-rayos\/wp-json\/wp\/v2\/categories?post=44588"},{"taxonomy":"post_tag","embeddable":true,"href":"https:\/\/blogs.diariosur.es\/tormentas-y-rayos\/wp-json\/wp\/v2\/tags?post=44588"}],"curies":[{"name":"wp","href":"https:\/\/api.w.org\/{rel}","templated":true}]}}