{"id":4461,"date":"2012-12-21T06:56:57","date_gmt":"2012-12-21T05:56:57","guid":{"rendered":"http:\/\/blogs.diariosur.es\/tormentas-y-rayos\/?p=4461"},"modified":"2012-12-21T06:56:57","modified_gmt":"2012-12-21T05:56:57","slug":"el-fin-del-mundo-se-aplaza-sine-die-hoy-comienza-el-invierno-con-subidas-de-temperaturas-prediccion-del-tiempo-fin-de-semana-y-noche-buena","status":"publish","type":"post","link":"https:\/\/blogs.diariosur.es\/tormentas-y-rayos\/2012\/12\/21\/el-fin-del-mundo-se-aplaza-sine-die-hoy-comienza-el-invierno-con-subidas-de-temperaturas-prediccion-del-tiempo-fin-de-semana-y-noche-buena\/","title":{"rendered":"El Fin del Mundo se aplaza sine die. Hoy comienza el invierno con subidas de temperaturas. Predicci\u00f3n del tiempo Fin de Semana y Noche Buena."},"content":{"rendered":"<p><span style=\"color: #000000;\"><strong>Buenos d\u00edas amigos de la meteo. \u00a0Son las seis de la ma\u00f1ana, registro 17 grados y el mundo no se ha acabado.<\/strong><strong>\u00a0Los cielos est\u00e1n poco nubosos y el terral de oto\u00f1o sigue siendo el protagonista, pero a partir de las doce y doce minutos sera el terral de invierno ji ji ji.<\/strong><\/span><\/p>\n<p><span style=\"color: #800080;\"><strong>Antes de nada, daros a todos las gracias por felicitarme en mi cumple. Sois estupendos, muchasssss graciassss.<\/strong><\/span><\/p>\n<p>&nbsp;<\/p>\n<p><span style=\"color: #0000ff;\"><strong>A las doce y doce minutos de hoy entrara el invierno, y lo har\u00e1 con unas isos a 850 hpa bastantes altas para esta \u00e9poca del a\u00f1o. Siendo el domingo cuando en la casi toda la\u00a0Pen\u00ednsula\u00a0ronden los 15 grados a 1500 metros de altura. Donde el sol pueda con la niebla, se pueden batir\u00a0r\u00e9cord\u00a0de\u00a0m\u00e1ximas. Os paso el mapa previsto para el domingo.<\/strong><\/span><\/p>\n<p><span style=\"color: #0000ff;\"><a href=\"https:\/\/blogs.diariosur.es\/tormentas-y-rayos\/2012\/12\/21\/el-fin-del-mundo-se-aplaza-sine-die-hoy-comienza-el-invierno-con-subidas-de-temperaturas-prediccion-del-tiempo-fin-de-semana-y-noche-buena\/2-11\/\" rel=\"attachment wp-att-4462\"><span style=\"color: #0000ff;\"><img loading=\"lazy\" class=\"aligncenter size-medium wp-image-4462\" title=\"2\" src=\"\/tormentas-y-rayos\/wp-content\/uploads\/sites\/12\/2012\/12\/2.jpg\" alt=\"\" width=\"535\" height=\"400\" srcset=\"https:\/\/static-blogs.diariosur.es\/wp-content\/uploads\/sites\/12\/2012\/12\/2.jpg 741w, https:\/\/static-blogs.diariosur.es\/wp-content\/uploads\/sites\/12\/2012\/12\/2-535x400.jpg 535w\" sizes=\"(max-width: 535px) 100vw, 535px\" \/><\/span><\/a><\/span><\/p>\n<p><span style=\"color: #0000ff;\"><strong>\u00a0Esta estaci\u00f3n\u00a0 durar\u00e1 88 d\u00edas y 23 horas, y terminar\u00e1 el 20 de marzo de 2013 con el comienzo de la primavera.<\/strong><\/span><\/p>\n<p>&nbsp;<\/p>\n<p><span style=\"color: #0000ff;\"><strong>Esperemos que el invierno se porte como tiene que ser, y nos traiga nieve a toda la\u00a0pen\u00ednsula\u00a0y a las Islas Canarias. Y ojala se pueda ver el Teide, como lo\u00a0fotografi\u00f3\u00a0nuestro gran\u00a0fot\u00f3grafo\u00a0Iv\u00e1n Medina Delli. La foto que os pongo fue del a\u00f1o 2011, concretamente en Febrero. Impresionante foto Iv\u00e1n.<\/strong><\/span><\/p>\n<p><span style=\"color: #0000ff;\"><a href=\"https:\/\/blogs.diariosur.es\/tormentas-y-rayos\/2012\/12\/21\/el-fin-del-mundo-se-aplaza-sine-die-hoy-comienza-el-invierno-con-subidas-de-temperaturas-prediccion-del-tiempo-fin-de-semana-y-noche-buena\/150658_347364145362852_188208346_n\/\" rel=\"attachment wp-att-4475\"><span style=\"color: #0000ff;\"><img loading=\"lazy\" class=\"aligncenter size-full wp-image-4475\" title=\"150658_347364145362852_188208346_n\" src=\"\/tormentas-y-rayos\/wp-content\/uploads\/sites\/12\/2012\/12\/150658_347364145362852_188208346_n.jpg\" alt=\"\" width=\"670\" height=\"444\" srcset=\"https:\/\/static-blogs.diariosur.es\/wp-content\/uploads\/sites\/12\/2012\/12\/150658_347364145362852_188208346_n.jpg 670w, https:\/\/static-blogs.diariosur.es\/wp-content\/uploads\/sites\/12\/2012\/12\/150658_347364145362852_188208346_n-604x400.jpg 604w\" sizes=\"(max-width: 670px) 100vw, 670px\" \/><\/span><\/a><\/span><\/p>\n<p><span style=\"color: #008000;\"><strong>Bueno amigos, antes de daros el pron\u00f3stico del fin de semana y navidad, haremos un peque\u00f1o resumen de estos dos d\u00edas pasados.<\/strong><\/span><\/p>\n<p>&nbsp;<\/p>\n<p><span style=\"color: #ff00ff;\"><strong>El amanecer del dia de mi cumple no pude verlo, pero para eso tengo a mis amigos, Antonio Portillo, Paqui Carnero, \u00a0Pedro Toro y Miguel Angel Avila, que me hicieron el regalo de mi cumple.<\/strong><\/span><\/p>\n<p><span style=\"color: #ff00ff;\"><strong>FOTO ANTONIO PORTILLO<\/strong><\/span><\/p>\n<p><span style=\"color: #ff00ff;\"><a href=\"https:\/\/blogs.diariosur.es\/tormentas-y-rayos\/2012\/12\/21\/el-fin-del-mundo-se-aplaza-sine-die-hoy-comienza-el-invierno-con-subidas-de-temperaturas-prediccion-del-tiempo-fin-de-semana-y-noche-buena\/antonio-portillo-6\/\" rel=\"attachment wp-att-4465\"><span style=\"color: #ff00ff;\"><img loading=\"lazy\" class=\"aligncenter size-full wp-image-4465\" title=\"antonio portillo\" src=\"\/tormentas-y-rayos\/wp-content\/uploads\/sites\/12\/2012\/12\/antonio-portillo2.jpg\" alt=\"\" width=\"670\" height=\"447\" srcset=\"https:\/\/static-blogs.diariosur.es\/wp-content\/uploads\/sites\/12\/2012\/12\/antonio-portillo2.jpg 670w, https:\/\/static-blogs.diariosur.es\/wp-content\/uploads\/sites\/12\/2012\/12\/antonio-portillo2-600x400.jpg 600w\" sizes=\"(max-width: 670px) 100vw, 670px\" \/><\/span><\/a><\/span><\/p>\n<p>&nbsp;<\/p>\n<p><span style=\"color: #ff00ff;\"><strong>PAQUI CARNERO<\/strong><\/span><\/p>\n<p><span style=\"color: #ff00ff;\"><a href=\"https:\/\/blogs.diariosur.es\/tormentas-y-rayos\/2012\/12\/21\/el-fin-del-mundo-se-aplaza-sine-die-hoy-comienza-el-invierno-con-subidas-de-temperaturas-prediccion-del-tiempo-fin-de-semana-y-noche-buena\/paqui-carnero-3\/\" rel=\"attachment wp-att-4466\"><span style=\"color: #ff00ff;\"><img loading=\"lazy\" class=\"aligncenter size-full wp-image-4466\" title=\"paqui carnero\" src=\"\/tormentas-y-rayos\/wp-content\/uploads\/sites\/12\/2012\/12\/paqui-carnero.jpg\" alt=\"\" width=\"670\" height=\"377\" srcset=\"https:\/\/static-blogs.diariosur.es\/wp-content\/uploads\/sites\/12\/2012\/12\/paqui-carnero.jpg 670w, https:\/\/static-blogs.diariosur.es\/wp-content\/uploads\/sites\/12\/2012\/12\/paqui-carnero-640x360.jpg 640w\" sizes=\"(max-width: 670px) 100vw, 670px\" \/><\/span><\/a><\/span><\/p>\n<p><span style=\"color: #ff00ff;\"><strong>PEDRO TORO<\/strong><\/span><\/p>\n<p><span style=\"color: #ff00ff;\"><a href=\"https:\/\/blogs.diariosur.es\/tormentas-y-rayos\/2012\/12\/21\/el-fin-del-mundo-se-aplaza-sine-die-hoy-comienza-el-invierno-con-subidas-de-temperaturas-prediccion-del-tiempo-fin-de-semana-y-noche-buena\/pedro-toro-3\/\" rel=\"attachment wp-att-4467\"><span style=\"color: #ff00ff;\"><img loading=\"lazy\" class=\"aligncenter size-full wp-image-4467\" title=\"pedro toro\" src=\"\/tormentas-y-rayos\/wp-content\/uploads\/sites\/12\/2012\/12\/pedro-toro2.jpg\" alt=\"\" width=\"670\" height=\"440\" srcset=\"https:\/\/static-blogs.diariosur.es\/wp-content\/uploads\/sites\/12\/2012\/12\/pedro-toro2.jpg 670w, https:\/\/static-blogs.diariosur.es\/wp-content\/uploads\/sites\/12\/2012\/12\/pedro-toro2-609x400.jpg 609w\" sizes=\"(max-width: 670px) 100vw, 670px\" \/><\/span><\/a><\/span><\/p>\n<p><span style=\"color: #ff00ff;\"><strong>Y EL ATARDECER DE MIGUEL ANGEL \u00c1VILA. DESDE CHILCHES<\/strong><\/span><\/p>\n<p><span style=\"color: #ff00ff;\"><a href=\"https:\/\/blogs.diariosur.es\/tormentas-y-rayos\/2012\/12\/21\/el-fin-del-mundo-se-aplaza-sine-die-hoy-comienza-el-invierno-con-subidas-de-temperaturas-prediccion-del-tiempo-fin-de-semana-y-noche-buena\/miguel-angel\/\" rel=\"attachment wp-att-4468\"><span style=\"color: #ff00ff;\"><img loading=\"lazy\" class=\"aligncenter size-full wp-image-4468\" title=\"miguel Angel\" src=\"\/tormentas-y-rayos\/wp-content\/uploads\/sites\/12\/2012\/12\/miguel-Angel.jpg\" alt=\"\" width=\"670\" height=\"447\" srcset=\"https:\/\/static-blogs.diariosur.es\/wp-content\/uploads\/sites\/12\/2012\/12\/miguel-Angel.jpg 670w, https:\/\/static-blogs.diariosur.es\/wp-content\/uploads\/sites\/12\/2012\/12\/miguel-Angel-600x400.jpg 600w\" sizes=\"(max-width: 670px) 100vw, 670px\" \/><\/span><\/a><\/span><\/p>\n<p>&nbsp;<\/p>\n<p>&nbsp;<\/p>\n<p>&nbsp;<\/p>\n<p><span style=\"color: #ff00ff;\"><strong>Como todos ya sab\u00e9is, el mi\u00e9rcoles la protagonista fue la niebla. Asi que al final tuve mi regalo de cumple ji ji, y la verdad que no \u00a0esperaba la niebla en la costa y si por el interior de la provincia. Pero\u00a0isa\u00a0es la meteo. \u00a0<\/strong><\/span><\/p>\n<p><span style=\"color: #ff00ff;\"><strong>Aprovechando el rato de descanso, tire corriendo para la playa y tome esta\u00a0fotograf\u00eda.<\/strong><\/span><\/p>\n<p><a href=\"https:\/\/blogs.diariosur.es\/tormentas-y-rayos\/2012\/12\/21\/el-fin-del-mundo-se-aplaza-sine-die-hoy-comienza-el-invierno-con-subidas-de-temperaturas-prediccion-del-tiempo-fin-de-semana-y-noche-buena\/olympus-digital-camera-991\/\" rel=\"attachment wp-att-4463\"><img loading=\"lazy\" class=\"aligncenter size-full wp-image-4463\" title=\"OLYMPUS DIGITAL CAMERA\" src=\"\/tormentas-y-rayos\/wp-content\/uploads\/sites\/12\/2012\/12\/0041.jpg\" alt=\"\" width=\"670\" height=\"503\" srcset=\"https:\/\/static-blogs.diariosur.es\/wp-content\/uploads\/sites\/12\/2012\/12\/0041.jpg 670w, https:\/\/static-blogs.diariosur.es\/wp-content\/uploads\/sites\/12\/2012\/12\/0041-533x400.jpg 533w\" sizes=\"(max-width: 670px) 100vw, 670px\" \/><\/a><\/p>\n<p>&nbsp;<\/p>\n<p><span style=\"color: #ff00ff;\"><strong>En el\u00a0sat\u00e9lite\u00a0modis de alta resoluci\u00f3n, se ve\u00eda claramente, como toda la Costa Malague\u00f1a estaba bajo la niebla.\u00a0As\u00ed\u00a0como el Valle del Guadalquivir.<\/strong><\/span><\/p>\n<p><a href=\"https:\/\/blogs.diariosur.es\/tormentas-y-rayos\/2012\/12\/21\/el-fin-del-mundo-se-aplaza-sine-die-hoy-comienza-el-invierno-con-subidas-de-temperaturas-prediccion-del-tiempo-fin-de-semana-y-noche-buena\/niebla-4\/\" rel=\"attachment wp-att-4464\"><img loading=\"lazy\" class=\"aligncenter size-medium wp-image-4464\" title=\"NIEBLA\" src=\"\/tormentas-y-rayos\/wp-content\/uploads\/sites\/12\/2012\/12\/NIEBLA1.jpg\" alt=\"\" width=\"589\" height=\"400\" srcset=\"https:\/\/static-blogs.diariosur.es\/wp-content\/uploads\/sites\/12\/2012\/12\/NIEBLA1.jpg 786w, https:\/\/static-blogs.diariosur.es\/wp-content\/uploads\/sites\/12\/2012\/12\/NIEBLA1-590x400.jpg 590w, https:\/\/static-blogs.diariosur.es\/wp-content\/uploads\/sites\/12\/2012\/12\/NIEBLA1-768x521.jpg 768w\" sizes=\"(max-width: 589px) 100vw, 589px\" \/><\/a><\/p>\n<p>&nbsp;<\/p>\n<p><span style=\"color: #0000ff;\"><strong>El jueves, el protagonista fue el viento de terral de oto\u00f1o, que soplo moderado. La niebla desapareci\u00f3 y la visibilidad era buena, aunque en el cielo, los cirros y c\u00famulos humilis eran los protagonistas. Os paso estas cuantas fotos desde mi terraza. La primera para que ve\u00e1is la diferencia entre el mi\u00e9rcoles y jueves.<\/strong><\/span><\/p>\n<p><a href=\"https:\/\/blogs.diariosur.es\/tormentas-y-rayos\/2012\/12\/21\/el-fin-del-mundo-se-aplaza-sine-die-hoy-comienza-el-invierno-con-subidas-de-temperaturas-prediccion-del-tiempo-fin-de-semana-y-noche-buena\/olympus-digital-camera-992\/\" rel=\"attachment wp-att-4469\"><img loading=\"lazy\" class=\"aligncenter size-full wp-image-4469\" title=\"OLYMPUS DIGITAL CAMERA\" src=\"\/tormentas-y-rayos\/wp-content\/uploads\/sites\/12\/2012\/12\/008.jpg\" alt=\"\" width=\"620\" height=\"827\" srcset=\"https:\/\/static-blogs.diariosur.es\/wp-content\/uploads\/sites\/12\/2012\/12\/008.jpg 620w, https:\/\/static-blogs.diariosur.es\/wp-content\/uploads\/sites\/12\/2012\/12\/008-300x400.jpg 300w\" sizes=\"(max-width: 620px) 100vw, 620px\" \/><\/a><\/p>\n<p>&nbsp;<\/p>\n<p><a href=\"https:\/\/blogs.diariosur.es\/tormentas-y-rayos\/2012\/12\/21\/el-fin-del-mundo-se-aplaza-sine-die-hoy-comienza-el-invierno-con-subidas-de-temperaturas-prediccion-del-tiempo-fin-de-semana-y-noche-buena\/olympus-digital-camera-993\/\" rel=\"attachment wp-att-4470\"><img loading=\"lazy\" class=\"aligncenter size-full wp-image-4470\" title=\"OLYMPUS DIGITAL CAMERA\" src=\"\/tormentas-y-rayos\/wp-content\/uploads\/sites\/12\/2012\/12\/0032.jpg\" alt=\"\" width=\"620\" height=\"782\" srcset=\"https:\/\/static-blogs.diariosur.es\/wp-content\/uploads\/sites\/12\/2012\/12\/0032.jpg 620w, https:\/\/static-blogs.diariosur.es\/wp-content\/uploads\/sites\/12\/2012\/12\/0032-317x400.jpg 317w\" sizes=\"(max-width: 620px) 100vw, 620px\" \/><\/a><\/p>\n<p>&nbsp;<\/p>\n<p><span style=\"color: #0000ff;\"><strong>Y esta segunda de las\u00a0tres\u00a0de la tarde.<\/strong><\/span><\/p>\n<p><a href=\"https:\/\/blogs.diariosur.es\/tormentas-y-rayos\/2012\/12\/21\/el-fin-del-mundo-se-aplaza-sine-die-hoy-comienza-el-invierno-con-subidas-de-temperaturas-prediccion-del-tiempo-fin-de-semana-y-noche-buena\/olympus-digital-camera-994\/\" rel=\"attachment wp-att-4471\"><img loading=\"lazy\" class=\"aligncenter size-full wp-image-4471\" title=\"OLYMPUS DIGITAL CAMERA\" src=\"\/tormentas-y-rayos\/wp-content\/uploads\/sites\/12\/2012\/12\/004_2.jpg\" alt=\"\" width=\"670\" height=\"503\" srcset=\"https:\/\/static-blogs.diariosur.es\/wp-content\/uploads\/sites\/12\/2012\/12\/004_2.jpg 670w, https:\/\/static-blogs.diariosur.es\/wp-content\/uploads\/sites\/12\/2012\/12\/004_2-533x400.jpg 533w\" sizes=\"(max-width: 670px) 100vw, 670px\" \/><\/a><\/p>\n<p><span style=\"color: #ff00ff;\"><strong>PREDICCI\u00d3N FIN DE SEMANA Y NAVIDAD<\/strong><\/span><\/p>\n<p><strong>Ya sab\u00e9is, que en esta \u00e9poca del a\u00f1o trabajo todos los d\u00edas, incluso el domingo y lunes 24. Pero intentare actualizar el blog tambi\u00e9n el domingo, para dar con mas seguridad el pron\u00f3stico del 24 y 25. <\/strong><\/p>\n<p><strong>El s\u00e1bado no espero lluvias, el terral de invierno ira aflojando y las temperaturas\u00a0m\u00e1ximas\u00a0subir\u00e1n.\u00a0<\/strong><strong>En M\u00e1laga Capital se llegaran a los 20 grados. <\/strong><\/p>\n<p><span style=\"color: #ff0000;\"><strong>El domingo 23, y como os comentaba mas arriba, las temperaturas a 850 hpa rondaran los 15 grados en casi toda la pen\u00ednsula. Esto quiere decir, y no me extra\u00f1ar\u00eda, que hubieran record de temperaturas\u00a0m\u00e1ximas. M\u00e1laga puede estar en el bombo si sopla terral, y batir los 24,6 del 12 de diciembre del 1998.<\/strong><\/span><\/p>\n<p><strong>El dia 24, poco a poco las isos a 850 hpa bajaran. Se espera que entre un frente frio por el noroeste, acompa\u00f1ado de una vaguada. Este frente llegar\u00eda muy desgastado a nuestra provincia, durante la noche del 24 o madrugada del 25. No creo que traiga lluvias, pero si una bajada de temperaturas en las \u00a0m\u00e1ximas, pero ni mucho menos, espero fr\u00edo. De todas formas el domingo actualizare el blog por la tarde, nada mas salir del curro.<\/strong><\/p>\n<p><strong> Poco mas que contar amigos. Os dejo con varias fotos del ultimo\u00a0atardecer\u00a0del oto\u00f1o 2012.<\/strong><\/p>\n<p><a href=\"https:\/\/blogs.diariosur.es\/tormentas-y-rayos\/2012\/12\/21\/el-fin-del-mundo-se-aplaza-sine-die-hoy-comienza-el-invierno-con-subidas-de-temperaturas-prediccion-del-tiempo-fin-de-semana-y-noche-buena\/olympus-digital-camera-995\/\" rel=\"attachment wp-att-4473\"><img loading=\"lazy\" class=\"aligncenter size-full wp-image-4473\" title=\"OLYMPUS DIGITAL CAMERA\" src=\"\/tormentas-y-rayos\/wp-content\/uploads\/sites\/12\/2012\/12\/016.jpg\" alt=\"\" width=\"670\" height=\"502\" srcset=\"https:\/\/static-blogs.diariosur.es\/wp-content\/uploads\/sites\/12\/2012\/12\/016.jpg 670w, https:\/\/static-blogs.diariosur.es\/wp-content\/uploads\/sites\/12\/2012\/12\/016-534x400.jpg 534w\" sizes=\"(max-width: 670px) 100vw, 670px\" \/><\/a><\/p>\n<p>&nbsp;<\/p>\n<p><a href=\"https:\/\/blogs.diariosur.es\/tormentas-y-rayos\/2012\/12\/21\/el-fin-del-mundo-se-aplaza-sine-die-hoy-comienza-el-invierno-con-subidas-de-temperaturas-prediccion-del-tiempo-fin-de-semana-y-noche-buena\/olympus-digital-camera-996\/\" rel=\"attachment wp-att-4474\"><img loading=\"lazy\" class=\"aligncenter size-full wp-image-4474\" title=\"OLYMPUS DIGITAL CAMERA\" src=\"\/tormentas-y-rayos\/wp-content\/uploads\/sites\/12\/2012\/12\/045.jpg\" alt=\"\" width=\"670\" height=\"503\" srcset=\"https:\/\/static-blogs.diariosur.es\/wp-content\/uploads\/sites\/12\/2012\/12\/045.jpg 670w, https:\/\/static-blogs.diariosur.es\/wp-content\/uploads\/sites\/12\/2012\/12\/045-533x400.jpg 533w\" sizes=\"(max-width: 670px) 100vw, 670px\" \/><\/a><\/p>\n<p>&nbsp;<\/p>\n","protected":false},"excerpt":{"rendered":"<p>Buenos d\u00edas amigos de la meteo. \u00a0Son las seis de la ma\u00f1ana, registro 17 grados y el mundo no se ha acabado.\u00a0Los cielos est\u00e1n poco nubosos y el terral de oto\u00f1o sigue siendo el protagonista, pero a partir de las doce y doce minutos sera el terral de invierno ji ji ji. Antes de nada, [&hellip;]<\/p>\n","protected":false},"author":16,"featured_media":4475,"comment_status":"open","ping_status":"closed","sticky":false,"template":"","format":"standard","meta":[],"categories":[2],"tags":[413,517,681,800,980],"_links":{"self":[{"href":"https:\/\/blogs.diariosur.es\/tormentas-y-rayos\/wp-json\/wp\/v2\/posts\/4461"}],"collection":[{"href":"https:\/\/blogs.diariosur.es\/tormentas-y-rayos\/wp-json\/wp\/v2\/posts"}],"about":[{"href":"https:\/\/blogs.diariosur.es\/tormentas-y-rayos\/wp-json\/wp\/v2\/types\/post"}],"author":[{"embeddable":true,"href":"https:\/\/blogs.diariosur.es\/tormentas-y-rayos\/wp-json\/wp\/v2\/users\/16"}],"replies":[{"embeddable":true,"href":"https:\/\/blogs.diariosur.es\/tormentas-y-rayos\/wp-json\/wp\/v2\/comments?post=4461"}],"version-history":[{"count":0,"href":"https:\/\/blogs.diariosur.es\/tormentas-y-rayos\/wp-json\/wp\/v2\/posts\/4461\/revisions"}],"wp:featuredmedia":[{"embeddable":true,"href":"https:\/\/blogs.diariosur.es\/tormentas-y-rayos\/wp-json\/wp\/v2\/media\/4475"}],"wp:attachment":[{"href":"https:\/\/blogs.diariosur.es\/tormentas-y-rayos\/wp-json\/wp\/v2\/media?parent=4461"}],"wp:term":[{"taxonomy":"category","embeddable":true,"href":"https:\/\/blogs.diariosur.es\/tormentas-y-rayos\/wp-json\/wp\/v2\/categories?post=4461"},{"taxonomy":"post_tag","embeddable":true,"href":"https:\/\/blogs.diariosur.es\/tormentas-y-rayos\/wp-json\/wp\/v2\/tags?post=4461"}],"curies":[{"name":"wp","href":"https:\/\/api.w.org\/{rel}","templated":true}]}}