{"id":44613,"date":"2025-05-06T21:14:54","date_gmt":"2025-05-06T19:14:54","guid":{"rendered":"https:\/\/blogs.diariosur.es\/tormentas-y-rayos\/?p=44613"},"modified":"2025-10-05T18:40:56","modified_gmt":"2025-10-05T16:40:56","slug":"malaga-capital-centro-meteorologico-registra-la-temperatura-maxima-de-espana","status":"publish","type":"post","link":"https:\/\/blogs.diariosur.es\/tormentas-y-rayos\/2025\/05\/06\/malaga-capital-centro-meteorologico-registra-la-temperatura-maxima-de-espana\/","title":{"rendered":"M\u00e1laga capital, Centro Meteorol\u00f3gico, registra la temperatura m\u00e1xima de Espa\u00f1a"},"content":{"rendered":"<p><a href=\"https:\/\/static-blogs.diariosur.es\/wp-content\/uploads\/sites\/12\/2025\/03\/485061785_10232007549910525_80981998006536982_n-1.jpg\"><img loading=\"lazy\" class=\"aligncenter size-thumbnail wp-image-43964\" src=\"https:\/\/static-blogs.diariosur.es\/wp-content\/uploads\/sites\/12\/2025\/03\/485061785_10232007549910525_80981998006536982_n-1-150x150.jpg\" alt=\"\" width=\"150\" height=\"150\" \/><\/a><\/p>\n<p data-pm-slice=\"1 1 []\">Buenas noches, amigos de la meteo. Se han cumplido las previsiones y el terral de primavera ha sido protagonista en las zonas habituales de la provincia malague\u00f1a.<\/p>\n<p>Os pongo las m\u00e1ximas que se han dado.<\/p>\n<p>M\u00e1laga Centro Meteorol\u00f3gico, la m\u00e1xima de Espa\u00f1a con<strong> 27,9 \u00b0C.<\/strong><\/p>\n<p>En la provincia malague\u00f1a se han dado estas.<\/p>\n<p>Estepona 27,4 \u00b0C<\/p>\n<p>\u00c1lora\u00a026,8 \u00b0C<\/p>\n<p>M\u00e1laga Aeropuerto 26,7 \u00b0C<\/p>\n<p>V\u00e9lez-M\u00e1laga 26,7 \u00b0C<\/p>\n<h3><a href=\"https:\/\/blogs.diariosur.es\/tormentas-y-rayos\/2025\/05\/06\/la-fuente-de-los-101-canos-en-su-maximo-esplendor-en-mayo-fotos-y-videos\/\"><strong>Ma\u00f1ana entrara el levante y nos dar\u00e1 un respiro el terral y la alergia\u00a0<\/strong><\/a><\/h3>\n<p>Nos vemos ma\u00f1ana<\/p>\n","protected":false},"excerpt":{"rendered":"<p>Buenas noches, amigos de la meteo. Se han cumplido las previsiones y el terral de primavera ha sido protagonista en las zonas habituales de la provincia malague\u00f1a. Os pongo las m\u00e1ximas que se han dado. M\u00e1laga Centro Meteorol\u00f3gico, la m\u00e1xima de Espa\u00f1a con 27,9 \u00b0C. En la provincia malague\u00f1a se han dado estas. Estepona 27,4 [&hellip;]<\/p>\n","protected":false},"author":16,"featured_media":44622,"comment_status":"open","ping_status":"open","sticky":false,"template":"","format":"standard","meta":[],"categories":[2],"tags":[358,375,587,624,975],"_links":{"self":[{"href":"https:\/\/blogs.diariosur.es\/tormentas-y-rayos\/wp-json\/wp\/v2\/posts\/44613"}],"collection":[{"href":"https:\/\/blogs.diariosur.es\/tormentas-y-rayos\/wp-json\/wp\/v2\/posts"}],"about":[{"href":"https:\/\/blogs.diariosur.es\/tormentas-y-rayos\/wp-json\/wp\/v2\/types\/post"}],"author":[{"embeddable":true,"href":"https:\/\/blogs.diariosur.es\/tormentas-y-rayos\/wp-json\/wp\/v2\/users\/16"}],"replies":[{"embeddable":true,"href":"https:\/\/blogs.diariosur.es\/tormentas-y-rayos\/wp-json\/wp\/v2\/comments?post=44613"}],"version-history":[{"count":10,"href":"https:\/\/blogs.diariosur.es\/tormentas-y-rayos\/wp-json\/wp\/v2\/posts\/44613\/revisions"}],"predecessor-version":[{"id":46635,"href":"https:\/\/blogs.diariosur.es\/tormentas-y-rayos\/wp-json\/wp\/v2\/posts\/44613\/revisions\/46635"}],"wp:featuredmedia":[{"embeddable":true,"href":"https:\/\/blogs.diariosur.es\/tormentas-y-rayos\/wp-json\/wp\/v2\/media\/44622"}],"wp:attachment":[{"href":"https:\/\/blogs.diariosur.es\/tormentas-y-rayos\/wp-json\/wp\/v2\/media?parent=44613"}],"wp:term":[{"taxonomy":"category","embeddable":true,"href":"https:\/\/blogs.diariosur.es\/tormentas-y-rayos\/wp-json\/wp\/v2\/categories?post=44613"},{"taxonomy":"post_tag","embeddable":true,"href":"https:\/\/blogs.diariosur.es\/tormentas-y-rayos\/wp-json\/wp\/v2\/tags?post=44613"}],"curies":[{"name":"wp","href":"https:\/\/api.w.org\/{rel}","templated":true}]}}