{"id":44626,"date":"2025-05-07T09:19:58","date_gmt":"2025-05-07T07:19:58","guid":{"rendered":"https:\/\/blogs.diariosur.es\/tormentas-y-rayos\/?p=44626"},"modified":"2025-10-05T18:38:28","modified_gmt":"2025-10-05T16:38:28","slug":"seguimos-con-una-primavera-en-estado-puro","status":"publish","type":"post","link":"https:\/\/blogs.diariosur.es\/tormentas-y-rayos\/2025\/05\/07\/seguimos-con-una-primavera-en-estado-puro\/","title":{"rendered":"Seguimos con una primavera en estado puro"},"content":{"rendered":"<p><a href=\"https:\/\/static-blogs.diariosur.es\/wp-content\/uploads\/sites\/12\/2025\/03\/130738248_10221381944997043_6257362087676436516_n.jpg\"><img loading=\"lazy\" class=\"aligncenter size-thumbnail wp-image-44057\" src=\"https:\/\/static-blogs.diariosur.es\/wp-content\/uploads\/sites\/12\/2025\/03\/130738248_10221381944997043_6257362087676436516_n-150x150.jpg\" alt=\"\" width=\"150\" height=\"150\" srcset=\"https:\/\/static-blogs.diariosur.es\/wp-content\/uploads\/sites\/12\/2025\/03\/130738248_10221381944997043_6257362087676436516_n-150x150.jpg 150w, https:\/\/static-blogs.diariosur.es\/wp-content\/uploads\/sites\/12\/2025\/03\/130738248_10221381944997043_6257362087676436516_n-400x400.jpg 400w, https:\/\/static-blogs.diariosur.es\/wp-content\/uploads\/sites\/12\/2025\/03\/130738248_10221381944997043_6257362087676436516_n-408x408.jpg 408w, https:\/\/static-blogs.diariosur.es\/wp-content\/uploads\/sites\/12\/2025\/03\/130738248_10221381944997043_6257362087676436516_n.jpg 768w\" sizes=\"(max-width: 150px) 100vw, 150px\" \/><\/a><\/p>\n<p data-pm-slice=\"1 1 []\">Buenos d\u00edas, amigos de la meteo. Seguimos con una primavera en estado puro; recordar que la primavera es la transacci\u00f3n del invierno al verano.<\/p>\n<p>Hace un par de d\u00edas nev\u00f3 en los Pirineos, a partir de los 1600 metros. Se han producido heladas. Fuertes tormentas.<\/p>\n<p>Y por mencionar a M\u00e1laga, ayer casi 28 \u00b0C, hoy mi\u00e9rcoles tendremos siete grados menos y las nubes bajas protagonistas. Ma\u00f1ana incluso algunas gotillas, y en la zona m\u00e1s oriental de la provincia de Almer\u00eda algunas tormentas.<\/p>\n<p>Os pongo algunas temperaturas m\u00ednimas destacadas que se han dado hoy.<\/p>\n<p>Granada Aeropuerto\u00a07,8\u00b0C<\/p>\n<p>C\u00f3rdoba Aeropuerto\u00a010,7 \u00b0C<\/p>\n<p>Aroche\u00a0Huelva 6,3\u00b0C<\/p>\n<p>Antequera 10,3\u00b0C<\/p>\n<p>Madrid Aeropuerto\u00a06,8 \u00b0C<\/p>\n<p>Toledo\u00a07 6 \u00b0C<\/p>\n<p>\u00c1vila 4,2 \u00b0C<\/p>\n<p>Valladolid\u00a03,2 \u00b0C<\/p>\n<p>Le\u00f3n Virgen del Camino 0,8 \u00b0C<\/p>\n<p>Burgos Aeropuerto\u00a01,9 \u00b0C<\/p>\n<p>Soria 2,1 \u00b0C<\/p>\n<p>Pamplona Aeropuerto\u00a01,9 \u00b0C<\/p>\n<p>Nos vemos ma\u00f1ana, con la predicci\u00f3n del fin de semana.<\/p>\n<p>&nbsp;<\/p>\n","protected":false},"excerpt":{"rendered":"<p>Buenos d\u00edas, amigos de la meteo. Seguimos con una primavera en estado puro; recordar que la primavera es la transacci\u00f3n del invierno al verano. Hace un par de d\u00edas nev\u00f3 en los Pirineos, a partir de los 1600 metros. Se han producido heladas. Fuertes tormentas. Y por mencionar a M\u00e1laga, ayer casi 28 \u00b0C, hoy [&hellip;]<\/p>\n","protected":false},"author":16,"featured_media":44629,"comment_status":"open","ping_status":"open","sticky":false,"template":"","format":"standard","meta":[],"categories":[2],"tags":[100,358,587,800,815,996],"_links":{"self":[{"href":"https:\/\/blogs.diariosur.es\/tormentas-y-rayos\/wp-json\/wp\/v2\/posts\/44626"}],"collection":[{"href":"https:\/\/blogs.diariosur.es\/tormentas-y-rayos\/wp-json\/wp\/v2\/posts"}],"about":[{"href":"https:\/\/blogs.diariosur.es\/tormentas-y-rayos\/wp-json\/wp\/v2\/types\/post"}],"author":[{"embeddable":true,"href":"https:\/\/blogs.diariosur.es\/tormentas-y-rayos\/wp-json\/wp\/v2\/users\/16"}],"replies":[{"embeddable":true,"href":"https:\/\/blogs.diariosur.es\/tormentas-y-rayos\/wp-json\/wp\/v2\/comments?post=44626"}],"version-history":[{"count":6,"href":"https:\/\/blogs.diariosur.es\/tormentas-y-rayos\/wp-json\/wp\/v2\/posts\/44626\/revisions"}],"predecessor-version":[{"id":46633,"href":"https:\/\/blogs.diariosur.es\/tormentas-y-rayos\/wp-json\/wp\/v2\/posts\/44626\/revisions\/46633"}],"wp:featuredmedia":[{"embeddable":true,"href":"https:\/\/blogs.diariosur.es\/tormentas-y-rayos\/wp-json\/wp\/v2\/media\/44629"}],"wp:attachment":[{"href":"https:\/\/blogs.diariosur.es\/tormentas-y-rayos\/wp-json\/wp\/v2\/media?parent=44626"}],"wp:term":[{"taxonomy":"category","embeddable":true,"href":"https:\/\/blogs.diariosur.es\/tormentas-y-rayos\/wp-json\/wp\/v2\/categories?post=44626"},{"taxonomy":"post_tag","embeddable":true,"href":"https:\/\/blogs.diariosur.es\/tormentas-y-rayos\/wp-json\/wp\/v2\/tags?post=44626"}],"curies":[{"name":"wp","href":"https:\/\/api.w.org\/{rel}","templated":true}]}}