{"id":44634,"date":"2025-05-08T18:04:17","date_gmt":"2025-05-08T16:04:17","guid":{"rendered":"https:\/\/blogs.diariosur.es\/tormentas-y-rayos\/?p=44634"},"modified":"2025-10-05T18:37:20","modified_gmt":"2025-10-05T16:37:20","slug":"ha-sido-caluroso-abril-de-2025-en-malaga-capital-y-andalucia","status":"publish","type":"post","link":"https:\/\/blogs.diariosur.es\/tormentas-y-rayos\/2025\/05\/08\/ha-sido-caluroso-abril-de-2025-en-malaga-capital-y-andalucia\/","title":{"rendered":"\u00bfHa sido caluroso abril de 2025 en M\u00e1laga capital y Andaluc\u00eda?"},"content":{"rendered":"<p><a href=\"https:\/\/static-blogs.diariosur.es\/wp-content\/uploads\/sites\/12\/2025\/03\/130738248_10221381944997043_6257362087676436516_n.jpg\"><img loading=\"lazy\" class=\"aligncenter size-thumbnail wp-image-44057\" src=\"https:\/\/static-blogs.diariosur.es\/wp-content\/uploads\/sites\/12\/2025\/03\/130738248_10221381944997043_6257362087676436516_n-150x150.jpg\" alt=\"\" width=\"150\" height=\"150\" srcset=\"https:\/\/static-blogs.diariosur.es\/wp-content\/uploads\/sites\/12\/2025\/03\/130738248_10221381944997043_6257362087676436516_n-150x150.jpg 150w, https:\/\/static-blogs.diariosur.es\/wp-content\/uploads\/sites\/12\/2025\/03\/130738248_10221381944997043_6257362087676436516_n-400x400.jpg 400w, https:\/\/static-blogs.diariosur.es\/wp-content\/uploads\/sites\/12\/2025\/03\/130738248_10221381944997043_6257362087676436516_n-408x408.jpg 408w, https:\/\/static-blogs.diariosur.es\/wp-content\/uploads\/sites\/12\/2025\/03\/130738248_10221381944997043_6257362087676436516_n.jpg 768w\" sizes=\"(max-width: 150px) 100vw, 150px\" \/><\/a><\/p>\n<p data-pm-slice=\"1 1 []\">Muy buenas tardes, amigos de la meteo. Os paso el avance climatol\u00f3gico mensual del mes de abril en M\u00e1laga capital y Andaluc\u00eda. Fuente: AEMET<\/p>\n<p>En M\u00e1laga Aeropuerto la temperatura media ha sido de 18,2 \u00baC; ha sido considerado como muy c\u00e1lido. En los \u00faltimos 63 a\u00f1os solo ha sido superado en cinco ocasiones.<\/p>\n<p>A\u00f1o 1976 con 18,5 \u00b0C.<\/p>\n<p>A\u00f1os 2001 y 2006 con 18,3 \u00baC.<\/p>\n<p>A\u00f1o 2014 con 18,9 \u00baC<\/p>\n<p>A\u00f1o 2023 con <strong>19,2 \u00baC<\/strong>, el m\u00e1s c\u00e1lido de momento.<\/p>\n<p>A\u00f1o 2024 con 18,4 \u00baC<\/p>\n<p>Abril, en cuanto a temperatura en Andaluc\u00eda, ha oscilado entre c\u00e1lido y extremadamente c\u00e1lido, exceptuando Sevilla, donde fue normal. La temperatura media ha sido 15.4 \u00baC, 1.0 grados por encima del promedio, y de car\u00e1cter c\u00e1lido, ocupando el 53-54.\u00ba puesto de los \u00faltimos 63 a\u00f1os (ordenado de fr\u00edo a c\u00e1lido). En Ceuta y en Melilla ha sido c\u00e1lido y muy c\u00e1lido, respectivamente.<\/p>\n<p>&nbsp;<\/p>\n<p>&nbsp;<\/p>\n<p><a href=\"https:\/\/static-blogs.diariosur.es\/wp-content\/uploads\/sites\/12\/2025\/05\/1-e1746718729289.jpg\"><img loading=\"lazy\" class=\"aligncenter size-full wp-image-44635\" src=\"https:\/\/static-blogs.diariosur.es\/wp-content\/uploads\/sites\/12\/2025\/05\/1-e1746718730900.jpg\" alt=\"\" width=\"1200\" height=\"1312\" \/><\/a> <a href=\"https:\/\/static-blogs.diariosur.es\/wp-content\/uploads\/sites\/12\/2025\/05\/2-e1746718746108.jpg\"><img loading=\"lazy\" class=\"aligncenter size-full wp-image-44636\" src=\"https:\/\/static-blogs.diariosur.es\/wp-content\/uploads\/sites\/12\/2025\/05\/2-e1746718746108.jpg\" alt=\"\" width=\"1200\" height=\"712\" \/><\/a><\/p>\n","protected":false},"excerpt":{"rendered":"<p>Muy buenas tardes, amigos de la meteo. Os paso el avance climatol\u00f3gico mensual del mes de abril en M\u00e1laga capital y Andaluc\u00eda. Fuente: AEMET En M\u00e1laga Aeropuerto la temperatura media ha sido de 18,2 \u00baC; ha sido considerado como muy c\u00e1lido. En los \u00faltimos 63 a\u00f1os solo ha sido superado en cinco ocasiones. A\u00f1o 1976 [&hellip;]<\/p>\n","protected":false},"author":16,"featured_media":41354,"comment_status":"open","ping_status":"open","sticky":false,"template":"","format":"standard","meta":[],"categories":[2],"tags":[100,207,212,358,587],"_links":{"self":[{"href":"https:\/\/blogs.diariosur.es\/tormentas-y-rayos\/wp-json\/wp\/v2\/posts\/44634"}],"collection":[{"href":"https:\/\/blogs.diariosur.es\/tormentas-y-rayos\/wp-json\/wp\/v2\/posts"}],"about":[{"href":"https:\/\/blogs.diariosur.es\/tormentas-y-rayos\/wp-json\/wp\/v2\/types\/post"}],"author":[{"embeddable":true,"href":"https:\/\/blogs.diariosur.es\/tormentas-y-rayos\/wp-json\/wp\/v2\/users\/16"}],"replies":[{"embeddable":true,"href":"https:\/\/blogs.diariosur.es\/tormentas-y-rayos\/wp-json\/wp\/v2\/comments?post=44634"}],"version-history":[{"count":5,"href":"https:\/\/blogs.diariosur.es\/tormentas-y-rayos\/wp-json\/wp\/v2\/posts\/44634\/revisions"}],"predecessor-version":[{"id":46632,"href":"https:\/\/blogs.diariosur.es\/tormentas-y-rayos\/wp-json\/wp\/v2\/posts\/44634\/revisions\/46632"}],"wp:featuredmedia":[{"embeddable":true,"href":"https:\/\/blogs.diariosur.es\/tormentas-y-rayos\/wp-json\/wp\/v2\/media\/41354"}],"wp:attachment":[{"href":"https:\/\/blogs.diariosur.es\/tormentas-y-rayos\/wp-json\/wp\/v2\/media?parent=44634"}],"wp:term":[{"taxonomy":"category","embeddable":true,"href":"https:\/\/blogs.diariosur.es\/tormentas-y-rayos\/wp-json\/wp\/v2\/categories?post=44634"},{"taxonomy":"post_tag","embeddable":true,"href":"https:\/\/blogs.diariosur.es\/tormentas-y-rayos\/wp-json\/wp\/v2\/tags?post=44634"}],"curies":[{"name":"wp","href":"https:\/\/api.w.org\/{rel}","templated":true}]}}