{"id":44641,"date":"2025-05-09T07:51:24","date_gmt":"2025-05-09T05:51:24","guid":{"rendered":"https:\/\/blogs.diariosur.es\/tormentas-y-rayos\/?p=44641"},"modified":"2025-10-05T18:36:10","modified_gmt":"2025-10-05T16:36:10","slug":"seguiremos-el-fin-de-semana-con-temperaturas-minimas-fresquitas-en-la-provincia-de-malaga-y-andalucia","status":"publish","type":"post","link":"https:\/\/blogs.diariosur.es\/tormentas-y-rayos\/2025\/05\/09\/seguiremos-el-fin-de-semana-con-temperaturas-minimas-fresquitas-en-la-provincia-de-malaga-y-andalucia\/","title":{"rendered":"\u00bfSeguiremos el fin de semana con temperaturas m\u00ednimas fresquitas en la provincia de M\u00e1laga y Andaluc\u00eda?"},"content":{"rendered":"<p><a href=\"https:\/\/static-blogs.diariosur.es\/wp-content\/uploads\/sites\/12\/2025\/03\/130738248_10221381944997043_6257362087676436516_n.jpg\"><img loading=\"lazy\" class=\"aligncenter size-thumbnail wp-image-44057\" src=\"https:\/\/static-blogs.diariosur.es\/wp-content\/uploads\/sites\/12\/2025\/03\/130738248_10221381944997043_6257362087676436516_n-150x150.jpg\" alt=\"\" width=\"150\" height=\"150\" srcset=\"https:\/\/static-blogs.diariosur.es\/wp-content\/uploads\/sites\/12\/2025\/03\/130738248_10221381944997043_6257362087676436516_n-150x150.jpg 150w, https:\/\/static-blogs.diariosur.es\/wp-content\/uploads\/sites\/12\/2025\/03\/130738248_10221381944997043_6257362087676436516_n-400x400.jpg 400w, https:\/\/static-blogs.diariosur.es\/wp-content\/uploads\/sites\/12\/2025\/03\/130738248_10221381944997043_6257362087676436516_n-408x408.jpg 408w, https:\/\/static-blogs.diariosur.es\/wp-content\/uploads\/sites\/12\/2025\/03\/130738248_10221381944997043_6257362087676436516_n.jpg 768w\" sizes=\"(max-width: 150px) 100vw, 150px\" \/><\/a><\/p>\n<p data-pm-slice=\"1 1 []\">Muy buenos d\u00edas, amigos de la meteo. Cuando son las siete de la ma\u00f1ana en M\u00e1laga capital, los cielos est\u00e1n algo nubosos, el viento sopla flojo de direcci\u00f3n variable y la temperatura m\u00ednima en el Centro Meteorol\u00f3gico ha sido de 15,6 \u00baC.<\/p>\n<p>Os paso algunas temperaturas m\u00ednimas que se han registrado hoy 9 de mayo en Andaluc\u00eda. Fuente: AEMET, Meteoclimatic, Wunderground.<\/p>\n<p>C\u00f3rdoba Aeropuerto 10,5 \u00baC<\/p>\n<p>Granada Aeropuerto\u00a07,1 \u00baC<\/p>\n<p>Sevilla Aeropuerto 12,6 \u00baC<\/p>\n<p>Ja\u00e9n 11 \u00b0C<\/p>\n<p>Almer\u00eda Aeropuerto 15,8 \u00baC<\/p>\n<p>Jerez de la Frontera 10,2 \u00baC<\/p>\n<p>Antequera 9,2 \u00baC<\/p>\n<p>Casabermeja 8 \u00baC<\/p>\n<p>Villanueva del Rosario 7 \u00b0C<\/p>\n<p>Baza 7,8 \u00baC<\/p>\n<p>Hu\u00e9scar\u00a05,6 \u00baC<\/p>\n<p>Cazalla de la Sierra 7,8 \u00b0C<\/p>\n<p>Archidona Vega\u00a05,5 \u00baC<\/p>\n<p>Ronda Instituto: 8,3 \u00baC<\/p>\n<p>Huelva 11,2 \u00b0C<\/p>\n<h3>\u00bfSeguiremos el fin de semana con temperaturas m\u00ednimas fresquitas en la provincia de M\u00e1laga y Andaluc\u00eda?<\/h3>\n<p>Pues seguiremos, amigos de la meteo. D\u00e1ndose temperaturas m\u00ednimas m\u00e1s bajas por el interior y un poco m\u00e1s suaves en zonas de costa.<\/p>\n<p>Centr\u00e1ndonos en la provincia de M\u00e1laga, <strong>ma\u00f1ana s\u00e1bado<\/strong> el viento soplar\u00e1 flojo de suroeste; por la noche ir\u00e1 cambiando a poniente y terral de primavera. Hay probabilidad de algunos chubascos d\u00e9biles y espor\u00e1dicos por el interior de la provincia a primera hora de la ma\u00f1ana. En algunos puntos se pueden dar nieblas, la mayor probabilidad en la comarca de Antequera y Ronda.<\/p>\n<p>La AEMET prev\u00e9 estas temperaturas m\u00ednimas y m\u00e1ximas ma\u00f1ana s\u00e1bado.<\/p>\n<p>&nbsp;<\/p>\n<p>&nbsp;<\/p>\n<p><a href=\"https:\/\/static-blogs.diariosur.es\/wp-content\/uploads\/sites\/12\/2025\/05\/sabado.jpg\"><img loading=\"lazy\" class=\"aligncenter size-full wp-image-44648\" src=\"https:\/\/static-blogs.diariosur.es\/wp-content\/uploads\/sites\/12\/2025\/05\/sabado.jpg\" alt=\"\" width=\"1033\" height=\"817\" srcset=\"https:\/\/static-blogs.diariosur.es\/wp-content\/uploads\/sites\/12\/2025\/05\/sabado.jpg 1033w, https:\/\/static-blogs.diariosur.es\/wp-content\/uploads\/sites\/12\/2025\/05\/sabado-506x400.jpg 506w, https:\/\/static-blogs.diariosur.es\/wp-content\/uploads\/sites\/12\/2025\/05\/sabado-516x408.jpg 516w, https:\/\/static-blogs.diariosur.es\/wp-content\/uploads\/sites\/12\/2025\/05\/sabado-768x607.jpg 768w\" sizes=\"(max-width: 1033px) 100vw, 1033px\" \/><\/a><\/p>\n<p>&nbsp;<\/p>\n<p>&nbsp;<\/p>\n<p>El domingo el protagonista ser\u00e1 el poniente y el terral de primavera, se pueden dar rachas moderadas y algunas fuertes, seg\u00fan zonas de la costa malague\u00f1a. La probabilidad de precipitaciones es muy baja. La temperatura del agua del mar rondara los 17,5 \u00baC<\/p>\n<p>La aemet prev\u00e9 estas temperaturas m\u00ednimas y m\u00e1ximas en la provincia de M\u00e1laga.<\/p>\n<p>&nbsp;<\/p>\n<p><a href=\"https:\/\/static-blogs.diariosur.es\/wp-content\/uploads\/sites\/12\/2025\/05\/domingo.jpg\"><img loading=\"lazy\" class=\"aligncenter size-full wp-image-44649\" src=\"https:\/\/static-blogs.diariosur.es\/wp-content\/uploads\/sites\/12\/2025\/05\/domingo.jpg\" alt=\"\" width=\"1044\" height=\"835\" srcset=\"https:\/\/static-blogs.diariosur.es\/wp-content\/uploads\/sites\/12\/2025\/05\/domingo.jpg 1044w, https:\/\/static-blogs.diariosur.es\/wp-content\/uploads\/sites\/12\/2025\/05\/domingo-500x400.jpg 500w, https:\/\/static-blogs.diariosur.es\/wp-content\/uploads\/sites\/12\/2025\/05\/domingo-510x408.jpg 510w, https:\/\/static-blogs.diariosur.es\/wp-content\/uploads\/sites\/12\/2025\/05\/domingo-768x614.jpg 768w\" sizes=\"(max-width: 1044px) 100vw, 1044px\" \/><\/a><\/p>\n<p>&nbsp;<\/p>\n<p>Poco mas que contar, nos vemos ma\u00f1ana.<\/p>\n","protected":false},"excerpt":{"rendered":"<p>Muy buenos d\u00edas, amigos de la meteo. Cuando son las siete de la ma\u00f1ana en M\u00e1laga capital, los cielos est\u00e1n algo nubosos, el viento sopla flojo de direcci\u00f3n variable y la temperatura m\u00ednima en el Centro Meteorol\u00f3gico ha sido de 15,6 \u00baC. Os paso algunas temperaturas m\u00ednimas que se han registrado hoy 9 de mayo [&hellip;]<\/p>\n","protected":false},"author":16,"featured_media":44643,"comment_status":"open","ping_status":"open","sticky":false,"template":"","format":"standard","meta":[],"categories":[2],"tags":[100,358,587,800],"_links":{"self":[{"href":"https:\/\/blogs.diariosur.es\/tormentas-y-rayos\/wp-json\/wp\/v2\/posts\/44641"}],"collection":[{"href":"https:\/\/blogs.diariosur.es\/tormentas-y-rayos\/wp-json\/wp\/v2\/posts"}],"about":[{"href":"https:\/\/blogs.diariosur.es\/tormentas-y-rayos\/wp-json\/wp\/v2\/types\/post"}],"author":[{"embeddable":true,"href":"https:\/\/blogs.diariosur.es\/tormentas-y-rayos\/wp-json\/wp\/v2\/users\/16"}],"replies":[{"embeddable":true,"href":"https:\/\/blogs.diariosur.es\/tormentas-y-rayos\/wp-json\/wp\/v2\/comments?post=44641"}],"version-history":[{"count":10,"href":"https:\/\/blogs.diariosur.es\/tormentas-y-rayos\/wp-json\/wp\/v2\/posts\/44641\/revisions"}],"predecessor-version":[{"id":46631,"href":"https:\/\/blogs.diariosur.es\/tormentas-y-rayos\/wp-json\/wp\/v2\/posts\/44641\/revisions\/46631"}],"wp:featuredmedia":[{"embeddable":true,"href":"https:\/\/blogs.diariosur.es\/tormentas-y-rayos\/wp-json\/wp\/v2\/media\/44643"}],"wp:attachment":[{"href":"https:\/\/blogs.diariosur.es\/tormentas-y-rayos\/wp-json\/wp\/v2\/media?parent=44641"}],"wp:term":[{"taxonomy":"category","embeddable":true,"href":"https:\/\/blogs.diariosur.es\/tormentas-y-rayos\/wp-json\/wp\/v2\/categories?post=44641"},{"taxonomy":"post_tag","embeddable":true,"href":"https:\/\/blogs.diariosur.es\/tormentas-y-rayos\/wp-json\/wp\/v2\/tags?post=44641"}],"curies":[{"name":"wp","href":"https:\/\/api.w.org\/{rel}","templated":true}]}}