{"id":44654,"date":"2025-05-10T08:13:34","date_gmt":"2025-05-10T06:13:34","guid":{"rendered":"https:\/\/blogs.diariosur.es\/tormentas-y-rayos\/?p=44654"},"modified":"2025-10-05T18:34:47","modified_gmt":"2025-10-05T16:34:47","slug":"aviso-por-tormentas-y-lluvias-hoy-en-la-provincia-de-almeria-manana-domingo-concentracion-muy-alta-de-polen-de-olivo","status":"publish","type":"post","link":"https:\/\/blogs.diariosur.es\/tormentas-y-rayos\/2025\/05\/10\/aviso-por-tormentas-y-lluvias-hoy-en-la-provincia-de-almeria-manana-domingo-concentracion-muy-alta-de-polen-de-olivo\/","title":{"rendered":"Aviso por tormentas y lluvias en la provincia de Almer\u00eda y Granada. Ma\u00f1ana domingo concentraci\u00f3n muy alta de polen de olivo"},"content":{"rendered":"<p><a href=\"https:\/\/static-blogs.diariosur.es\/wp-content\/uploads\/sites\/12\/2025\/05\/474591997_10231480374091459_5977821584942016476_n.jpg\"><img loading=\"lazy\" class=\"aligncenter size-thumbnail wp-image-44655\" src=\"https:\/\/static-blogs.diariosur.es\/wp-content\/uploads\/sites\/12\/2025\/05\/474591997_10231480374091459_5977821584942016476_n-150x150.jpg\" alt=\"\" width=\"150\" height=\"150\" srcset=\"https:\/\/static-blogs.diariosur.es\/wp-content\/uploads\/sites\/12\/2025\/05\/474591997_10231480374091459_5977821584942016476_n-150x150.jpg 150w, https:\/\/static-blogs.diariosur.es\/wp-content\/uploads\/sites\/12\/2025\/05\/474591997_10231480374091459_5977821584942016476_n-400x400.jpg 400w, https:\/\/static-blogs.diariosur.es\/wp-content\/uploads\/sites\/12\/2025\/05\/474591997_10231480374091459_5977821584942016476_n-408x408.jpg 408w, https:\/\/static-blogs.diariosur.es\/wp-content\/uploads\/sites\/12\/2025\/05\/474591997_10231480374091459_5977821584942016476_n-768x768.jpg 768w, https:\/\/static-blogs.diariosur.es\/wp-content\/uploads\/sites\/12\/2025\/05\/474591997_10231480374091459_5977821584942016476_n.jpg 1000w\" sizes=\"(max-width: 150px) 100vw, 150px\" \/><\/a><\/p>\n<p data-pm-slice=\"1 1 []\">Buenos d\u00edas, amigos de la meteo. Se activa hoy s\u00e1bado el aviso amarillo por lluvias de 20 mm en una hora y tormentas en el Valle del Almanzora y Los V\u00e9lez-Almer\u00eda, Guadix y Baza-Granada.\u00a0 Las tormentas pueden ir acompa\u00f1adas de granizo peque\u00f1o.<\/p>\n<p>Ma\u00f1ana domingo tendremos en las zonas habituales de costa, donde el poniente entre de tierra, una concentraci\u00f3n muy alta de polen de olivo. Las rachas entre moderadas y fuertes se dar\u00e1n\u00a0a partir de las 13:00 horas.<\/p>\n<p>Hasta ma\u00f1ana.<\/p>\n<p><a href=\"https:\/\/static-blogs.diariosur.es\/wp-content\/uploads\/sites\/12\/2025\/05\/495587551_10232580295868816_4675330122085128010_n-1-e1746419903518.jpg\"><img loading=\"lazy\" class=\"aligncenter size-full wp-image-44585\" src=\"https:\/\/static-blogs.diariosur.es\/wp-content\/uploads\/sites\/12\/2025\/05\/495587551_10232580295868816_4675330122085128010_n-1-e1746419903518.jpg\" alt=\"\" width=\"1000\" height=\"750\" \/><\/a><\/p>\n<p>&nbsp;<\/p>\n","protected":false},"excerpt":{"rendered":"<p>Buenos d\u00edas, amigos de la meteo. Se activa hoy s\u00e1bado el aviso amarillo por lluvias de 20 mm en una hora y tormentas en el Valle del Almanzora y Los V\u00e9lez-Almer\u00eda, Guadix y Baza-Granada.\u00a0 Las tormentas pueden ir acompa\u00f1adas de granizo peque\u00f1o. Ma\u00f1ana domingo tendremos en las zonas habituales de costa, donde el poniente entre [&hellip;]<\/p>\n","protected":false},"author":16,"featured_media":44656,"comment_status":"open","ping_status":"open","sticky":false,"template":"","format":"standard","meta":[],"categories":[2],"tags":[76,151,358,569,587,996],"_links":{"self":[{"href":"https:\/\/blogs.diariosur.es\/tormentas-y-rayos\/wp-json\/wp\/v2\/posts\/44654"}],"collection":[{"href":"https:\/\/blogs.diariosur.es\/tormentas-y-rayos\/wp-json\/wp\/v2\/posts"}],"about":[{"href":"https:\/\/blogs.diariosur.es\/tormentas-y-rayos\/wp-json\/wp\/v2\/types\/post"}],"author":[{"embeddable":true,"href":"https:\/\/blogs.diariosur.es\/tormentas-y-rayos\/wp-json\/wp\/v2\/users\/16"}],"replies":[{"embeddable":true,"href":"https:\/\/blogs.diariosur.es\/tormentas-y-rayos\/wp-json\/wp\/v2\/comments?post=44654"}],"version-history":[{"count":6,"href":"https:\/\/blogs.diariosur.es\/tormentas-y-rayos\/wp-json\/wp\/v2\/posts\/44654\/revisions"}],"predecessor-version":[{"id":46630,"href":"https:\/\/blogs.diariosur.es\/tormentas-y-rayos\/wp-json\/wp\/v2\/posts\/44654\/revisions\/46630"}],"wp:featuredmedia":[{"embeddable":true,"href":"https:\/\/blogs.diariosur.es\/tormentas-y-rayos\/wp-json\/wp\/v2\/media\/44656"}],"wp:attachment":[{"href":"https:\/\/blogs.diariosur.es\/tormentas-y-rayos\/wp-json\/wp\/v2\/media?parent=44654"}],"wp:term":[{"taxonomy":"category","embeddable":true,"href":"https:\/\/blogs.diariosur.es\/tormentas-y-rayos\/wp-json\/wp\/v2\/categories?post=44654"},{"taxonomy":"post_tag","embeddable":true,"href":"https:\/\/blogs.diariosur.es\/tormentas-y-rayos\/wp-json\/wp\/v2\/tags?post=44654"}],"curies":[{"name":"wp","href":"https:\/\/api.w.org\/{rel}","templated":true}]}}