{"id":44662,"date":"2025-05-11T09:03:26","date_gmt":"2025-05-11T07:03:26","guid":{"rendered":"https:\/\/blogs.diariosur.es\/tormentas-y-rayos\/?p=44662"},"modified":"2025-10-05T18:25:48","modified_gmt":"2025-10-05T16:25:48","slug":"andalucia-y-la-peninsula-se-despierta-con-frio-hasta-cuando-concentracion-muy-alta-de-polen-de-olivo","status":"publish","type":"post","link":"https:\/\/blogs.diariosur.es\/tormentas-y-rayos\/2025\/05\/11\/andalucia-y-la-peninsula-se-despierta-con-frio-hasta-cuando-concentracion-muy-alta-de-polen-de-olivo\/","title":{"rendered":"Andaluc\u00eda y la pen\u00ednsula se despierta con frio. \u00bfHasta cuando? Concentraci\u00f3n muy alta de polen de olivo"},"content":{"rendered":"<p><a href=\"https:\/\/static-blogs.diariosur.es\/wp-content\/uploads\/sites\/12\/2025\/05\/474591997_10231480374091459_5977821584942016476_n.jpg\"><img loading=\"lazy\" class=\"aligncenter size-thumbnail wp-image-44655\" src=\"https:\/\/static-blogs.diariosur.es\/wp-content\/uploads\/sites\/12\/2025\/05\/474591997_10231480374091459_5977821584942016476_n-150x150.jpg\" alt=\"\" width=\"150\" height=\"150\" srcset=\"https:\/\/static-blogs.diariosur.es\/wp-content\/uploads\/sites\/12\/2025\/05\/474591997_10231480374091459_5977821584942016476_n-150x150.jpg 150w, https:\/\/static-blogs.diariosur.es\/wp-content\/uploads\/sites\/12\/2025\/05\/474591997_10231480374091459_5977821584942016476_n-400x400.jpg 400w, https:\/\/static-blogs.diariosur.es\/wp-content\/uploads\/sites\/12\/2025\/05\/474591997_10231480374091459_5977821584942016476_n-408x408.jpg 408w, https:\/\/static-blogs.diariosur.es\/wp-content\/uploads\/sites\/12\/2025\/05\/474591997_10231480374091459_5977821584942016476_n-768x768.jpg 768w, https:\/\/static-blogs.diariosur.es\/wp-content\/uploads\/sites\/12\/2025\/05\/474591997_10231480374091459_5977821584942016476_n.jpg 1000w\" sizes=\"(max-width: 150px) 100vw, 150px\" \/><\/a><\/p>\n<p data-pm-slice=\"1 1 []\">Buenos d\u00edas, amigos de la meteo. Aunque en M\u00e1laga capital la temperatura m\u00ednima ha sido de 14,9 \u00baC, la m\u00e1xima llegar\u00e1 a los 25 por la tarde. Como os coment\u00e9 ayer, hoy tendremos una alta concentraci\u00f3n de polen de olivo; no paro de estornudar y los ojos los tengo fatal.<\/p>\n<p>Os pongo primero m\u00ednimas de la pen\u00ednsula y a continuaci\u00f3n las de pueblos y capitales de Andaluc\u00eda.<\/p>\n<p>Fuentes: Aemet, Meteoclimatic, Wunderground.<\/p>\n<p>Madrid Ciudad Universitaria 5,3 \u00b0C<\/p>\n<p>\u00c1vila 4,1\u00b0C<\/p>\n<p>Salamanca Aeropuerto\u00a04,9 \u00baC<\/p>\n<p>Le\u00f3n Virgen del Camino 4 \u00baC<\/p>\n<p>M\u00e9rida 6,9 \u00b0C<\/p>\n<p>Barcelona Aeropuerto\u00a014,2 \u00baC<\/p>\n<p>Zaragoza Aeropuerto 10,5 \u00baC<\/p>\n<p>Huesca Aeropuerto 9,5 \u00baC<\/p>\n<p>Valencia Aeropuerto 13,9 \u00b0C<\/p>\n<p>Ibiza Aeropuerto\u00a014,2 \u00baC<\/p>\n<p>Vigo Aeropuerto 8,4 \u00b0C<\/p>\n<p>Cuenca 8,3 \u00baC<\/p>\n<p>Vitoria Aeropuerto 5,2 \u00baC<\/p>\n<p>Bilbao Aeropuerto 9,4 \u00baC<\/p>\n<p><strong>PROVINCIA DE M\u00c1LAGA\u00a0\u00a0<\/strong><\/p>\n<p>Archidona Vega\u00a05,4 \u00baC<\/p>\n<p>Antequera 8,2 \u00baC<\/p>\n<p>Fuente de Piedra: 8,6 \u00baC<\/p>\n<p>M\u00e1laga Centro Meteorol\u00f3gico 14,9 \u00baC<\/p>\n<p>Ronda Instituto: 7,8 \u00baC<\/p>\n<p>Gauc\u00edn 8,5 \u00baC<\/p>\n<p>Villanueva del Rosario\u00a07,6 \u00baC<\/p>\n<p>Alfarnate 7,8 \u00b0C<\/p>\n<p>El Burgo 6,5 \u00baC<\/p>\n<p><strong>ANDALUC\u00cdA\u00a0<\/strong><\/p>\n<p>Granada Aeropuerto 9 \u00baC<\/p>\n<p>Ja\u00e9n 10,7 \u00b0C<\/p>\n<p>Baza 6,6 \u00baC<\/p>\n<p>Hu\u00e9scar 5,7 \u00baC<\/p>\n<p>C\u00f3rdoba Aeropuerto 10,4 \u00baC<\/p>\n<p>Sevilla Aeropuerto 10,6 \u00baC<\/p>\n<p>Roquetas de Mar 14,1 \u00b0C<\/p>\n<p>Jerez Aeropuerto 9,4 \u00baC<\/p>\n<p>Huelva 11,1 \u00b0C<\/p>\n<p>Cazalla de la Sierra 6,3 \u00b0C<\/p>\n<p>Aroche\u00a05,5 \u00baC<\/p>\n<h3>\u00bfHasta cu\u00e1ndo estas temperaturas m\u00ednimas?<\/h3>\n<p>Con los modelos actualizados, estas temperaturas m\u00ednimas por debajo de la media seguir\u00e1n hasta el mi\u00e9rcoles. En zonas de costa se notar\u00e1n menos. En cuanto a las temperaturas m\u00e1ximas, estar\u00e1n de momento dentro de la media, salvo en zonas de la provincia de M\u00e1laga donde esta pr\u00f3xima semana se espera terral hasta el jueves. En estas zonas estar\u00e1n por encima de la media.<\/p>\n<p>La concentraci\u00f3n de polen de olivo seguir\u00e1 en la costa malague\u00f1a, por lo menos, hasta el jueves.<\/p>\n<p>Hasta ma\u00f1ana, os dejo con esta foto. Achisssssssss<\/p>\n<p>&nbsp;<\/p>\n<p>&nbsp;<\/p>\n<p>&nbsp;<\/p>\n<p>&nbsp;<\/p>\n<p><a href=\"https:\/\/static-blogs.diariosur.es\/wp-content\/uploads\/sites\/12\/2025\/05\/441413778_10228815035659664_5632858913726187107_n-e1746946949941.jpg\"><img loading=\"lazy\" class=\"aligncenter size-full wp-image-44664\" src=\"https:\/\/static-blogs.diariosur.es\/wp-content\/uploads\/sites\/12\/2025\/05\/441413778_10228815035659664_5632858913726187107_n-e1746946949941.jpg\" alt=\"\" width=\"1000\" height=\"750\" \/><\/a><\/p>\n<p>&nbsp;<\/p>\n<p>&nbsp;<\/p>\n<p>&nbsp;<\/p>\n<p>&nbsp;<\/p>\n","protected":false},"excerpt":{"rendered":"<p>Buenos d\u00edas, amigos de la meteo. Aunque en M\u00e1laga capital la temperatura m\u00ednima ha sido de 14,9 \u00baC, la m\u00e1xima llegar\u00e1 a los 25 por la tarde. Como os coment\u00e9 ayer, hoy tendremos una alta concentraci\u00f3n de polen de olivo; no paro de estornudar y los ojos los tengo fatal. Os pongo primero m\u00ednimas de [&hellip;]<\/p>\n","protected":false},"author":16,"featured_media":44664,"comment_status":"open","ping_status":"open","sticky":false,"template":"","format":"standard","meta":[],"categories":[2],"tags":[358,375,432,587,962],"_links":{"self":[{"href":"https:\/\/blogs.diariosur.es\/tormentas-y-rayos\/wp-json\/wp\/v2\/posts\/44662"}],"collection":[{"href":"https:\/\/blogs.diariosur.es\/tormentas-y-rayos\/wp-json\/wp\/v2\/posts"}],"about":[{"href":"https:\/\/blogs.diariosur.es\/tormentas-y-rayos\/wp-json\/wp\/v2\/types\/post"}],"author":[{"embeddable":true,"href":"https:\/\/blogs.diariosur.es\/tormentas-y-rayos\/wp-json\/wp\/v2\/users\/16"}],"replies":[{"embeddable":true,"href":"https:\/\/blogs.diariosur.es\/tormentas-y-rayos\/wp-json\/wp\/v2\/comments?post=44662"}],"version-history":[{"count":3,"href":"https:\/\/blogs.diariosur.es\/tormentas-y-rayos\/wp-json\/wp\/v2\/posts\/44662\/revisions"}],"predecessor-version":[{"id":46625,"href":"https:\/\/blogs.diariosur.es\/tormentas-y-rayos\/wp-json\/wp\/v2\/posts\/44662\/revisions\/46625"}],"wp:featuredmedia":[{"embeddable":true,"href":"https:\/\/blogs.diariosur.es\/tormentas-y-rayos\/wp-json\/wp\/v2\/media\/44664"}],"wp:attachment":[{"href":"https:\/\/blogs.diariosur.es\/tormentas-y-rayos\/wp-json\/wp\/v2\/media?parent=44662"}],"wp:term":[{"taxonomy":"category","embeddable":true,"href":"https:\/\/blogs.diariosur.es\/tormentas-y-rayos\/wp-json\/wp\/v2\/categories?post=44662"},{"taxonomy":"post_tag","embeddable":true,"href":"https:\/\/blogs.diariosur.es\/tormentas-y-rayos\/wp-json\/wp\/v2\/tags?post=44662"}],"curies":[{"name":"wp","href":"https:\/\/api.w.org\/{rel}","templated":true}]}}