{"id":44675,"date":"2025-05-11T20:34:00","date_gmt":"2025-05-11T18:34:00","guid":{"rendered":"https:\/\/blogs.diariosur.es\/tormentas-y-rayos\/?p=44675"},"modified":"2025-05-11T20:34:00","modified_gmt":"2025-05-11T18:34:00","slug":"malaga-capital-registra-la-temperatura-maxima-de-andalucia","status":"publish","type":"post","link":"https:\/\/blogs.diariosur.es\/tormentas-y-rayos\/2025\/05\/11\/malaga-capital-registra-la-temperatura-maxima-de-andalucia\/","title":{"rendered":"M\u00e1laga capital registra la temperatura m\u00e1xima de Andaluc\u00eda"},"content":{"rendered":"<p><a href=\"https:\/\/static-blogs.diariosur.es\/wp-content\/uploads\/sites\/12\/2025\/05\/474591997_10231480374091459_5977821584942016476_n.jpg\"><img loading=\"lazy\" class=\"aligncenter size-thumbnail wp-image-44655\" src=\"https:\/\/static-blogs.diariosur.es\/wp-content\/uploads\/sites\/12\/2025\/05\/474591997_10231480374091459_5977821584942016476_n-150x150.jpg\" alt=\"\" width=\"150\" height=\"150\" srcset=\"https:\/\/static-blogs.diariosur.es\/wp-content\/uploads\/sites\/12\/2025\/05\/474591997_10231480374091459_5977821584942016476_n-150x150.jpg 150w, https:\/\/static-blogs.diariosur.es\/wp-content\/uploads\/sites\/12\/2025\/05\/474591997_10231480374091459_5977821584942016476_n-400x400.jpg 400w, https:\/\/static-blogs.diariosur.es\/wp-content\/uploads\/sites\/12\/2025\/05\/474591997_10231480374091459_5977821584942016476_n-408x408.jpg 408w, https:\/\/static-blogs.diariosur.es\/wp-content\/uploads\/sites\/12\/2025\/05\/474591997_10231480374091459_5977821584942016476_n-768x768.jpg 768w, https:\/\/static-blogs.diariosur.es\/wp-content\/uploads\/sites\/12\/2025\/05\/474591997_10231480374091459_5977821584942016476_n.jpg 1000w\" sizes=\"(max-width: 150px) 100vw, 150px\" \/><\/a><\/p>\n<p>Buenas tardes, amigos de la meteo. Se cumplen las previsiones y el terral ha sido protagonista en M\u00e1laga capital, d\u00e1ndose en la estaci\u00f3n de la Aemet del Puerto la m\u00e1xima de Andaluc\u00eda con 27,2 \u00b0C, le sigue el Aeropuerto con 27,1 \u00b0C.<\/p>\n<p>La temperatura m\u00e1xima de Espa\u00f1a se ha registrado en Sagunto con 28,4 \u00b0C.<\/p>\n<p>Tambi\u00e9n se ha cumplido la alta concentraci\u00f3n de polen de olivo.<\/p>\n<p>Nos vemos ma\u00f1ana.<\/p>\n","protected":false},"excerpt":{"rendered":"<p>Buenas tardes, amigos de la meteo. Se cumplen las previsiones y el terral ha sido protagonista en M\u00e1laga capital, d\u00e1ndose en la estaci\u00f3n de la Aemet del Puerto la m\u00e1xima de Andaluc\u00eda con 27,2 \u00b0C, le sigue el Aeropuerto con 27,1 \u00b0C. La temperatura m\u00e1xima de Espa\u00f1a se ha registrado en Sagunto con 28,4 \u00b0C. [&hellip;]<\/p>\n","protected":false},"author":16,"featured_media":44434,"comment_status":"open","ping_status":"open","sticky":false,"template":"","format":"standard","meta":[],"categories":[2],"tags":[587,624,961,975],"_links":{"self":[{"href":"https:\/\/blogs.diariosur.es\/tormentas-y-rayos\/wp-json\/wp\/v2\/posts\/44675"}],"collection":[{"href":"https:\/\/blogs.diariosur.es\/tormentas-y-rayos\/wp-json\/wp\/v2\/posts"}],"about":[{"href":"https:\/\/blogs.diariosur.es\/tormentas-y-rayos\/wp-json\/wp\/v2\/types\/post"}],"author":[{"embeddable":true,"href":"https:\/\/blogs.diariosur.es\/tormentas-y-rayos\/wp-json\/wp\/v2\/users\/16"}],"replies":[{"embeddable":true,"href":"https:\/\/blogs.diariosur.es\/tormentas-y-rayos\/wp-json\/wp\/v2\/comments?post=44675"}],"version-history":[{"count":1,"href":"https:\/\/blogs.diariosur.es\/tormentas-y-rayos\/wp-json\/wp\/v2\/posts\/44675\/revisions"}],"predecessor-version":[{"id":44676,"href":"https:\/\/blogs.diariosur.es\/tormentas-y-rayos\/wp-json\/wp\/v2\/posts\/44675\/revisions\/44676"}],"wp:featuredmedia":[{"embeddable":true,"href":"https:\/\/blogs.diariosur.es\/tormentas-y-rayos\/wp-json\/wp\/v2\/media\/44434"}],"wp:attachment":[{"href":"https:\/\/blogs.diariosur.es\/tormentas-y-rayos\/wp-json\/wp\/v2\/media?parent=44675"}],"wp:term":[{"taxonomy":"category","embeddable":true,"href":"https:\/\/blogs.diariosur.es\/tormentas-y-rayos\/wp-json\/wp\/v2\/categories?post=44675"},{"taxonomy":"post_tag","embeddable":true,"href":"https:\/\/blogs.diariosur.es\/tormentas-y-rayos\/wp-json\/wp\/v2\/tags?post=44675"}],"curies":[{"name":"wp","href":"https:\/\/api.w.org\/{rel}","templated":true}]}}