{"id":44677,"date":"2025-05-12T08:11:15","date_gmt":"2025-05-12T06:11:15","guid":{"rendered":"https:\/\/blogs.diariosur.es\/tormentas-y-rayos\/?p=44677"},"modified":"2025-10-05T18:30:20","modified_gmt":"2025-10-05T16:30:20","slug":"aunque-ahora-hace-frio-luego-sobrara-la-ropa-en-andalucia-archidona-vega-38-ac","status":"publish","type":"post","link":"https:\/\/blogs.diariosur.es\/tormentas-y-rayos\/2025\/05\/12\/aunque-ahora-hace-frio-luego-sobrara-la-ropa-en-andalucia-archidona-vega-38-ac\/","title":{"rendered":"Aunque ahora hace fr\u00edo, luego sobrara la ropa en Andaluc\u00eda. Archidona Vega 3,8 \u00aaC"},"content":{"rendered":"<p><a href=\"https:\/\/static-blogs.diariosur.es\/wp-content\/uploads\/sites\/12\/2025\/05\/474591997_10231480374091459_5977821584942016476_n.jpg\"><img loading=\"lazy\" class=\"aligncenter size-thumbnail wp-image-44655\" src=\"https:\/\/static-blogs.diariosur.es\/wp-content\/uploads\/sites\/12\/2025\/05\/474591997_10231480374091459_5977821584942016476_n-150x150.jpg\" alt=\"\" width=\"150\" height=\"150\" srcset=\"https:\/\/static-blogs.diariosur.es\/wp-content\/uploads\/sites\/12\/2025\/05\/474591997_10231480374091459_5977821584942016476_n-150x150.jpg 150w, https:\/\/static-blogs.diariosur.es\/wp-content\/uploads\/sites\/12\/2025\/05\/474591997_10231480374091459_5977821584942016476_n-400x400.jpg 400w, https:\/\/static-blogs.diariosur.es\/wp-content\/uploads\/sites\/12\/2025\/05\/474591997_10231480374091459_5977821584942016476_n-408x408.jpg 408w, https:\/\/static-blogs.diariosur.es\/wp-content\/uploads\/sites\/12\/2025\/05\/474591997_10231480374091459_5977821584942016476_n-768x768.jpg 768w, https:\/\/static-blogs.diariosur.es\/wp-content\/uploads\/sites\/12\/2025\/05\/474591997_10231480374091459_5977821584942016476_n.jpg 1000w\" sizes=\"(max-width: 150px) 100vw, 150px\" \/><\/a><\/p>\n<p data-pm-slice=\"1 1 []\">Buenos d\u00edas, amigos de la meteo. No exagero con el t\u00edtulo del post; en muchos puntos de Andaluc\u00eda hace fr\u00edo en estos momentos cuando son las siete y media de la ma\u00f1ana. Luego sobrepasaremos en muchos puntos los 24 y 25 \u00baC. Seguiremos con la alergia al olivo.<\/p>\n<p>Os pongo, igual que hice ayer, temperaturas m\u00ednimas que se han registrado.<\/p>\n<p>Fuentes: Aemet, Meteoclimatic, Wunderground.<\/p>\n<h3><strong>Provincia de M\u00e1laga<\/strong><\/h3>\n<p>M\u00e1laga Capital Centro Meteorol\u00f3gico 14,1 \u00baC<\/p>\n<p>Archidona Vega\u00a03,8 \u00baC<\/p>\n<p>Fuente de Piedra 8,2<\/p>\n<p>Antequera\u00a07,6 \u00baC<\/p>\n<p>Estepona\u00a012,8 \u00baC<\/p>\n<p>Villanueva del Rosario 5,5 \u00baC<\/p>\n<p>Villanueva del Trabuco 5,4 \u00baC<\/p>\n<p>Alfarnate 6,1 \u00baC<\/p>\n<p>Campillos 8,1 \u00baC<\/p>\n<p>El Burgo 6,7 \u00baC<\/p>\n<p>Arriate 6,6 \u00b0C<\/p>\n<p>Ronda Instituto 8,1 \u00baC<\/p>\n<h3><strong>Andaluc\u00eda<\/strong><\/h3>\n<p>C\u00f3rdoba Aeropuerto\u00a07,5 \u00baC<\/p>\n<p>Granada Aeropuerto\u00a05,4 \u00baC<\/p>\n<p>Sevilla Aeropuerto 10,4 \u00baC<\/p>\n<p>Ja\u00e9n 9,8 \u00baC<\/p>\n<p>Almer\u00eda Aeropuerto 15 \u00baC<\/p>\n<p>C\u00e1diz 14,1 \u00baC<\/p>\n<p>Jerez de la Frontera\u00a08 \u00baC<\/p>\n<p>Huelva 11,1 \u00b0C<\/p>\n<p>Baza\u00a05,1 \u00baC<\/p>\n<p>Aroche\u00a03,8 \u00baC<\/p>\n<p>Cazalla de la Sierra\u00a04,8 \u00baC<\/p>\n<p>\u00c1ndujar 7,1 \u00baC<\/p>\n<p>A partir de ma\u00f1ana, seguimiento de la Gran Procesi\u00f3n del Jubileo de las Cofrad\u00edas en Roma.<\/p>\n<p>&nbsp;<\/p>\n<p>&nbsp;<\/p>\n<p>&nbsp;<\/p>\n<p>&nbsp;<\/p>\n","protected":false},"excerpt":{"rendered":"<p>Buenos d\u00edas, amigos de la meteo. No exagero con el t\u00edtulo del post; en muchos puntos de Andaluc\u00eda hace fr\u00edo en estos momentos cuando son las siete y media de la ma\u00f1ana. Luego sobrepasaremos en muchos puntos los 24 y 25 \u00baC. Seguiremos con la alergia al olivo. Os pongo, igual que hice ayer, temperaturas [&hellip;]<\/p>\n","protected":false},"author":16,"featured_media":44678,"comment_status":"open","ping_status":"open","sticky":false,"template":"","format":"standard","meta":[],"categories":[2],"tags":[62,358,432,587,1840,2030],"_links":{"self":[{"href":"https:\/\/blogs.diariosur.es\/tormentas-y-rayos\/wp-json\/wp\/v2\/posts\/44677"}],"collection":[{"href":"https:\/\/blogs.diariosur.es\/tormentas-y-rayos\/wp-json\/wp\/v2\/posts"}],"about":[{"href":"https:\/\/blogs.diariosur.es\/tormentas-y-rayos\/wp-json\/wp\/v2\/types\/post"}],"author":[{"embeddable":true,"href":"https:\/\/blogs.diariosur.es\/tormentas-y-rayos\/wp-json\/wp\/v2\/users\/16"}],"replies":[{"embeddable":true,"href":"https:\/\/blogs.diariosur.es\/tormentas-y-rayos\/wp-json\/wp\/v2\/comments?post=44677"}],"version-history":[{"count":2,"href":"https:\/\/blogs.diariosur.es\/tormentas-y-rayos\/wp-json\/wp\/v2\/posts\/44677\/revisions"}],"predecessor-version":[{"id":46627,"href":"https:\/\/blogs.diariosur.es\/tormentas-y-rayos\/wp-json\/wp\/v2\/posts\/44677\/revisions\/46627"}],"wp:featuredmedia":[{"embeddable":true,"href":"https:\/\/blogs.diariosur.es\/tormentas-y-rayos\/wp-json\/wp\/v2\/media\/44678"}],"wp:attachment":[{"href":"https:\/\/blogs.diariosur.es\/tormentas-y-rayos\/wp-json\/wp\/v2\/media?parent=44677"}],"wp:term":[{"taxonomy":"category","embeddable":true,"href":"https:\/\/blogs.diariosur.es\/tormentas-y-rayos\/wp-json\/wp\/v2\/categories?post=44677"},{"taxonomy":"post_tag","embeddable":true,"href":"https:\/\/blogs.diariosur.es\/tormentas-y-rayos\/wp-json\/wp\/v2\/tags?post=44677"}],"curies":[{"name":"wp","href":"https:\/\/api.w.org\/{rel}","templated":true}]}}