{"id":44680,"date":"2025-05-12T20:29:03","date_gmt":"2025-05-12T18:29:03","guid":{"rendered":"https:\/\/blogs.diariosur.es\/tormentas-y-rayos\/?p=44680"},"modified":"2025-10-05T18:32:24","modified_gmt":"2025-10-05T16:32:24","slug":"malaga-capital-y-estepona-registran-la-temperatura-maxima-de-espana-sorpresiva-minigalerna-en-el-puerto","status":"publish","type":"post","link":"https:\/\/blogs.diariosur.es\/tormentas-y-rayos\/2025\/05\/12\/malaga-capital-y-estepona-registran-la-temperatura-maxima-de-espana-sorpresiva-minigalerna-en-el-puerto\/","title":{"rendered":"M\u00e1laga capital y Estepona registran la temperatura m\u00e1xima de Espa\u00f1a. Sorpresiva minigalerna en el Puerto"},"content":{"rendered":"<p><a href=\"https:\/\/static-blogs.diariosur.es\/wp-content\/uploads\/sites\/12\/2025\/05\/474591997_10231480374091459_5977821584942016476_n.jpg\"><img loading=\"lazy\" class=\"aligncenter size-thumbnail wp-image-44655\" src=\"https:\/\/static-blogs.diariosur.es\/wp-content\/uploads\/sites\/12\/2025\/05\/474591997_10231480374091459_5977821584942016476_n-150x150.jpg\" alt=\"\" width=\"150\" height=\"150\" srcset=\"https:\/\/static-blogs.diariosur.es\/wp-content\/uploads\/sites\/12\/2025\/05\/474591997_10231480374091459_5977821584942016476_n-150x150.jpg 150w, https:\/\/static-blogs.diariosur.es\/wp-content\/uploads\/sites\/12\/2025\/05\/474591997_10231480374091459_5977821584942016476_n-400x400.jpg 400w, https:\/\/static-blogs.diariosur.es\/wp-content\/uploads\/sites\/12\/2025\/05\/474591997_10231480374091459_5977821584942016476_n-408x408.jpg 408w, https:\/\/static-blogs.diariosur.es\/wp-content\/uploads\/sites\/12\/2025\/05\/474591997_10231480374091459_5977821584942016476_n-768x768.jpg 768w, https:\/\/static-blogs.diariosur.es\/wp-content\/uploads\/sites\/12\/2025\/05\/474591997_10231480374091459_5977821584942016476_n.jpg 1000w\" sizes=\"(max-width: 150px) 100vw, 150px\" \/><\/a><\/p>\n<p data-pm-slice=\"1 1 []\">Buenas noches, amigos de la meteo. Esta ma\u00f1ana ten\u00edamos fr\u00edo en muchos puntos de la provincia de M\u00e1laga y Andaluc\u00eda; se cumplen los pron\u00f3sticos que daba esta ma\u00f1ana y por la tarde hemos pasado calor.<\/p>\n<p>M\u00e1laga capital, Centro Meteorol\u00f3gico y Estepona han registrado la m\u00e1xima de Espa\u00f1a con 27,6 \u00baC; recordar que la m\u00ednima esta ma\u00f1ana en M\u00e1laga capital era de 14,1 \u00baC y en Estepona de 12,8 \u00baC. Destacar tambi\u00e9n Antequera, que esta ma\u00f1ana registraba 7,4 \u00baC y ha dado una m\u00e1xima de 21,5\u00a0\u00baC, y sobre todo Archidona Vega, con una m\u00ednima de <strong>3,8 \u00baC<\/strong> y una m\u00e1xima de <strong>23 \u00baC.<\/strong> Fuente: AEMET y Meteoclimatic.<\/p>\n<p>La estaci\u00f3n de Co\u00edn, que ha dado tambi\u00e9n 27,6 \u00baC, no la menciona porque no est\u00e1 bien ubicada.<\/p>\n<h3><strong>Sorpresiva minigalerna en el Puerto<\/strong><\/h3>\n<p>Muchos amigos que estaban por la zona del puerto, Malagueta y Pedregalejo me han mandado mensajes coment\u00e1ndome las rachas de viento fuerte del sur que han entrado de pronto sobre las cuatro de la tarde.\u00a0 La estaci\u00f3n de la Aemet del Puerto ha registrado una racha de 61 km\/h. Tiene toda la pinta de una minigalerna, pero no lo tengo claro. Despu\u00e9s ha seguido soplando terral.<\/p>\n<p>&nbsp;<\/p>\n<p><a href=\"https:\/\/static-blogs.diariosur.es\/wp-content\/uploads\/sites\/12\/2025\/05\/puerto-e1747074091338.jpg\"><img loading=\"lazy\" class=\"aligncenter size-full wp-image-44687\" src=\"https:\/\/static-blogs.diariosur.es\/wp-content\/uploads\/sites\/12\/2025\/05\/puerto-e1747074091338.jpg\" alt=\"\" width=\"1200\" height=\"513\" \/><\/a><\/p>\n<p>&nbsp;<\/p>\n<p>En el Aeropuerto tambi\u00e9n ha entrado viento sur de pronto, pero las rachas no han sido tan fuertes. En el Centro Meteorol\u00f3gico no.<\/p>\n<p>&nbsp;<\/p>\n<p><a href=\"https:\/\/static-blogs.diariosur.es\/wp-content\/uploads\/sites\/12\/2025\/05\/aeropuerto-e1747074309542.jpg\"><img loading=\"lazy\" class=\"aligncenter size-full wp-image-44688\" src=\"https:\/\/static-blogs.diariosur.es\/wp-content\/uploads\/sites\/12\/2025\/05\/aeropuerto-e1747074309542.jpg\" alt=\"\" width=\"1200\" height=\"536\" \/><\/a><\/p>\n<p>Nos vemos ma\u00f1ana<\/p>\n<p>&nbsp;<\/p>\n","protected":false},"excerpt":{"rendered":"<p>Buenas noches, amigos de la meteo. Esta ma\u00f1ana ten\u00edamos fr\u00edo en muchos puntos de la provincia de M\u00e1laga y Andaluc\u00eda; se cumplen los pron\u00f3sticos que daba esta ma\u00f1ana y por la tarde hemos pasado calor. M\u00e1laga capital, Centro Meteorol\u00f3gico y Estepona han registrado la m\u00e1xima de Espa\u00f1a con 27,6 \u00baC; recordar que la m\u00ednima esta [&hellip;]<\/p>\n","protected":false},"author":16,"featured_media":44685,"comment_status":"open","ping_status":"open","sticky":false,"template":"","format":"standard","meta":[],"categories":[2],"tags":[100,123,212,358,387,432,587],"_links":{"self":[{"href":"https:\/\/blogs.diariosur.es\/tormentas-y-rayos\/wp-json\/wp\/v2\/posts\/44680"}],"collection":[{"href":"https:\/\/blogs.diariosur.es\/tormentas-y-rayos\/wp-json\/wp\/v2\/posts"}],"about":[{"href":"https:\/\/blogs.diariosur.es\/tormentas-y-rayos\/wp-json\/wp\/v2\/types\/post"}],"author":[{"embeddable":true,"href":"https:\/\/blogs.diariosur.es\/tormentas-y-rayos\/wp-json\/wp\/v2\/users\/16"}],"replies":[{"embeddable":true,"href":"https:\/\/blogs.diariosur.es\/tormentas-y-rayos\/wp-json\/wp\/v2\/comments?post=44680"}],"version-history":[{"count":8,"href":"https:\/\/blogs.diariosur.es\/tormentas-y-rayos\/wp-json\/wp\/v2\/posts\/44680\/revisions"}],"predecessor-version":[{"id":46629,"href":"https:\/\/blogs.diariosur.es\/tormentas-y-rayos\/wp-json\/wp\/v2\/posts\/44680\/revisions\/46629"}],"wp:featuredmedia":[{"embeddable":true,"href":"https:\/\/blogs.diariosur.es\/tormentas-y-rayos\/wp-json\/wp\/v2\/media\/44685"}],"wp:attachment":[{"href":"https:\/\/blogs.diariosur.es\/tormentas-y-rayos\/wp-json\/wp\/v2\/media?parent=44680"}],"wp:term":[{"taxonomy":"category","embeddable":true,"href":"https:\/\/blogs.diariosur.es\/tormentas-y-rayos\/wp-json\/wp\/v2\/categories?post=44680"},{"taxonomy":"post_tag","embeddable":true,"href":"https:\/\/blogs.diariosur.es\/tormentas-y-rayos\/wp-json\/wp\/v2\/tags?post=44680"}],"curies":[{"name":"wp","href":"https:\/\/api.w.org\/{rel}","templated":true}]}}