{"id":44690,"date":"2025-05-13T07:36:44","date_gmt":"2025-05-13T05:36:44","guid":{"rendered":"https:\/\/blogs.diariosur.es\/tormentas-y-rayos\/?p=44690"},"modified":"2025-05-13T12:19:54","modified_gmt":"2025-05-13T10:19:54","slug":"se-activa-el-aviso-amarillo-por-lluvias-y-tormentas-en-tres-provincias-de-andalucia-llegaremos-manana-a-los-30-oc-en-malaga-capital","status":"publish","type":"post","link":"https:\/\/blogs.diariosur.es\/tormentas-y-rayos\/2025\/05\/13\/se-activa-el-aviso-amarillo-por-lluvias-y-tormentas-en-tres-provincias-de-andalucia-llegaremos-manana-a-los-30-oc-en-malaga-capital\/","title":{"rendered":"Se activa el aviso amarillo por lluvias y tormentas en tres provincias de Andaluc\u00eda. \u00bfLlegaremos ma\u00f1ana a los 30 \u00baC en M\u00e1laga capital?"},"content":{"rendered":"<p><a href=\"https:\/\/static-blogs.diariosur.es\/wp-content\/uploads\/sites\/12\/2025\/05\/474591997_10231480374091459_5977821584942016476_n.jpg\"><img loading=\"lazy\" class=\"aligncenter size-thumbnail wp-image-44655\" src=\"https:\/\/static-blogs.diariosur.es\/wp-content\/uploads\/sites\/12\/2025\/05\/474591997_10231480374091459_5977821584942016476_n-150x150.jpg\" alt=\"\" width=\"150\" height=\"150\" srcset=\"https:\/\/static-blogs.diariosur.es\/wp-content\/uploads\/sites\/12\/2025\/05\/474591997_10231480374091459_5977821584942016476_n-150x150.jpg 150w, https:\/\/static-blogs.diariosur.es\/wp-content\/uploads\/sites\/12\/2025\/05\/474591997_10231480374091459_5977821584942016476_n-400x400.jpg 400w, https:\/\/static-blogs.diariosur.es\/wp-content\/uploads\/sites\/12\/2025\/05\/474591997_10231480374091459_5977821584942016476_n-408x408.jpg 408w, https:\/\/static-blogs.diariosur.es\/wp-content\/uploads\/sites\/12\/2025\/05\/474591997_10231480374091459_5977821584942016476_n-768x768.jpg 768w, https:\/\/static-blogs.diariosur.es\/wp-content\/uploads\/sites\/12\/2025\/05\/474591997_10231480374091459_5977821584942016476_n.jpg 1000w\" sizes=\"(max-width: 150px) 100vw, 150px\" \/><\/a><\/p>\n<p>Buenos d\u00edas, amigos de la meteo. Seguimos en estado puro de la primavera, lo que sobra es la alergia al olivo. No es broma, anoche so\u00f1\u00e9 que podaba todos los olivos de Andaluc\u00eda, me he levantado con agujetas, no se que es peor jijijijij.<\/p>\n<p>Hoy martes entran en aviso amarillo dos provincias andaluzas, Almer\u00eda y Granada.<\/p>\n<p>Ma\u00f1ana mi\u00e9rcoles se activa el aviso amarillo en las provincias de Ja\u00e9n, Almer\u00eda y Granada por lluvias de 15 mm en una hora y tormentas acompa\u00f1adas de granizo.<\/p>\n<p>Estas son las zonas.<\/p>\n<p><span class=\"la-zona-zona\" data-zona-id=\"610401\">Valle del Almanzora y Los V\u00e9lez<\/span>&#8211;<span class=\"la-zona-provincia\" data-zona-id=\"6104\">Almer\u00eda<\/span><\/p>\n<p><span class=\"la-zona-zona\" data-zona-id=\"610402\">Nacimiento y Campo de Tabernas<\/span>&#8211;<span class=\"la-zona-provincia\" data-zona-id=\"6104\">Almer\u00eda<\/span><\/p>\n<p>Costa de levante Almer\u00eda<\/p>\n<p><span class=\"la-zona-zona\" data-zona-id=\"610403\">Poniente y Almer\u00eda Capital<\/span>&#8211;<span class=\"la-zona-provincia\" data-zona-id=\"6104\">Almer\u00eda<\/span><\/p>\n<p><span class=\"la-zona-zona\" data-zona-id=\"611802\">Guadix y Baza<\/span>&#8211;<span class=\"la-zona-provincia\" data-zona-id=\"6118\">Granada<\/span><\/p>\n<p>Cuenca de Genil Granada<\/p>\n<p><span class=\"la-zona-zona\" data-zona-id=\"612302\">Cazorla y Segura<\/span>&#8211;<span class=\"la-zona-provincia\" data-zona-id=\"6123\">Ja\u00e9n<\/span><\/p>\n<p>Valle del Guadalquivir Ja\u00e9n<\/p>\n<p><strong>En cuanto a la provincia de M\u00e1laga no hay avisos, pero hay probabilidad de algunos chubascos tormentosos por la tarde, siendo m\u00e1s probables en zonas de monta\u00f1a. Estaremos atentos por si alguno se escapa por la costa.<\/strong><\/p>\n<p><a href=\"https:\/\/static-blogs.diariosur.es\/wp-content\/uploads\/sites\/12\/2025\/05\/Screenshot_20250513_121803_Chrome-e1747131575836.jpg\"><img loading=\"lazy\" class=\"aligncenter size-full wp-image-44699\" src=\"https:\/\/static-blogs.diariosur.es\/wp-content\/uploads\/sites\/12\/2025\/05\/Screenshot_20250513_121803_Chrome-e1747131575836.jpg\" alt=\"\" width=\"1000\" height=\"922\" \/><\/a><\/p>\n<h3><strong><span style=\"color: #ff0000;\">\u00bfLlegaremos ma\u00f1ana a los 30 \u00baC en M\u00e1laga capital?<\/span><\/strong><\/h3>\n<p>Muchos me est\u00e1is preguntando que hab\u00e9is visto en el <strong>autom\u00e1tico<\/strong> de la Aemet que ma\u00f1ana llegamos a los 30 \u00baC. Pienso que no, como mucho entre 25 o 26.<\/p>\n<p>&nbsp;<\/p>\n<p><a href=\"https:\/\/static-blogs.diariosur.es\/wp-content\/uploads\/sites\/12\/2025\/05\/Captura-de-pantalla-2025-05-13-071700.jpg\"><img loading=\"lazy\" class=\"aligncenter size-full wp-image-44691\" src=\"https:\/\/static-blogs.diariosur.es\/wp-content\/uploads\/sites\/12\/2025\/05\/Captura-de-pantalla-2025-05-13-071700.jpg\" alt=\"\" width=\"1045\" height=\"820\" srcset=\"https:\/\/static-blogs.diariosur.es\/wp-content\/uploads\/sites\/12\/2025\/05\/Captura-de-pantalla-2025-05-13-071700.jpg 1045w, https:\/\/static-blogs.diariosur.es\/wp-content\/uploads\/sites\/12\/2025\/05\/Captura-de-pantalla-2025-05-13-071700-510x400.jpg 510w, https:\/\/static-blogs.diariosur.es\/wp-content\/uploads\/sites\/12\/2025\/05\/Captura-de-pantalla-2025-05-13-071700-520x408.jpg 520w, https:\/\/static-blogs.diariosur.es\/wp-content\/uploads\/sites\/12\/2025\/05\/Captura-de-pantalla-2025-05-13-071700-768x603.jpg 768w\" sizes=\"(max-width: 1045px) 100vw, 1045px\" \/><\/a><\/p>\n<p>&nbsp;<\/p>\n<p>Os dejo con estas fotos que hice ayer por la noche a la luna llena.<\/p>\n<p>&nbsp;<\/p>\n<p><a href=\"https:\/\/static-blogs.diariosur.es\/wp-content\/uploads\/sites\/12\/2025\/05\/54516298215_e36204338c_b.jpg\"><img loading=\"lazy\" class=\"aligncenter size-full wp-image-44692\" src=\"https:\/\/static-blogs.diariosur.es\/wp-content\/uploads\/sites\/12\/2025\/05\/54516298215_e36204338c_b.jpg\" alt=\"\" width=\"1024\" height=\"683\" srcset=\"https:\/\/static-blogs.diariosur.es\/wp-content\/uploads\/sites\/12\/2025\/05\/54516298215_e36204338c_b.jpg 1024w, https:\/\/static-blogs.diariosur.es\/wp-content\/uploads\/sites\/12\/2025\/05\/54516298215_e36204338c_b-600x400.jpg 600w, https:\/\/static-blogs.diariosur.es\/wp-content\/uploads\/sites\/12\/2025\/05\/54516298215_e36204338c_b-612x408.jpg 612w, https:\/\/static-blogs.diariosur.es\/wp-content\/uploads\/sites\/12\/2025\/05\/54516298215_e36204338c_b-768x512.jpg 768w\" sizes=\"(max-width: 1024px) 100vw, 1024px\" \/><\/a><\/p>\n<p>&nbsp;<\/p>\n<p><a href=\"https:\/\/static-blogs.diariosur.es\/wp-content\/uploads\/sites\/12\/2025\/05\/54516134129_0c1c02e274_b.jpg\"><img loading=\"lazy\" class=\"aligncenter size-full wp-image-44693\" src=\"https:\/\/static-blogs.diariosur.es\/wp-content\/uploads\/sites\/12\/2025\/05\/54516134129_0c1c02e274_b.jpg\" alt=\"\" width=\"1024\" height=\"683\" srcset=\"https:\/\/static-blogs.diariosur.es\/wp-content\/uploads\/sites\/12\/2025\/05\/54516134129_0c1c02e274_b.jpg 1024w, https:\/\/static-blogs.diariosur.es\/wp-content\/uploads\/sites\/12\/2025\/05\/54516134129_0c1c02e274_b-600x400.jpg 600w, https:\/\/static-blogs.diariosur.es\/wp-content\/uploads\/sites\/12\/2025\/05\/54516134129_0c1c02e274_b-612x408.jpg 612w, https:\/\/static-blogs.diariosur.es\/wp-content\/uploads\/sites\/12\/2025\/05\/54516134129_0c1c02e274_b-768x512.jpg 768w\" sizes=\"(max-width: 1024px) 100vw, 1024px\" \/><\/a><\/p>\n<p>&nbsp;<\/p>\n","protected":false},"excerpt":{"rendered":"<p>Buenos d\u00edas, amigos de la meteo. Seguimos en estado puro de la primavera, lo que sobra es la alergia al olivo. No es broma, anoche so\u00f1\u00e9 que podaba todos los olivos de Andaluc\u00eda, me he levantado con agujetas, no se que es peor jijijijij. Hoy martes entran en aviso amarillo dos provincias andaluzas, Almer\u00eda y [&hellip;]<\/p>\n","protected":false},"author":16,"featured_media":44694,"comment_status":"open","ping_status":"open","sticky":false,"template":"","format":"standard","meta":[],"categories":[2],"tags":[94,100,151,358,569,587,996],"_links":{"self":[{"href":"https:\/\/blogs.diariosur.es\/tormentas-y-rayos\/wp-json\/wp\/v2\/posts\/44690"}],"collection":[{"href":"https:\/\/blogs.diariosur.es\/tormentas-y-rayos\/wp-json\/wp\/v2\/posts"}],"about":[{"href":"https:\/\/blogs.diariosur.es\/tormentas-y-rayos\/wp-json\/wp\/v2\/types\/post"}],"author":[{"embeddable":true,"href":"https:\/\/blogs.diariosur.es\/tormentas-y-rayos\/wp-json\/wp\/v2\/users\/16"}],"replies":[{"embeddable":true,"href":"https:\/\/blogs.diariosur.es\/tormentas-y-rayos\/wp-json\/wp\/v2\/comments?post=44690"}],"version-history":[{"count":5,"href":"https:\/\/blogs.diariosur.es\/tormentas-y-rayos\/wp-json\/wp\/v2\/posts\/44690\/revisions"}],"predecessor-version":[{"id":44700,"href":"https:\/\/blogs.diariosur.es\/tormentas-y-rayos\/wp-json\/wp\/v2\/posts\/44690\/revisions\/44700"}],"wp:featuredmedia":[{"embeddable":true,"href":"https:\/\/blogs.diariosur.es\/tormentas-y-rayos\/wp-json\/wp\/v2\/media\/44694"}],"wp:attachment":[{"href":"https:\/\/blogs.diariosur.es\/tormentas-y-rayos\/wp-json\/wp\/v2\/media?parent=44690"}],"wp:term":[{"taxonomy":"category","embeddable":true,"href":"https:\/\/blogs.diariosur.es\/tormentas-y-rayos\/wp-json\/wp\/v2\/categories?post=44690"},{"taxonomy":"post_tag","embeddable":true,"href":"https:\/\/blogs.diariosur.es\/tormentas-y-rayos\/wp-json\/wp\/v2\/tags?post=44690"}],"curies":[{"name":"wp","href":"https:\/\/api.w.org\/{rel}","templated":true}]}}