{"id":44713,"date":"2025-05-14T08:13:14","date_gmt":"2025-05-14T06:13:14","guid":{"rendered":"https:\/\/blogs.diariosur.es\/tormentas-y-rayos\/?p=44713"},"modified":"2025-10-05T18:23:50","modified_gmt":"2025-10-05T16:23:50","slug":"gran-procesion-del-jubileo-de-las-cofradias-en-roma-que-tiempo-se-espera-hasta-el-sabado","status":"publish","type":"post","link":"https:\/\/blogs.diariosur.es\/tormentas-y-rayos\/2025\/05\/14\/gran-procesion-del-jubileo-de-las-cofradias-en-roma-que-tiempo-se-espera-hasta-el-sabado\/","title":{"rendered":"Gran Procesi\u00f3n del Jubileo de las Cofrad\u00edas en Roma. \u00bfQu\u00e9 tiempo se espera hasta el s\u00e1bado?"},"content":{"rendered":"<p><a href=\"https:\/\/static-blogs.diariosur.es\/wp-content\/uploads\/sites\/12\/2025\/05\/474591997_10231480374091459_5977821584942016476_n.jpg\"><img loading=\"lazy\" class=\"aligncenter size-thumbnail wp-image-44655\" src=\"https:\/\/static-blogs.diariosur.es\/wp-content\/uploads\/sites\/12\/2025\/05\/474591997_10231480374091459_5977821584942016476_n-150x150.jpg\" alt=\"\" width=\"150\" height=\"150\" srcset=\"https:\/\/static-blogs.diariosur.es\/wp-content\/uploads\/sites\/12\/2025\/05\/474591997_10231480374091459_5977821584942016476_n-150x150.jpg 150w, https:\/\/static-blogs.diariosur.es\/wp-content\/uploads\/sites\/12\/2025\/05\/474591997_10231480374091459_5977821584942016476_n-400x400.jpg 400w, https:\/\/static-blogs.diariosur.es\/wp-content\/uploads\/sites\/12\/2025\/05\/474591997_10231480374091459_5977821584942016476_n-408x408.jpg 408w, https:\/\/static-blogs.diariosur.es\/wp-content\/uploads\/sites\/12\/2025\/05\/474591997_10231480374091459_5977821584942016476_n-768x768.jpg 768w, https:\/\/static-blogs.diariosur.es\/wp-content\/uploads\/sites\/12\/2025\/05\/474591997_10231480374091459_5977821584942016476_n.jpg 1000w\" sizes=\"(max-width: 150px) 100vw, 150px\" \/><\/a><\/p>\n<p>&nbsp;<\/p>\n<p data-pm-slice=\"1 1 []\">Buenos d\u00edas, amigos de la meteo. A petici\u00f3n de muchos amigos de M\u00e1laga, Sevilla e incluso de Le\u00f3n, haremos un seguimiento del tiempo a partir de hoy mi\u00e9rcoles y hasta el s\u00e1bado, de la Gran Procesi\u00f3n del Jubileo de las Cofrad\u00edas en Roma.<\/p>\n<p>Mis hijas empezaron en 1992 a tocar en la Banda de la Esperanza; os deseamos mucha suerte.<\/p>\n<p><strong>Hoy mi\u00e9rcoles<\/strong> la temperatura m\u00e1xima en Roma rondar\u00e1 los 21 y 22 \u00baC. Probabilidad de chubascos d\u00e9biles por la tarde.<\/p>\n<p><strong>El jueves<\/strong> las temperaturas m\u00e1ximas rondar\u00e1n entre los 22 y 24 \u00baC, las m\u00ednimas de madrugada y primeras horas de la ma\u00f1ana entre los 15 y 16 \u00baC. Probabilidad de algunos chubascos<\/p>\n<p><strong>El viernes,<\/strong> las temperaturas m\u00e1ximas y m\u00ednimas muy parecidas a las del jueves. Hay probabilidad de algunos chubascos.<\/p>\n<h3><strong>Gran Procesi\u00f3n del Jubileo de las Cofrad\u00edas en Roma. \u00bfQu\u00e9 tiempo hace el s\u00e1bado?<\/strong><\/h3>\n<p>Con los modelos actualizados hoy mi\u00e9rcoles, baja la probabilidad de precipitaciones en Roma para el 17 de mayo. Siempre hay que tener en cuenta que estamos en primavera; ya sab\u00e9is qu\u00e9 trae consigo. Las temperaturas m\u00e1ximas rondar\u00e1n entre los 21 y 22 \u00baC. El s\u00e1bado de madrugada y primera hora de la ma\u00f1ana bajan las temperaturas m\u00ednimas; rondar\u00e1n entre los 12 y 13 \u00baC.<\/p>\n<p>Si hay alg\u00fan cambio de \u00faltima hora, el viernes actualizo la previsi\u00f3n.<\/p>\n<p><a href=\"https:\/\/static-blogs.diariosur.es\/wp-content\/uploads\/sites\/12\/2025\/05\/zzzz-e1747208548701.jpg\"><img loading=\"lazy\" class=\"aligncenter size-full wp-image-44716\" src=\"https:\/\/static-blogs.diariosur.es\/wp-content\/uploads\/sites\/12\/2025\/05\/zzzz-e1747208548701.jpg\" alt=\"\" width=\"1200\" height=\"960\" \/><\/a><\/p>\n<p>&nbsp;<\/p>\n<p><a href=\"https:\/\/static-blogs.diariosur.es\/wp-content\/uploads\/sites\/12\/2025\/05\/z6-e1747208669224.jpg\"><img loading=\"lazy\" class=\"aligncenter size-full wp-image-44720\" src=\"https:\/\/static-blogs.diariosur.es\/wp-content\/uploads\/sites\/12\/2025\/05\/z6-e1747208669224.jpg\" alt=\"\" width=\"800\" height=\"1199\" \/><\/a><\/p>\n<p>&nbsp;<\/p>\n<p><img loading=\"lazy\" class=\"aligncenter size-full wp-image-44719\" src=\"https:\/\/static-blogs.diariosur.es\/wp-content\/uploads\/sites\/12\/2025\/05\/z5-e1747208634898.jpg\" alt=\"\" width=\"800\" height=\"1144\" \/><\/p>\n<p>&nbsp;<\/p>\n<p>&nbsp;<\/p>\n<p><a href=\"https:\/\/static-blogs.diariosur.es\/wp-content\/uploads\/sites\/12\/2025\/05\/Gqrs8SxXkAAXWxf-e1747151060981.jpg\"><img loading=\"lazy\" class=\"aligncenter size-full wp-image-44703\" src=\"https:\/\/static-blogs.diariosur.es\/wp-content\/uploads\/sites\/12\/2025\/05\/Gqrs8SxXkAAXWxf-e1747151060981.jpg\" alt=\"\" width=\"1000\" height=\"750\" \/><\/a><\/p>\n<p>&nbsp;<\/p>\n<p><a href=\"https:\/\/static-blogs.diariosur.es\/wp-content\/uploads\/sites\/12\/2025\/05\/Gq0W5A7WQAATDNe-e1747201944584.jpg\"><img loading=\"lazy\" class=\"aligncenter size-full wp-image-44706\" src=\"https:\/\/static-blogs.diariosur.es\/wp-content\/uploads\/sites\/12\/2025\/05\/Gq0W5A7WQAATDNe-e1747201944584.jpg\" alt=\"\" width=\"1000\" height=\"667\" \/><\/a><\/p>\n<p>&nbsp;<\/p>\n<p><a href=\"https:\/\/static-blogs.diariosur.es\/wp-content\/uploads\/sites\/12\/2025\/05\/Gqvl8fsXsAAtANF-e1747201975585.jpg\"><img loading=\"lazy\" class=\"aligncenter size-full wp-image-44707\" src=\"https:\/\/static-blogs.diariosur.es\/wp-content\/uploads\/sites\/12\/2025\/05\/Gqvl8fsXsAAtANF-e1747201975585.jpg\" alt=\"\" width=\"1000\" height=\"667\" \/><\/a><\/p>\n<p>&nbsp;<\/p>\n<p>&nbsp;<\/p>\n<p><a href=\"https:\/\/static-blogs.diariosur.es\/wp-content\/uploads\/sites\/12\/2025\/05\/z-1-e1747202120318.jpg\"><img loading=\"lazy\" class=\"aligncenter size-full wp-image-44708\" src=\"https:\/\/static-blogs.diariosur.es\/wp-content\/uploads\/sites\/12\/2025\/05\/z-1-e1747202120318.jpg\" alt=\"\" width=\"1000\" height=\"667\" \/><\/a><\/p>\n<p>&nbsp;<\/p>\n<p><a href=\"https:\/\/static-blogs.diariosur.es\/wp-content\/uploads\/sites\/12\/2025\/05\/z1-e1747202149549.jpg\"><img loading=\"lazy\" class=\"aligncenter size-full wp-image-44709\" src=\"https:\/\/static-blogs.diariosur.es\/wp-content\/uploads\/sites\/12\/2025\/05\/z1-e1747202149549.jpg\" alt=\"\" width=\"1000\" height=\"667\" \/><\/a><\/p>\n<p>&nbsp;<\/p>\n<p><a href=\"https:\/\/static-blogs.diariosur.es\/wp-content\/uploads\/sites\/12\/2025\/05\/z2-e1747202184678.jpg\"><img loading=\"lazy\" class=\"aligncenter size-full wp-image-44710\" src=\"https:\/\/static-blogs.diariosur.es\/wp-content\/uploads\/sites\/12\/2025\/05\/z2-e1747202184678.jpg\" alt=\"\" width=\"1000\" height=\"667\" \/><\/a><\/p>\n<p>&nbsp;<\/p>\n<p><a href=\"https:\/\/static-blogs.diariosur.es\/wp-content\/uploads\/sites\/12\/2025\/05\/Gn7AksfXIAASB0K-e1747202866889.jpg\"><img loading=\"lazy\" class=\"aligncenter size-full wp-image-44711\" src=\"https:\/\/static-blogs.diariosur.es\/wp-content\/uploads\/sites\/12\/2025\/05\/Gn7AksfXIAASB0K-e1747202866889.jpg\" alt=\"\" width=\"800\" height=\"1199\" \/><\/a><\/p>\n<p>&nbsp;<\/p>\n<p>&nbsp;<\/p>\n","protected":false},"excerpt":{"rendered":"<p>&nbsp; Buenos d\u00edas, amigos de la meteo. A petici\u00f3n de muchos amigos de M\u00e1laga, Sevilla e incluso de Le\u00f3n, haremos un seguimiento del tiempo a partir de hoy mi\u00e9rcoles y hasta el s\u00e1bado, de la Gran Procesi\u00f3n del Jubileo de las Cofrad\u00edas en Roma. Mis hijas empezaron en 1992 a tocar en la Banda de [&hellip;]<\/p>\n","protected":false},"author":16,"featured_media":44716,"comment_status":"open","ping_status":"open","sticky":false,"template":"","format":"standard","meta":[],"categories":[2],"tags":[2038,358,378,2036,800,1649,2037,877],"_links":{"self":[{"href":"https:\/\/blogs.diariosur.es\/tormentas-y-rayos\/wp-json\/wp\/v2\/posts\/44713"}],"collection":[{"href":"https:\/\/blogs.diariosur.es\/tormentas-y-rayos\/wp-json\/wp\/v2\/posts"}],"about":[{"href":"https:\/\/blogs.diariosur.es\/tormentas-y-rayos\/wp-json\/wp\/v2\/types\/post"}],"author":[{"embeddable":true,"href":"https:\/\/blogs.diariosur.es\/tormentas-y-rayos\/wp-json\/wp\/v2\/users\/16"}],"replies":[{"embeddable":true,"href":"https:\/\/blogs.diariosur.es\/tormentas-y-rayos\/wp-json\/wp\/v2\/comments?post=44713"}],"version-history":[{"count":5,"href":"https:\/\/blogs.diariosur.es\/tormentas-y-rayos\/wp-json\/wp\/v2\/posts\/44713\/revisions"}],"predecessor-version":[{"id":46624,"href":"https:\/\/blogs.diariosur.es\/tormentas-y-rayos\/wp-json\/wp\/v2\/posts\/44713\/revisions\/46624"}],"wp:featuredmedia":[{"embeddable":true,"href":"https:\/\/blogs.diariosur.es\/tormentas-y-rayos\/wp-json\/wp\/v2\/media\/44716"}],"wp:attachment":[{"href":"https:\/\/blogs.diariosur.es\/tormentas-y-rayos\/wp-json\/wp\/v2\/media?parent=44713"}],"wp:term":[{"taxonomy":"category","embeddable":true,"href":"https:\/\/blogs.diariosur.es\/tormentas-y-rayos\/wp-json\/wp\/v2\/categories?post=44713"},{"taxonomy":"post_tag","embeddable":true,"href":"https:\/\/blogs.diariosur.es\/tormentas-y-rayos\/wp-json\/wp\/v2\/tags?post=44713"}],"curies":[{"name":"wp","href":"https:\/\/api.w.org\/{rel}","templated":true}]}}