{"id":44726,"date":"2025-05-15T08:26:15","date_gmt":"2025-05-15T06:26:15","guid":{"rendered":"https:\/\/blogs.diariosur.es\/tormentas-y-rayos\/?p=44726"},"modified":"2025-10-05T17:55:03","modified_gmt":"2025-10-05T15:55:03","slug":"seguiremos-con-la-primavera-loca-el-fin-de-semana-en-la-provincia-de-malaga-y-andalucia-siiiiii","status":"publish","type":"post","link":"https:\/\/blogs.diariosur.es\/tormentas-y-rayos\/2025\/05\/15\/seguiremos-con-la-primavera-loca-el-fin-de-semana-en-la-provincia-de-malaga-y-andalucia-siiiiii\/","title":{"rendered":"\u00bfSeguiremos con la primavera loca el fin de semana en la provincia de M\u00e1laga y Andaluc\u00eda? Siiiiii"},"content":{"rendered":"<p><a href=\"https:\/\/static-blogs.diariosur.es\/wp-content\/uploads\/sites\/12\/2025\/05\/474591997_10231480374091459_5977821584942016476_n.jpg\"><img loading=\"lazy\" class=\"aligncenter size-thumbnail wp-image-44655\" src=\"https:\/\/static-blogs.diariosur.es\/wp-content\/uploads\/sites\/12\/2025\/05\/474591997_10231480374091459_5977821584942016476_n-150x150.jpg\" alt=\"\" width=\"150\" height=\"150\" srcset=\"https:\/\/static-blogs.diariosur.es\/wp-content\/uploads\/sites\/12\/2025\/05\/474591997_10231480374091459_5977821584942016476_n-150x150.jpg 150w, https:\/\/static-blogs.diariosur.es\/wp-content\/uploads\/sites\/12\/2025\/05\/474591997_10231480374091459_5977821584942016476_n-400x400.jpg 400w, https:\/\/static-blogs.diariosur.es\/wp-content\/uploads\/sites\/12\/2025\/05\/474591997_10231480374091459_5977821584942016476_n-408x408.jpg 408w, https:\/\/static-blogs.diariosur.es\/wp-content\/uploads\/sites\/12\/2025\/05\/474591997_10231480374091459_5977821584942016476_n-768x768.jpg 768w, https:\/\/static-blogs.diariosur.es\/wp-content\/uploads\/sites\/12\/2025\/05\/474591997_10231480374091459_5977821584942016476_n.jpg 1000w\" sizes=\"(max-width: 150px) 100vw, 150px\" \/><\/a><\/p>\n<p data-pm-slice=\"1 1 []\">Buenos d\u00edas, amigos de la meteo. Ayer tuvimos sorpresa con un chaparr\u00f3n en M\u00e1laga capital; no lo esperaba. En otras zonas de la provincia s\u00ed se esperaba, como en la Axarqu\u00eda, pero en esta zona tambi\u00e9n hubo sorpresas y cayeron m\u00e1s litros, como en otras zonas de la provincia.<\/p>\n<p>Fuentes. Aemet, Meteoclimatic, Wunderground<\/p>\n<p>En el Borge 11,2 mm, acompa\u00f1ado de granizo.<\/p>\n<p>En Alm\u00e1char, 14 mm, acompa\u00f1ado de granizo.<\/p>\n<p>En Frigiliana, 22,2 mm.<\/p>\n<p>Completa 11,9 mm.<\/p>\n<p>Ist\u00e1n\u00a09,2 mm<\/p>\n<p>Nerja 8,8 mm<\/p>\n<p>Mijas Pueblo\u00a04 mm<\/p>\n<p>Oj\u00e9n 5 mm<\/p>\n<p>Fuengirola 5,6 mm<\/p>\n<p>M\u00e1laga Centro Meteorol\u00f3gico 3,4 mm; en cambio, en el Aeropuerto 0 mm.<\/p>\n<p>Torremolinos\u00a05,6 mm<\/p>\n<p>Guadalmina Alta en Marbella: 15,4 mm<\/p>\n<p>Os paso un video del chaparr\u00f3n en mi zona y un time-lapse de los cumulonimbus.<\/p>\n<p>&nbsp;<\/p>\n<p><iframe loading=\"lazy\" title=\"Chaparr\u00f3n hoy 14 de mayo en M\u00e1laga capital\" width=\"500\" height=\"281\" src=\"https:\/\/www.youtube.com\/embed\/gvRMgBce6U0?feature=oembed\" frameborder=\"0\" allow=\"accelerometer; autoplay; clipboard-write; encrypted-media; gyroscope; picture-in-picture; web-share\" referrerpolicy=\"strict-origin-when-cross-origin\" allowfullscreen><\/iframe><\/p>\n<p>&nbsp;<\/p>\n<p>Estas nubes dieron el chaparr\u00f3n en zonas de M\u00e1laga capital<\/p>\n<p>&nbsp;<\/p>\n<p><iframe loading=\"lazy\" title=\"La magia del cielo hoy 14 de mayo en M\u00e1laga capital\" width=\"500\" height=\"281\" src=\"https:\/\/www.youtube.com\/embed\/9UE6UUYKLUM?feature=oembed\" frameborder=\"0\" allow=\"accelerometer; autoplay; clipboard-write; encrypted-media; gyroscope; picture-in-picture; web-share\" referrerpolicy=\"strict-origin-when-cross-origin\" allowfullscreen><\/iframe><\/p>\n<p>&nbsp;<\/p>\n<p>&nbsp;<\/p>\n<p>Ma\u00f1ana viernes subir\u00e1n las temperaturas m\u00e1ximas y m\u00ednimas en toda la provincia, la probabilidad de precipitaciones es del 0%. Os pongo las temperaturas m\u00e1ximas y m\u00ednimas que prev\u00e9 la Aemet.<\/p>\n<p>&nbsp;<\/p>\n<p><a href=\"https:\/\/static-blogs.diariosur.es\/wp-content\/uploads\/sites\/12\/2025\/05\/viernes.jpg\"><img loading=\"lazy\" class=\"aligncenter size-full wp-image-44737\" src=\"https:\/\/static-blogs.diariosur.es\/wp-content\/uploads\/sites\/12\/2025\/05\/viernes.jpg\" alt=\"\" width=\"1045\" height=\"805\" srcset=\"https:\/\/static-blogs.diariosur.es\/wp-content\/uploads\/sites\/12\/2025\/05\/viernes.jpg 1045w, https:\/\/static-blogs.diariosur.es\/wp-content\/uploads\/sites\/12\/2025\/05\/viernes-519x400.jpg 519w, https:\/\/static-blogs.diariosur.es\/wp-content\/uploads\/sites\/12\/2025\/05\/viernes-530x408.jpg 530w, https:\/\/static-blogs.diariosur.es\/wp-content\/uploads\/sites\/12\/2025\/05\/viernes-768x592.jpg 768w\" sizes=\"(max-width: 1045px) 100vw, 1045px\" \/><\/a><\/p>\n<p>&nbsp;<\/p>\n<h3 data-pm-slice=\"1 1 []\"><strong>\u00bfSeguiremos con la primavera loca el fin de semana en la provincia de M\u00e1laga y Andaluc\u00eda?<\/strong><\/h3>\n<p>Sigue la primavera loca; esta vez toca veranillo, pero lo mismo se vuelve loca otra vez y al final de la semana que viene vuelven las tormentas.<\/p>\n<p>Este pr\u00f3ximo fin de semana podremos disfrutar de la playa y el campo, que est\u00e1 precioso. No se esperan rachas fuertes de viento y las temperaturas subir\u00e1n en toda Andaluc\u00eda. La probabilidad de precipitaciones es muy baja.<\/p>\n<p>Temperaturas previstas por la AEMET para el s\u00e1bado y domingo en Andaluc\u00eda. En el Valle del Guadalquivir sobrepasar\u00e1n los 30 \u00baC y 32 \u00baC.<\/p>\n<p>&nbsp;<\/p>\n<p><a href=\"https:\/\/static-blogs.diariosur.es\/wp-content\/uploads\/sites\/12\/2025\/05\/sabado-1.jpg\"><img loading=\"lazy\" class=\"aligncenter size-full wp-image-44738\" src=\"https:\/\/static-blogs.diariosur.es\/wp-content\/uploads\/sites\/12\/2025\/05\/sabado-1.jpg\" alt=\"\" width=\"1033\" height=\"816\" srcset=\"https:\/\/static-blogs.diariosur.es\/wp-content\/uploads\/sites\/12\/2025\/05\/sabado-1.jpg 1033w, https:\/\/static-blogs.diariosur.es\/wp-content\/uploads\/sites\/12\/2025\/05\/sabado-1-506x400.jpg 506w, https:\/\/static-blogs.diariosur.es\/wp-content\/uploads\/sites\/12\/2025\/05\/sabado-1-517x408.jpg 517w, https:\/\/static-blogs.diariosur.es\/wp-content\/uploads\/sites\/12\/2025\/05\/sabado-1-768x607.jpg 768w\" sizes=\"(max-width: 1033px) 100vw, 1033px\" \/><\/a><\/p>\n<p>&nbsp;<\/p>\n<p><a href=\"https:\/\/static-blogs.diariosur.es\/wp-content\/uploads\/sites\/12\/2025\/05\/domingo-1.jpg\"><img loading=\"lazy\" class=\"aligncenter size-full wp-image-44739\" src=\"https:\/\/static-blogs.diariosur.es\/wp-content\/uploads\/sites\/12\/2025\/05\/domingo-1.jpg\" alt=\"\" width=\"1054\" height=\"822\" srcset=\"https:\/\/static-blogs.diariosur.es\/wp-content\/uploads\/sites\/12\/2025\/05\/domingo-1.jpg 1054w, https:\/\/static-blogs.diariosur.es\/wp-content\/uploads\/sites\/12\/2025\/05\/domingo-1-513x400.jpg 513w, https:\/\/static-blogs.diariosur.es\/wp-content\/uploads\/sites\/12\/2025\/05\/domingo-1-523x408.jpg 523w, https:\/\/static-blogs.diariosur.es\/wp-content\/uploads\/sites\/12\/2025\/05\/domingo-1-768x599.jpg 768w\" sizes=\"(max-width: 1054px) 100vw, 1054px\" \/><\/a><\/p>\n<p>&nbsp;<\/p>\n<p>Os dejo con esta bonita foto de mi amigo Crist\u00f3bal Gambero<\/p>\n<p>&nbsp;<\/p>\n<p><a href=\"https:\/\/static-blogs.diariosur.es\/wp-content\/uploads\/sites\/12\/2025\/05\/zzzzzzzzzzz-e1747290193968.jpg\"><img loading=\"lazy\" class=\"aligncenter size-full wp-image-44740\" src=\"https:\/\/static-blogs.diariosur.es\/wp-content\/uploads\/sites\/12\/2025\/05\/zzzzzzzzzzz-e1747290193968.jpg\" alt=\"\" width=\"1000\" height=\"563\" \/><\/a><\/p>\n<p>&nbsp;<\/p>\n<p>&nbsp;<\/p>\n","protected":false},"excerpt":{"rendered":"<p>Buenos d\u00edas, amigos de la meteo. Ayer tuvimos sorpresa con un chaparr\u00f3n en M\u00e1laga capital; no lo esperaba. En otras zonas de la provincia s\u00ed se esperaba, como en la Axarqu\u00eda, pero en esta zona tambi\u00e9n hubo sorpresas y cayeron m\u00e1s litros, como en otras zonas de la provincia. Fuentes. Aemet, Meteoclimatic, Wunderground En el [&hellip;]<\/p>\n","protected":false},"author":16,"featured_media":44740,"comment_status":"open","ping_status":"open","sticky":false,"template":"","format":"standard","meta":[],"categories":[2],"tags":[100,309,358,410,587,902],"_links":{"self":[{"href":"https:\/\/blogs.diariosur.es\/tormentas-y-rayos\/wp-json\/wp\/v2\/posts\/44726"}],"collection":[{"href":"https:\/\/blogs.diariosur.es\/tormentas-y-rayos\/wp-json\/wp\/v2\/posts"}],"about":[{"href":"https:\/\/blogs.diariosur.es\/tormentas-y-rayos\/wp-json\/wp\/v2\/types\/post"}],"author":[{"embeddable":true,"href":"https:\/\/blogs.diariosur.es\/tormentas-y-rayos\/wp-json\/wp\/v2\/users\/16"}],"replies":[{"embeddable":true,"href":"https:\/\/blogs.diariosur.es\/tormentas-y-rayos\/wp-json\/wp\/v2\/comments?post=44726"}],"version-history":[{"count":12,"href":"https:\/\/blogs.diariosur.es\/tormentas-y-rayos\/wp-json\/wp\/v2\/posts\/44726\/revisions"}],"predecessor-version":[{"id":46622,"href":"https:\/\/blogs.diariosur.es\/tormentas-y-rayos\/wp-json\/wp\/v2\/posts\/44726\/revisions\/46622"}],"wp:featuredmedia":[{"embeddable":true,"href":"https:\/\/blogs.diariosur.es\/tormentas-y-rayos\/wp-json\/wp\/v2\/media\/44740"}],"wp:attachment":[{"href":"https:\/\/blogs.diariosur.es\/tormentas-y-rayos\/wp-json\/wp\/v2\/media?parent=44726"}],"wp:term":[{"taxonomy":"category","embeddable":true,"href":"https:\/\/blogs.diariosur.es\/tormentas-y-rayos\/wp-json\/wp\/v2\/categories?post=44726"},{"taxonomy":"post_tag","embeddable":true,"href":"https:\/\/blogs.diariosur.es\/tormentas-y-rayos\/wp-json\/wp\/v2\/tags?post=44726"}],"curies":[{"name":"wp","href":"https:\/\/api.w.org\/{rel}","templated":true}]}}