{"id":44745,"date":"2025-05-16T07:45:26","date_gmt":"2025-05-16T05:45:26","guid":{"rendered":"https:\/\/blogs.diariosur.es\/tormentas-y-rayos\/?p=44745"},"modified":"2025-10-05T12:00:13","modified_gmt":"2025-10-05T10:00:13","slug":"embalse-de-la-concepcion-al-100-aliviando-agua-por-encima-de-las-compuertas-fotos-y-video-de-nacho-martin-almansa","status":"publish","type":"post","link":"https:\/\/blogs.diariosur.es\/tormentas-y-rayos\/2025\/05\/16\/embalse-de-la-concepcion-al-100-aliviando-agua-por-encima-de-las-compuertas-fotos-y-video-de-nacho-martin-almansa\/","title":{"rendered":"Embalse de la Concepci\u00f3n al 100%, aliviando agua por encima de las compuertas. Fotos y video de Nacho Mart\u00edn Almansa"},"content":{"rendered":"<p><a href=\"https:\/\/static-blogs.diariosur.es\/wp-content\/uploads\/sites\/12\/2025\/05\/474591997_10231480374091459_5977821584942016476_n.jpg\"><img loading=\"lazy\" class=\"aligncenter size-thumbnail wp-image-44655\" src=\"https:\/\/static-blogs.diariosur.es\/wp-content\/uploads\/sites\/12\/2025\/05\/474591997_10231480374091459_5977821584942016476_n-150x150.jpg\" alt=\"\" width=\"150\" height=\"150\" srcset=\"https:\/\/static-blogs.diariosur.es\/wp-content\/uploads\/sites\/12\/2025\/05\/474591997_10231480374091459_5977821584942016476_n-150x150.jpg 150w, https:\/\/static-blogs.diariosur.es\/wp-content\/uploads\/sites\/12\/2025\/05\/474591997_10231480374091459_5977821584942016476_n-400x400.jpg 400w, https:\/\/static-blogs.diariosur.es\/wp-content\/uploads\/sites\/12\/2025\/05\/474591997_10231480374091459_5977821584942016476_n-408x408.jpg 408w, https:\/\/static-blogs.diariosur.es\/wp-content\/uploads\/sites\/12\/2025\/05\/474591997_10231480374091459_5977821584942016476_n-768x768.jpg 768w, https:\/\/static-blogs.diariosur.es\/wp-content\/uploads\/sites\/12\/2025\/05\/474591997_10231480374091459_5977821584942016476_n.jpg 1000w\" sizes=\"(max-width: 150px) 100vw, 150px\" \/><\/a><\/p>\n<p data-pm-slice=\"1 1 []\">Buenos d\u00edas, amigos de la meteo. Os dejo con mi amigo Nacho.<\/p>\n<p>As\u00ed se encuentra el embalse de la Concepci\u00f3n. Marbella-Ist\u00e1n, 15 de mayo. Rebosando por encima de las compuertas al 100%, gracias al gran trabajo de los t\u00e9cnicos. No ocurr\u00eda esto desde el 2018. Anteriormente, en 2013, 2011 o 2010.<\/p>\n<p>Hace unos d\u00edas se abri\u00f3 el trasvase de los embalses de Guadalmansa y Guadaiza para poner la Concepci\u00f3n a m\u00e1s del 100%. <strong>Esto se realiza para limpiar toda la porquer\u00eda que tiene flotando.\u00a0<\/strong><\/p>\n<p>&nbsp;<\/p>\n<p>&nbsp;<\/p>\n<p>&nbsp;<\/p>\n<p><iframe loading=\"lazy\" title=\"Video de mi amigo Nacho Mart\u00edn Almansa. Embalse de la Concepci\u00f3n 15 de mayo. Al 100% desaguando.\" width=\"500\" height=\"281\" src=\"https:\/\/www.youtube.com\/embed\/ya_n5Kb9BU0?feature=oembed\" frameborder=\"0\" allow=\"accelerometer; autoplay; clipboard-write; encrypted-media; gyroscope; picture-in-picture; web-share\" referrerpolicy=\"strict-origin-when-cross-origin\" allowfullscreen><\/iframe><\/p>\n<p>&nbsp;<\/p>\n<p>&nbsp;<\/p>\n<p><a href=\"https:\/\/static-blogs.diariosur.es\/wp-content\/uploads\/sites\/12\/2025\/05\/1-1-e1747373221166.jpg\"><img loading=\"lazy\" class=\"aligncenter size-full wp-image-44746\" src=\"https:\/\/static-blogs.diariosur.es\/wp-content\/uploads\/sites\/12\/2025\/05\/1-1-e1747373221166.jpg\" alt=\"\" width=\"1000\" height=\"750\" \/><\/a><\/p>\n<p>&nbsp;<\/p>\n<p><a href=\"https:\/\/static-blogs.diariosur.es\/wp-content\/uploads\/sites\/12\/2025\/05\/2-1-e1747373251570.jpg\"><img loading=\"lazy\" class=\"aligncenter size-full wp-image-44747\" src=\"https:\/\/static-blogs.diariosur.es\/wp-content\/uploads\/sites\/12\/2025\/05\/2-1-e1747373251570.jpg\" alt=\"\" width=\"1000\" height=\"750\" \/><\/a><\/p>\n<p>&nbsp;<\/p>\n<p><a href=\"https:\/\/static-blogs.diariosur.es\/wp-content\/uploads\/sites\/12\/2025\/05\/3-e1747373277850.jpg\"><img loading=\"lazy\" class=\"aligncenter size-full wp-image-44748\" src=\"https:\/\/static-blogs.diariosur.es\/wp-content\/uploads\/sites\/12\/2025\/05\/3-e1747373277850.jpg\" alt=\"\" width=\"1000\" height=\"750\" \/><\/a><\/p>\n<p>&nbsp;<\/p>\n<p><a href=\"https:\/\/static-blogs.diariosur.es\/wp-content\/uploads\/sites\/12\/2025\/05\/4-e1747373308647.jpg\"><img loading=\"lazy\" class=\"aligncenter size-full wp-image-44749\" src=\"https:\/\/static-blogs.diariosur.es\/wp-content\/uploads\/sites\/12\/2025\/05\/4-e1747373308647.jpg\" alt=\"\" width=\"1000\" height=\"750\" \/><\/a><\/p>\n<p>&nbsp;<\/p>\n<p><a href=\"https:\/\/static-blogs.diariosur.es\/wp-content\/uploads\/sites\/12\/2025\/05\/5-e1747373338299.jpg\"><img loading=\"lazy\" class=\"aligncenter size-full wp-image-44750\" src=\"https:\/\/static-blogs.diariosur.es\/wp-content\/uploads\/sites\/12\/2025\/05\/5-e1747373338299.jpg\" alt=\"\" width=\"1000\" height=\"750\" \/><\/a><\/p>\n","protected":false},"excerpt":{"rendered":"<p>Buenos d\u00edas, amigos de la meteo. Os dejo con mi amigo Nacho. As\u00ed se encuentra el embalse de la Concepci\u00f3n. Marbella-Ist\u00e1n, 15 de mayo. Rebosando por encima de las compuertas al 100%, gracias al gran trabajo de los t\u00e9cnicos. No ocurr\u00eda esto desde el 2018. Anteriormente, en 2013, 2011 o 2010. Hace unos d\u00edas se [&hellip;]<\/p>\n","protected":false},"author":16,"featured_media":44748,"comment_status":"open","ping_status":"open","sticky":false,"template":"","format":"standard","meta":[],"categories":[2],"tags":[2040,1916,1135,562,1787],"_links":{"self":[{"href":"https:\/\/blogs.diariosur.es\/tormentas-y-rayos\/wp-json\/wp\/v2\/posts\/44745"}],"collection":[{"href":"https:\/\/blogs.diariosur.es\/tormentas-y-rayos\/wp-json\/wp\/v2\/posts"}],"about":[{"href":"https:\/\/blogs.diariosur.es\/tormentas-y-rayos\/wp-json\/wp\/v2\/types\/post"}],"author":[{"embeddable":true,"href":"https:\/\/blogs.diariosur.es\/tormentas-y-rayos\/wp-json\/wp\/v2\/users\/16"}],"replies":[{"embeddable":true,"href":"https:\/\/blogs.diariosur.es\/tormentas-y-rayos\/wp-json\/wp\/v2\/comments?post=44745"}],"version-history":[{"count":3,"href":"https:\/\/blogs.diariosur.es\/tormentas-y-rayos\/wp-json\/wp\/v2\/posts\/44745\/revisions"}],"predecessor-version":[{"id":46620,"href":"https:\/\/blogs.diariosur.es\/tormentas-y-rayos\/wp-json\/wp\/v2\/posts\/44745\/revisions\/46620"}],"wp:featuredmedia":[{"embeddable":true,"href":"https:\/\/blogs.diariosur.es\/tormentas-y-rayos\/wp-json\/wp\/v2\/media\/44748"}],"wp:attachment":[{"href":"https:\/\/blogs.diariosur.es\/tormentas-y-rayos\/wp-json\/wp\/v2\/media?parent=44745"}],"wp:term":[{"taxonomy":"category","embeddable":true,"href":"https:\/\/blogs.diariosur.es\/tormentas-y-rayos\/wp-json\/wp\/v2\/categories?post=44745"},{"taxonomy":"post_tag","embeddable":true,"href":"https:\/\/blogs.diariosur.es\/tormentas-y-rayos\/wp-json\/wp\/v2\/tags?post=44745"}],"curies":[{"name":"wp","href":"https:\/\/api.w.org\/{rel}","templated":true}]}}