{"id":4476,"date":"2012-12-23T16:22:15","date_gmt":"2012-12-23T15:22:15","guid":{"rendered":"http:\/\/blogs.diariosur.es\/tormentas-y-rayos\/?p=4476"},"modified":"2012-12-23T16:22:15","modified_gmt":"2012-12-23T15:22:15","slug":"prediccion-del-tiempo-noche-buena-y-navidad-feliz-navidad-a-todos","status":"publish","type":"post","link":"https:\/\/blogs.diariosur.es\/tormentas-y-rayos\/2012\/12\/23\/prediccion-del-tiempo-noche-buena-y-navidad-feliz-navidad-a-todos\/","title":{"rendered":"Predicci\u00f3n del tiempo Noche Buena y Navidad. Feliz Navidad a todos."},"content":{"rendered":"<p><strong>Buenas tardes amigos de la meteo. <span style=\"color: #ff0000;\">Feliz Navidad<\/span><\/strong><\/p>\n<p><strong> Registro ahora mismo 18 grados, y los cielos est\u00e1n con nubes \u00a0altas y niebla.<\/strong><\/p>\n<p>&nbsp;<\/p>\n<p><a href=\"https:\/\/blogs.diariosur.es\/tormentas-y-rayos\/2012\/12\/23\/prediccion-del-tiempo-noche-buena-y-navidad-feliz-navidad-a-todos\/olympus-digital-camera-997\/\" rel=\"attachment wp-att-4479\"><img loading=\"lazy\" class=\"aligncenter size-full wp-image-4479\" title=\"OLYMPUS DIGITAL CAMERA\" src=\"\/tormentas-y-rayos\/wp-content\/uploads\/sites\/12\/2012\/12\/0071.jpg\" alt=\"\" width=\"670\" height=\"503\" srcset=\"https:\/\/static-blogs.diariosur.es\/wp-content\/uploads\/sites\/12\/2012\/12\/0071.jpg 670w, https:\/\/static-blogs.diariosur.es\/wp-content\/uploads\/sites\/12\/2012\/12\/0071-533x400.jpg 533w\" sizes=\"(max-width: 670px) 100vw, 670px\" \/><\/a><\/p>\n<p>&nbsp;<\/p>\n<p><a href=\"https:\/\/blogs.diariosur.es\/tormentas-y-rayos\/2012\/12\/23\/prediccion-del-tiempo-noche-buena-y-navidad-feliz-navidad-a-todos\/olympus-digital-camera-998\/\" rel=\"attachment wp-att-4480\"><img loading=\"lazy\" class=\"aligncenter size-full wp-image-4480\" title=\"OLYMPUS DIGITAL CAMERA\" src=\"\/tormentas-y-rayos\/wp-content\/uploads\/sites\/12\/2012\/12\/0081.jpg\" alt=\"\" width=\"670\" height=\"503\" srcset=\"https:\/\/static-blogs.diariosur.es\/wp-content\/uploads\/sites\/12\/2012\/12\/0081.jpg 670w, https:\/\/static-blogs.diariosur.es\/wp-content\/uploads\/sites\/12\/2012\/12\/0081-533x400.jpg 533w\" sizes=\"(max-width: 670px) 100vw, 670px\" \/><\/a><\/p>\n<p><strong>\u00a0Como os promet\u00ed, os doy la predicci\u00f3n para el 24 y 25. Pero antes un peque\u00f1o resumen del viernes y del s\u00e1bado, donde las protagonistas fueron las altas temperaturas\u00a0m\u00e1ximas\u00a0en muchos puntos de la\u00a0pen\u00ednsula\u00a0 Donde no levanto la niebla las\u00a0m\u00e1ximas\u00a0no pasaron de los 8 grados. El viernes la m\u00ednima en M\u00e1laga no bajo de los 13 grados, lo mismo paso el s\u00e1bado. En cuanto a las\u00a0m\u00e1ximas\u00a0 destaca los 24 grados que tuvimos el s\u00e1bado, nos quedamos a seis\u00a0d\u00e9cimas\u00a0del record. El viernes la m\u00e1xima fue de 21. LO mas destacado del s\u00e1bado fue, que mientras en la costa soplaba un\u00a0 poco de sur sureste, mezclado mas tarde con noreste, en la zona de Teatinos la calma del viento fue la protagonista. Ayer por la noche estuve en esa zona y no se mov\u00eda ni una pelusa. Os paso unos gr\u00e1ficos del Puerto y de la Zona de Teatinos. Fuente Aemet. Fijaros en el del Centro Meteorol\u00f3gico.<\/strong><\/p>\n<p><a href=\"https:\/\/blogs.diariosur.es\/tormentas-y-rayos\/2012\/12\/23\/prediccion-del-tiempo-noche-buena-y-navidad-feliz-navidad-a-todos\/captura-119\/\" rel=\"attachment wp-att-4477\"><img loading=\"lazy\" class=\"aligncenter size-medium wp-image-4477\" title=\"Captura\" src=\"\/tormentas-y-rayos\/wp-content\/uploads\/sites\/12\/2012\/12\/Captura6.jpg\" alt=\"\" width=\"600\" height=\"273\" srcset=\"https:\/\/static-blogs.diariosur.es\/wp-content\/uploads\/sites\/12\/2012\/12\/Captura6.jpg 718w, https:\/\/static-blogs.diariosur.es\/wp-content\/uploads\/sites\/12\/2012\/12\/Captura6-640x291.jpg 640w\" sizes=\"(max-width: 600px) 100vw, 600px\" \/><\/a><\/p>\n<p>&nbsp;<\/p>\n<p><a href=\"https:\/\/blogs.diariosur.es\/tormentas-y-rayos\/2012\/12\/23\/prediccion-del-tiempo-noche-buena-y-navidad-feliz-navidad-a-todos\/v-3\/\" rel=\"attachment wp-att-4478\"><img loading=\"lazy\" class=\"aligncenter size-medium wp-image-4478\" title=\"v\" src=\"\/tormentas-y-rayos\/wp-content\/uploads\/sites\/12\/2012\/12\/v.jpg\" alt=\"\" width=\"600\" height=\"266\" srcset=\"https:\/\/static-blogs.diariosur.es\/wp-content\/uploads\/sites\/12\/2012\/12\/v.jpg 713w, https:\/\/static-blogs.diariosur.es\/wp-content\/uploads\/sites\/12\/2012\/12\/v-640x285.jpg 640w\" sizes=\"(max-width: 600px) 100vw, 600px\" \/><\/a><\/p>\n<p><strong>A consecuencia del viento que entro de sureste por la tarde noche del s\u00e1bado, entro un poquito de niebla y nubes bajas en la costa. Luego a partir de las diez de la noche se fue\u00a0disipando.<\/strong><\/p>\n<p><span style=\"color: #ff0000;\"><strong>PREDICCI\u00d3N DEL TIEMPO DIA 24 NOCHE BUENA Y DIA 25 NAVIDAD.<\/strong><\/span><\/p>\n<p><strong>Seguimos con la circulaci\u00f3n zonal amigos de la meteo<a href=\"https:\/\/blogs.diariosur.es\/tormentas-y-rayos\/2012\/12\/17\/ya-es-primavera-en-diciembre-circulacion-zonal-impresionantes-olas-en-tenerife-fotos-video\/\">. A LOS QUE\u00a0ENTR\u00c1IS\u00a0POR PRIMERA VEZ EN EL BLOG, \u00a0OS PASO ESTE ENLACE PARA QUE OS\u00a0HAG\u00c1IS\u00a0UNA IDEA DE LO QUE ES UNA CIRCULACI\u00d3N ZONAL, DE PASO\u00a0VER\u00c9IS\u00a0UNAS IMPRESIONANTES OLAS.<\/a><\/strong><\/p>\n<p><strong>A partir del lunes un frente fr\u00edo cruzara la\u00a0pen\u00ednsula, una fuerte borrasca situada cerca de Irlanda mandara un frente que ser\u00e1 el causante de las lluvias y bajadas de temperaturas. Fuente gfs y meteogalicia eumetsat.<\/strong><\/p>\n<p><a href=\"https:\/\/blogs.diariosur.es\/tormentas-y-rayos\/2012\/12\/23\/prediccion-del-tiempo-noche-buena-y-navidad-feliz-navidad-a-todos\/borrasca-24\/\" rel=\"attachment wp-att-4481\"><img loading=\"lazy\" class=\"aligncenter size-full wp-image-4481\" title=\"borrasca\" src=\"\/tormentas-y-rayos\/wp-content\/uploads\/sites\/12\/2012\/12\/borrasca.jpg\" alt=\"\" width=\"698\" height=\"502\" srcset=\"https:\/\/static-blogs.diariosur.es\/wp-content\/uploads\/sites\/12\/2012\/12\/borrasca.jpg 698w, https:\/\/static-blogs.diariosur.es\/wp-content\/uploads\/sites\/12\/2012\/12\/borrasca-556x400.jpg 556w\" sizes=\"(max-width: 698px) 100vw, 698px\" \/><\/a><\/p>\n<p>&nbsp;<\/p>\n<p>&nbsp;<\/p>\n<p><strong>\u00a0Aqui\u00a0pod\u00e9is\u00a0ver las nieblas que afectan ahora mismo al\u00a0mediterr\u00e1neo.<\/strong><\/p>\n<p><a href=\"https:\/\/blogs.diariosur.es\/tormentas-y-rayos\/2012\/12\/23\/prediccion-del-tiempo-noche-buena-y-navidad-feliz-navidad-a-todos\/terr\/\" rel=\"attachment wp-att-4482\"><img loading=\"lazy\" class=\"aligncenter size-medium wp-image-4482\" title=\"terr\" src=\"\/tormentas-y-rayos\/wp-content\/uploads\/sites\/12\/2012\/12\/terr.jpg\" alt=\"\" width=\"554\" height=\"400\" srcset=\"https:\/\/static-blogs.diariosur.es\/wp-content\/uploads\/sites\/12\/2012\/12\/terr.jpg 786w, https:\/\/static-blogs.diariosur.es\/wp-content\/uploads\/sites\/12\/2012\/12\/terr-554x400.jpg 554w, https:\/\/static-blogs.diariosur.es\/wp-content\/uploads\/sites\/12\/2012\/12\/terr-768x554.jpg 768w\" sizes=\"(max-width: 554px) 100vw, 554px\" \/><\/a><\/p>\n<p>&nbsp;<\/p>\n<p>&nbsp;<\/p>\n<p>&nbsp;<\/p>\n<p><strong>Pero lo mas importante de este episodio, ser\u00e1 la bajada de temperaturas en toda la\u00a0pen\u00ednsula.\u00a0 El frente trae una vaguada, que ira entrando a partir del lunes por el oeste de la\u00a0pen\u00ednsula\u00a0 En esta secuencia de mapas de temperaturas a 85o hpa que os pongo a continuaci\u00f3n, se ve claramente la vaguada. Fuente Aemet.<\/strong><\/p>\n<p><a href=\"https:\/\/blogs.diariosur.es\/tormentas-y-rayos\/2012\/12\/23\/prediccion-del-tiempo-noche-buena-y-navidad-feliz-navidad-a-todos\/1-16\/\" rel=\"attachment wp-att-4483\"><img loading=\"lazy\" class=\"aligncenter size-medium wp-image-4483\" title=\"1\" src=\"\/tormentas-y-rayos\/wp-content\/uploads\/sites\/12\/2012\/12\/11.jpg\" alt=\"\" width=\"571\" height=\"400\" srcset=\"https:\/\/static-blogs.diariosur.es\/wp-content\/uploads\/sites\/12\/2012\/12\/11.jpg 760w, https:\/\/static-blogs.diariosur.es\/wp-content\/uploads\/sites\/12\/2012\/12\/11-571x400.jpg 571w\" sizes=\"(max-width: 571px) 100vw, 571px\" \/><\/a><\/p>\n<p><a href=\"https:\/\/blogs.diariosur.es\/tormentas-y-rayos\/2012\/12\/23\/prediccion-del-tiempo-noche-buena-y-navidad-feliz-navidad-a-todos\/2-12\/\" rel=\"attachment wp-att-4484\"><img loading=\"lazy\" class=\"aligncenter size-medium wp-image-4484\" title=\"2-\" src=\"\/tormentas-y-rayos\/wp-content\/uploads\/sites\/12\/2012\/12\/2-.jpg\" alt=\"\" width=\"514\" height=\"400\" srcset=\"https:\/\/static-blogs.diariosur.es\/wp-content\/uploads\/sites\/12\/2012\/12\/2-.jpg 745w, https:\/\/static-blogs.diariosur.es\/wp-content\/uploads\/sites\/12\/2012\/12\/2--515x400.jpg 515w\" sizes=\"(max-width: 514px) 100vw, 514px\" \/><\/a><\/p>\n<p><a href=\"https:\/\/blogs.diariosur.es\/tormentas-y-rayos\/2012\/12\/23\/prediccion-del-tiempo-noche-buena-y-navidad-feliz-navidad-a-todos\/3-15\/\" rel=\"attachment wp-att-4486\"><img loading=\"lazy\" class=\"aligncenter size-medium wp-image-4486\" title=\"3\" src=\"\/tormentas-y-rayos\/wp-content\/uploads\/sites\/12\/2012\/12\/32.jpg\" alt=\"\" width=\"525\" height=\"400\" srcset=\"https:\/\/static-blogs.diariosur.es\/wp-content\/uploads\/sites\/12\/2012\/12\/32.jpg 759w, https:\/\/static-blogs.diariosur.es\/wp-content\/uploads\/sites\/12\/2012\/12\/32-525x400.jpg 525w\" sizes=\"(max-width: 525px) 100vw, 525px\" \/><\/a><\/p>\n<p>&nbsp;<\/p>\n<p>&nbsp;<\/p>\n<p><strong>\u00a0<\/strong><\/p>\n<p><strong>\u00a0<\/strong><\/p>\n<p><strong>El dia 24 seguiremos disfrutando de temperaturas agradables en la provincia malague\u00f1a. \u00a0Pero a partir \u00a0del 25, notaremos una bajada importante en las\u00a0m\u00e1ximas, sobre todo por la tarde noche, \u00a0y hay posibilidad de que se registren algunos chubascos en nuestra provincia. El viento de terral,\u00a0tambi\u00e9n\u00a0sera el protagonista durante el dia 25 y primeras horas del 26, pero poco a poco se ira calmando. Amigo Paco seguro que hasta que termine el a\u00f1o\u00a0podr\u00e1s\u00a0leer en la terraza. Y digo esto, porque hasta final de a\u00f1o las isos a 850 hpa no\u00a0ser\u00e1n\u00a0fr\u00edas.\u00a0<\/strong><\/p>\n<p><span style=\"color: #0000ff;\"><strong>Poco mas que contar amigos, la niebla ahora mismo cuando son las cuatro y cuarto es mas densa, os paso una nueva foto desde la casa. Muchas felicidades, nos vemos el martes o el\u00a0mi\u00e9rcoles\u00a0por la ma\u00f1ana<\/strong><\/span>.<\/p>\n<p><a href=\"https:\/\/blogs.diariosur.es\/tormentas-y-rayos\/2012\/12\/23\/prediccion-del-tiempo-noche-buena-y-navidad-feliz-navidad-a-todos\/olympus-digital-camera-999\/\" rel=\"attachment wp-att-4487\"><img loading=\"lazy\" class=\"aligncenter size-full wp-image-4487\" title=\"OLYMPUS DIGITAL CAMERA\" src=\"\/tormentas-y-rayos\/wp-content\/uploads\/sites\/12\/2012\/12\/025.jpg\" alt=\"\" width=\"670\" height=\"503\" srcset=\"https:\/\/static-blogs.diariosur.es\/wp-content\/uploads\/sites\/12\/2012\/12\/025.jpg 670w, https:\/\/static-blogs.diariosur.es\/wp-content\/uploads\/sites\/12\/2012\/12\/025-533x400.jpg 533w\" sizes=\"(max-width: 670px) 100vw, 670px\" \/><\/a><\/p>\n","protected":false},"excerpt":{"rendered":"<p>Buenas tardes amigos de la meteo. Feliz Navidad Registro ahora mismo 18 grados, y los cielos est\u00e1n con nubes \u00a0altas y niebla. &nbsp; &nbsp; \u00a0Como os promet\u00ed, os doy la predicci\u00f3n para el 24 y 25. Pero antes un peque\u00f1o resumen del viernes y del s\u00e1bado, donde las protagonistas fueron las altas temperaturas\u00a0m\u00e1ximas\u00a0en muchos puntos [&hellip;]<\/p>\n","protected":false},"author":16,"featured_media":4488,"comment_status":"open","ping_status":"closed","sticky":false,"template":"","format":"standard","meta":[],"categories":[2],"tags":[681,705,800,980],"_links":{"self":[{"href":"https:\/\/blogs.diariosur.es\/tormentas-y-rayos\/wp-json\/wp\/v2\/posts\/4476"}],"collection":[{"href":"https:\/\/blogs.diariosur.es\/tormentas-y-rayos\/wp-json\/wp\/v2\/posts"}],"about":[{"href":"https:\/\/blogs.diariosur.es\/tormentas-y-rayos\/wp-json\/wp\/v2\/types\/post"}],"author":[{"embeddable":true,"href":"https:\/\/blogs.diariosur.es\/tormentas-y-rayos\/wp-json\/wp\/v2\/users\/16"}],"replies":[{"embeddable":true,"href":"https:\/\/blogs.diariosur.es\/tormentas-y-rayos\/wp-json\/wp\/v2\/comments?post=4476"}],"version-history":[{"count":0,"href":"https:\/\/blogs.diariosur.es\/tormentas-y-rayos\/wp-json\/wp\/v2\/posts\/4476\/revisions"}],"wp:featuredmedia":[{"embeddable":true,"href":"https:\/\/blogs.diariosur.es\/tormentas-y-rayos\/wp-json\/wp\/v2\/media\/4488"}],"wp:attachment":[{"href":"https:\/\/blogs.diariosur.es\/tormentas-y-rayos\/wp-json\/wp\/v2\/media?parent=4476"}],"wp:term":[{"taxonomy":"category","embeddable":true,"href":"https:\/\/blogs.diariosur.es\/tormentas-y-rayos\/wp-json\/wp\/v2\/categories?post=4476"},{"taxonomy":"post_tag","embeddable":true,"href":"https:\/\/blogs.diariosur.es\/tormentas-y-rayos\/wp-json\/wp\/v2\/tags?post=4476"}],"curies":[{"name":"wp","href":"https:\/\/api.w.org\/{rel}","templated":true}]}}