{"id":44763,"date":"2025-05-19T07:24:00","date_gmt":"2025-05-19T05:24:00","guid":{"rendered":"https:\/\/blogs.diariosur.es\/tormentas-y-rayos\/?p=44763"},"modified":"2025-10-05T11:57:50","modified_gmt":"2025-10-05T09:57:50","slug":"mala-noticia-para-hoy-lunes-en-la-provincia-de-malaga-la-magia-de-sierra-nevada-un-17-de-mayo-video-y-fotos","status":"publish","type":"post","link":"https:\/\/blogs.diariosur.es\/tormentas-y-rayos\/2025\/05\/19\/mala-noticia-para-hoy-lunes-en-la-provincia-de-malaga-la-magia-de-sierra-nevada-un-17-de-mayo-video-y-fotos\/","title":{"rendered":"Mala noticia para hoy lunes en la provincia de M\u00e1laga. La magia del Parque Nacional de Sierra Nevada un 17 de mayo. Video y fotos"},"content":{"rendered":"<p><a href=\"https:\/\/static-blogs.diariosur.es\/wp-content\/uploads\/sites\/12\/2025\/05\/474591997_10231480374091459_5977821584942016476_n.jpg\"><img loading=\"lazy\" class=\"aligncenter size-thumbnail wp-image-44655\" src=\"https:\/\/static-blogs.diariosur.es\/wp-content\/uploads\/sites\/12\/2025\/05\/474591997_10231480374091459_5977821584942016476_n-150x150.jpg\" alt=\"\" width=\"150\" height=\"150\" srcset=\"https:\/\/static-blogs.diariosur.es\/wp-content\/uploads\/sites\/12\/2025\/05\/474591997_10231480374091459_5977821584942016476_n-150x150.jpg 150w, https:\/\/static-blogs.diariosur.es\/wp-content\/uploads\/sites\/12\/2025\/05\/474591997_10231480374091459_5977821584942016476_n-400x400.jpg 400w, https:\/\/static-blogs.diariosur.es\/wp-content\/uploads\/sites\/12\/2025\/05\/474591997_10231480374091459_5977821584942016476_n-408x408.jpg 408w, https:\/\/static-blogs.diariosur.es\/wp-content\/uploads\/sites\/12\/2025\/05\/474591997_10231480374091459_5977821584942016476_n-768x768.jpg 768w, https:\/\/static-blogs.diariosur.es\/wp-content\/uploads\/sites\/12\/2025\/05\/474591997_10231480374091459_5977821584942016476_n.jpg 1000w\" sizes=\"(max-width: 150px) 100vw, 150px\" \/><\/a><\/p>\n<p data-pm-slice=\"1 1 []\">Buenos d\u00edas, amigos de la meteo. Hoy lunes, el poniente y el terral de primavera ser\u00e1n protagonistas en la provincia malague\u00f1a; por la tarde hay probabilidad de rachas fuertes. En las zonas habituales donde entre terral, la temperatura m\u00e1xima rondar\u00e1 entre los <strong>27 y 30\u00b0C.<\/strong><\/p>\n<h3 data-pm-slice=\"1 1 []\"><strong>Mala noticia para hoy lunes en la provincia de M\u00e1laga.<\/strong><\/h3>\n<p><strong>La concentraci\u00f3n de polen de olivo ser\u00e1 extrema en toda la provincia, sobre todo en la costa debido al terral. Tambi\u00e9n est\u00e1 en alza el polen de las chenopodi\u00e1ceas, quercus y llantenes (Plantago). Ma\u00f1ana martes, con el cambio de viento a sur-sureste, bajar\u00e1 un poco la concentraci\u00f3n de polen en la costa.<\/strong><\/p>\n<h3><strong>La magia de Sierra Nevada un 17 de mayo. Video y fotos<\/strong><\/h3>\n<p>Antes de poner el reportaje, quiero agradecer a mi amigo Antonio Jes\u00fas Galiano por mandarme el video y las fotos. Tambi\u00e9n son protagonistas sus amigos Juan M\u00e1rquez Rubiales y Mariano Berlanga; todos son expertos en monta\u00f1ismo.<\/p>\n<p>Quedan trece d\u00edas para que comience el verano meteorol\u00f3gico; ver estas estampas carga las pilas.<\/p>\n<p>&nbsp;<\/p>\n<p>&nbsp;<\/p>\n<p>&nbsp;<\/p>\n<p><iframe loading=\"lazy\" title=\"Corredor norte del veleta 17\/05\/2025\" width=\"500\" height=\"281\" src=\"https:\/\/www.youtube.com\/embed\/BlTiSn8e5pQ?feature=oembed\" frameborder=\"0\" allow=\"accelerometer; autoplay; clipboard-write; encrypted-media; gyroscope; picture-in-picture; web-share\" referrerpolicy=\"strict-origin-when-cross-origin\" allowfullscreen><\/iframe><\/p>\n<p>&nbsp;<\/p>\n<p><a href=\"https:\/\/static-blogs.diariosur.es\/wp-content\/uploads\/sites\/12\/2025\/05\/492801161_10232765521899351_3497912123333840950_n-e1747586617441.jpg\"><img loading=\"lazy\" class=\"aligncenter size-full wp-image-44768\" src=\"https:\/\/static-blogs.diariosur.es\/wp-content\/uploads\/sites\/12\/2025\/05\/492801161_10232765521899351_3497912123333840950_n-e1747586617441.jpg\" alt=\"\" width=\"900\" height=\"1200\" \/><\/a><\/p>\n<p>&nbsp;<\/p>\n<p><a href=\"https:\/\/static-blogs.diariosur.es\/wp-content\/uploads\/sites\/12\/2025\/05\/493693806_10232765521219334_5864951439177827371_n-e1747586651302.jpg\"><img loading=\"lazy\" class=\"aligncenter size-full wp-image-44769\" src=\"https:\/\/static-blogs.diariosur.es\/wp-content\/uploads\/sites\/12\/2025\/05\/493693806_10232765521219334_5864951439177827371_n-e1747586651302.jpg\" alt=\"\" width=\"1000\" height=\"750\" \/><\/a><\/p>\n<p>&nbsp;<\/p>\n<p><a href=\"https:\/\/static-blogs.diariosur.es\/wp-content\/uploads\/sites\/12\/2025\/05\/497949602_10232765522419364_3446077364218117447_n-e1747586680251.jpg\"><img loading=\"lazy\" class=\"aligncenter size-full wp-image-44770\" src=\"https:\/\/static-blogs.diariosur.es\/wp-content\/uploads\/sites\/12\/2025\/05\/497949602_10232765522419364_3446077364218117447_n-e1747586680251.jpg\" alt=\"\" width=\"1200\" height=\"904\" \/><\/a><\/p>\n<p>&nbsp;<\/p>\n<p><a href=\"https:\/\/static-blogs.diariosur.es\/wp-content\/uploads\/sites\/12\/2025\/05\/498681043_10232765518499266_7226946157298267983_n-e1747586707447.jpg\"><img loading=\"lazy\" class=\"aligncenter size-full wp-image-44771\" src=\"https:\/\/static-blogs.diariosur.es\/wp-content\/uploads\/sites\/12\/2025\/05\/498681043_10232765518499266_7226946157298267983_n-e1747586707447.jpg\" alt=\"\" width=\"600\" height=\"1067\" \/><\/a><\/p>\n<p>&nbsp;<\/p>\n<p><a href=\"https:\/\/static-blogs.diariosur.es\/wp-content\/uploads\/sites\/12\/2025\/05\/499551115_10232765524699421_788006671236475313_n-e1747586738461.jpg\"><img loading=\"lazy\" class=\"aligncenter size-full wp-image-44772\" src=\"https:\/\/static-blogs.diariosur.es\/wp-content\/uploads\/sites\/12\/2025\/05\/499551115_10232765524699421_788006671236475313_n-e1747586738461.jpg\" alt=\"\" width=\"1200\" height=\"904\" \/><\/a><\/p>\n<p>&nbsp;<\/p>\n<p><a href=\"https:\/\/static-blogs.diariosur.es\/wp-content\/uploads\/sites\/12\/2025\/05\/499891909_10232765523699396_8843630895869300165_n-e1747586769171.jpg\"><img loading=\"lazy\" class=\"aligncenter size-full wp-image-44773\" src=\"https:\/\/static-blogs.diariosur.es\/wp-content\/uploads\/sites\/12\/2025\/05\/499891909_10232765523699396_8843630895869300165_n-e1747586769171.jpg\" alt=\"\" width=\"1200\" height=\"904\" \/><\/a><\/p>\n<p>&nbsp;<\/p>\n<p><a href=\"https:\/\/static-blogs.diariosur.es\/wp-content\/uploads\/sites\/12\/2025\/05\/499899876_10232765524219409_7767405971480198069_n-e1747586797982.jpg\"><img loading=\"lazy\" class=\"aligncenter size-full wp-image-44774\" src=\"https:\/\/static-blogs.diariosur.es\/wp-content\/uploads\/sites\/12\/2025\/05\/499899876_10232765524219409_7767405971480198069_n-e1747586797982.jpg\" alt=\"\" width=\"1200\" height=\"904\" \/><\/a><\/p>\n<p>&nbsp;<\/p>\n<p>Muchas gracias Toni, por mandarme el video y las fotos. Cuando este m\u00e1s en forma me apuntare. Foto de archivo en el Torrecilla, Sierra de las Nieves<\/p>\n<p>&nbsp;<\/p>\n<p><a href=\"https:\/\/static-blogs.diariosur.es\/wp-content\/uploads\/sites\/12\/2025\/05\/FB_IMG_1747591953507-e1747592023907.jpg\"><img loading=\"lazy\" class=\"aligncenter size-full wp-image-44779\" src=\"https:\/\/static-blogs.diariosur.es\/wp-content\/uploads\/sites\/12\/2025\/05\/FB_IMG_1747591953507-e1747592023907.jpg\" alt=\"\" width=\"1000\" height=\"750\" \/><\/a><\/p>\n","protected":false},"excerpt":{"rendered":"<p>Buenos d\u00edas, amigos de la meteo. Hoy lunes, el poniente y el terral de primavera ser\u00e1n protagonistas en la provincia malague\u00f1a; por la tarde hay probabilidad de rachas fuertes. En las zonas habituales donde entre terral, la temperatura m\u00e1xima rondar\u00e1 entre los 27 y 30\u00b0C. Mala noticia para hoy lunes en la provincia de M\u00e1laga. [&hellip;]<\/p>\n","protected":false},"author":16,"featured_media":44769,"comment_status":"open","ping_status":"open","sticky":false,"template":"","format":"standard","meta":[],"categories":[2],"tags":[62,628,689,701,913,975],"_links":{"self":[{"href":"https:\/\/blogs.diariosur.es\/tormentas-y-rayos\/wp-json\/wp\/v2\/posts\/44763"}],"collection":[{"href":"https:\/\/blogs.diariosur.es\/tormentas-y-rayos\/wp-json\/wp\/v2\/posts"}],"about":[{"href":"https:\/\/blogs.diariosur.es\/tormentas-y-rayos\/wp-json\/wp\/v2\/types\/post"}],"author":[{"embeddable":true,"href":"https:\/\/blogs.diariosur.es\/tormentas-y-rayos\/wp-json\/wp\/v2\/users\/16"}],"replies":[{"embeddable":true,"href":"https:\/\/blogs.diariosur.es\/tormentas-y-rayos\/wp-json\/wp\/v2\/comments?post=44763"}],"version-history":[{"count":17,"href":"https:\/\/blogs.diariosur.es\/tormentas-y-rayos\/wp-json\/wp\/v2\/posts\/44763\/revisions"}],"predecessor-version":[{"id":46618,"href":"https:\/\/blogs.diariosur.es\/tormentas-y-rayos\/wp-json\/wp\/v2\/posts\/44763\/revisions\/46618"}],"wp:featuredmedia":[{"embeddable":true,"href":"https:\/\/blogs.diariosur.es\/tormentas-y-rayos\/wp-json\/wp\/v2\/media\/44769"}],"wp:attachment":[{"href":"https:\/\/blogs.diariosur.es\/tormentas-y-rayos\/wp-json\/wp\/v2\/media?parent=44763"}],"wp:term":[{"taxonomy":"category","embeddable":true,"href":"https:\/\/blogs.diariosur.es\/tormentas-y-rayos\/wp-json\/wp\/v2\/categories?post=44763"},{"taxonomy":"post_tag","embeddable":true,"href":"https:\/\/blogs.diariosur.es\/tormentas-y-rayos\/wp-json\/wp\/v2\/tags?post=44763"}],"curies":[{"name":"wp","href":"https:\/\/api.w.org\/{rel}","templated":true}]}}