{"id":44814,"date":"2025-05-21T08:50:11","date_gmt":"2025-05-21T06:50:11","guid":{"rendered":"https:\/\/blogs.diariosur.es\/tormentas-y-rayos\/?p=44814"},"modified":"2025-10-05T11:53:05","modified_gmt":"2025-10-05T09:53:05","slug":"primavera-loca-loca-el-jueves-y-viernes-en-la-provincia-malaguena-y-andalucia-oriental-que-pasara","status":"publish","type":"post","link":"https:\/\/blogs.diariosur.es\/tormentas-y-rayos\/2025\/05\/21\/primavera-loca-loca-el-jueves-y-viernes-en-la-provincia-malaguena-y-andalucia-oriental-que-pasara\/","title":{"rendered":"Primavera, loca, loca, el jueves y viernes en la provincia malague\u00f1a y Andaluc\u00eda oriental. \u00bfQu\u00e9 pasar\u00e1?"},"content":{"rendered":"<p><a href=\"https:\/\/static-blogs.diariosur.es\/wp-content\/uploads\/sites\/12\/2025\/05\/474591997_10231480374091459_5977821584942016476_n.jpg\"><img loading=\"lazy\" class=\"aligncenter size-thumbnail wp-image-44655\" src=\"https:\/\/static-blogs.diariosur.es\/wp-content\/uploads\/sites\/12\/2025\/05\/474591997_10231480374091459_5977821584942016476_n-150x150.jpg\" alt=\"\" width=\"150\" height=\"150\" srcset=\"https:\/\/static-blogs.diariosur.es\/wp-content\/uploads\/sites\/12\/2025\/05\/474591997_10231480374091459_5977821584942016476_n-150x150.jpg 150w, https:\/\/static-blogs.diariosur.es\/wp-content\/uploads\/sites\/12\/2025\/05\/474591997_10231480374091459_5977821584942016476_n-400x400.jpg 400w, https:\/\/static-blogs.diariosur.es\/wp-content\/uploads\/sites\/12\/2025\/05\/474591997_10231480374091459_5977821584942016476_n-408x408.jpg 408w, https:\/\/static-blogs.diariosur.es\/wp-content\/uploads\/sites\/12\/2025\/05\/474591997_10231480374091459_5977821584942016476_n-768x768.jpg 768w, https:\/\/static-blogs.diariosur.es\/wp-content\/uploads\/sites\/12\/2025\/05\/474591997_10231480374091459_5977821584942016476_n.jpg 1000w\" sizes=\"(max-width: 150px) 100vw, 150px\" \/><\/a><\/p>\n<p data-pm-slice=\"1 1 []\">Buenos d\u00edas, amigos de la meteo. Seguimos con la primavera loca, loca, loca. Ma\u00f1ana jueves el terral ser\u00e1 protagonista <strong>en algunos puntos<\/strong> de la provincia malague\u00f1a; las m\u00e1ximas rondar\u00e1n entre los<strong> 28\u00b0C y 34 \u00b0C<\/strong>. La zona donde har\u00e1 m\u00e1s calor ser\u00e1 el Valle del Guadalhorce. Tambi\u00e9n se esperan temperaturas altas en las comarcas de Ronda y Antequera, entre los <strong>27 y 30 \u00baC.<\/strong><\/p>\n<p>En M\u00e1laga capital, las m\u00e1ximas m\u00e1s altas se dar\u00e1n en Campanillas, Aeropuerto y Centro Meteorol\u00f3gico; rondar\u00e1n entre los <strong>29 \u00baC y 32 \u00baC<\/strong><strong>;<\/strong> en otras zonas de M\u00e1laga capital cercanas al mar, entre los <strong>25 \u00baC y\u00a027 \u00baC.\u00a0 <\/strong>El terral ir\u00e1 por barrios.<\/p>\n<h3><strong>Viernes 23<\/strong><\/h3>\n<p>El viernes nos afectar\u00e1 una vaguada que puede dejar chubascos en algunos puntos de la provincia malague\u00f1a, sobre todo por el interior. En la capital no los espero.<\/p>\n<p>En lo que respecta a las temperaturas m\u00e1ximas en la provincia de M\u00e1laga, bajar\u00e1n notablemente en comparaci\u00f3n con las del jueves, en algunas zonas hasta 7 \u00baC.<\/p>\n<p><strong>En zonas de las provincias de Granada, Ja\u00e9n y Almer\u00eda pueden ser fuertes y acompa\u00f1ados de granizo; probables avisos por lluvias y tormentas en estas zonas. Precauci\u00f3n si vais por carretera.<\/strong><\/p>\n<p>Reedito: Se activan avisos por lluvias y tormentas para ma\u00f1ana viernes\u00a0en las provincias de Almer\u00eda, Granada y Ja\u00e9n.<\/p>\n<p>Os paso las temperaturas m\u00e1ximas y m\u00ednimas que prev\u00e9 la Aemet el viernes en la provincia de M\u00e1laga.<\/p>\n<p>&nbsp;<\/p>\n<p><a href=\"https:\/\/static-blogs.diariosur.es\/wp-content\/uploads\/sites\/12\/2025\/05\/viernes-1.jpg\"><img loading=\"lazy\" class=\"aligncenter size-full wp-image-44836\" src=\"https:\/\/static-blogs.diariosur.es\/wp-content\/uploads\/sites\/12\/2025\/05\/viernes-1.jpg\" alt=\"\" width=\"1041\" height=\"820\" srcset=\"https:\/\/static-blogs.diariosur.es\/wp-content\/uploads\/sites\/12\/2025\/05\/viernes-1.jpg 1041w, https:\/\/static-blogs.diariosur.es\/wp-content\/uploads\/sites\/12\/2025\/05\/viernes-1-508x400.jpg 508w, https:\/\/static-blogs.diariosur.es\/wp-content\/uploads\/sites\/12\/2025\/05\/viernes-1-518x408.jpg 518w, https:\/\/static-blogs.diariosur.es\/wp-content\/uploads\/sites\/12\/2025\/05\/viernes-1-768x605.jpg 768w\" sizes=\"(max-width: 1041px) 100vw, 1041px\" \/><\/a><\/p>\n<p>&nbsp;<\/p>\n<p>La previsi\u00f3n del fin de semana la dar\u00e9 m\u00e1s tarde. Os dejo con esta doble foto de mi amigo Crist\u00f3bal <span class=\"error misspelling\" title=\"Se ha encontrado un posible error ortogr\u00e1fico.\" data-type=\"misspelling\" data-suggestions=\"[{&quot;value&quot;:&quot;Tambero&quot;},{&quot;value&quot;:&quot;Gamero&quot;},{&quot;value&quot;:&quot;Cambero&quot;},{&quot;value&quot;:&quot;Gamberro&quot;},{&quot;value&quot;:&quot;Gambeto&quot;}]\" data-rule=\"MORFOLOGIK_RULE_ES\" data-word=\"Gambero\">Gambero<\/span>, que representa lo que pasara el jueves y viernes.<\/p>\n<p>&nbsp;<\/p>\n<p>&nbsp;<\/p>\n<p><a href=\"https:\/\/static-blogs.diariosur.es\/wp-content\/uploads\/sites\/12\/2025\/05\/493585505_9549438735105035_5493606007543766603_n-horz.jpg\"><img loading=\"lazy\" class=\"aligncenter size-full wp-image-44826\" src=\"https:\/\/static-blogs.diariosur.es\/wp-content\/uploads\/sites\/12\/2025\/05\/493585505_9549438735105035_5493606007543766603_n-horz.jpg\" alt=\"\" width=\"1200\" height=\"338\" srcset=\"https:\/\/static-blogs.diariosur.es\/wp-content\/uploads\/sites\/12\/2025\/05\/493585505_9549438735105035_5493606007543766603_n-horz.jpg 1200w, https:\/\/static-blogs.diariosur.es\/wp-content\/uploads\/sites\/12\/2025\/05\/493585505_9549438735105035_5493606007543766603_n-horz-640x180.jpg 640w, https:\/\/static-blogs.diariosur.es\/wp-content\/uploads\/sites\/12\/2025\/05\/493585505_9549438735105035_5493606007543766603_n-horz-960x270.jpg 960w, https:\/\/static-blogs.diariosur.es\/wp-content\/uploads\/sites\/12\/2025\/05\/493585505_9549438735105035_5493606007543766603_n-horz-768x216.jpg 768w\" sizes=\"(max-width: 1200px) 100vw, 1200px\" \/><\/a><\/p>\n","protected":false},"excerpt":{"rendered":"<p>Buenos d\u00edas, amigos de la meteo. Seguimos con la primavera loca, loca, loca. Ma\u00f1ana jueves el terral ser\u00e1 protagonista en algunos puntos de la provincia malague\u00f1a; las m\u00e1ximas rondar\u00e1n entre los 28\u00b0C y 34 \u00b0C. La zona donde har\u00e1 m\u00e1s calor ser\u00e1 el Valle del Guadalhorce. Tambi\u00e9n se esperan temperaturas altas en las comarcas de [&hellip;]<\/p>\n","protected":false},"author":16,"featured_media":44826,"comment_status":"open","ping_status":"open","sticky":false,"template":"","format":"standard","meta":[],"categories":[2],"tags":[100,151,212,358,432,569,587,800,975,996],"_links":{"self":[{"href":"https:\/\/blogs.diariosur.es\/tormentas-y-rayos\/wp-json\/wp\/v2\/posts\/44814"}],"collection":[{"href":"https:\/\/blogs.diariosur.es\/tormentas-y-rayos\/wp-json\/wp\/v2\/posts"}],"about":[{"href":"https:\/\/blogs.diariosur.es\/tormentas-y-rayos\/wp-json\/wp\/v2\/types\/post"}],"author":[{"embeddable":true,"href":"https:\/\/blogs.diariosur.es\/tormentas-y-rayos\/wp-json\/wp\/v2\/users\/16"}],"replies":[{"embeddable":true,"href":"https:\/\/blogs.diariosur.es\/tormentas-y-rayos\/wp-json\/wp\/v2\/comments?post=44814"}],"version-history":[{"count":24,"href":"https:\/\/blogs.diariosur.es\/tormentas-y-rayos\/wp-json\/wp\/v2\/posts\/44814\/revisions"}],"predecessor-version":[{"id":46615,"href":"https:\/\/blogs.diariosur.es\/tormentas-y-rayos\/wp-json\/wp\/v2\/posts\/44814\/revisions\/46615"}],"wp:featuredmedia":[{"embeddable":true,"href":"https:\/\/blogs.diariosur.es\/tormentas-y-rayos\/wp-json\/wp\/v2\/media\/44826"}],"wp:attachment":[{"href":"https:\/\/blogs.diariosur.es\/tormentas-y-rayos\/wp-json\/wp\/v2\/media?parent=44814"}],"wp:term":[{"taxonomy":"category","embeddable":true,"href":"https:\/\/blogs.diariosur.es\/tormentas-y-rayos\/wp-json\/wp\/v2\/categories?post=44814"},{"taxonomy":"post_tag","embeddable":true,"href":"https:\/\/blogs.diariosur.es\/tormentas-y-rayos\/wp-json\/wp\/v2\/tags?post=44814"}],"curies":[{"name":"wp","href":"https:\/\/api.w.org\/{rel}","templated":true}]}}