{"id":44844,"date":"2025-05-22T19:57:34","date_gmt":"2025-05-22T17:57:34","guid":{"rendered":"https:\/\/blogs.diariosur.es\/tormentas-y-rayos\/?p=44844"},"modified":"2025-10-05T11:51:42","modified_gmt":"2025-10-05T09:51:42","slug":"el-terral-ha-ido-por-barrios-en-malaga-capital-temperaturas-maximas-en-la-provincia-de-malaga","status":"publish","type":"post","link":"https:\/\/blogs.diariosur.es\/tormentas-y-rayos\/2025\/05\/22\/el-terral-ha-ido-por-barrios-en-malaga-capital-temperaturas-maximas-en-la-provincia-de-malaga\/","title":{"rendered":"El terral ha ido por barrios en M\u00e1laga capital. Temperaturas m\u00e1ximas en la provincia de M\u00e1laga"},"content":{"rendered":"<p><a href=\"https:\/\/static-blogs.diariosur.es\/wp-content\/uploads\/sites\/12\/2025\/05\/474591997_10231480374091459_5977821584942016476_n.jpg\"><img loading=\"lazy\" class=\"aligncenter size-thumbnail wp-image-44655\" src=\"https:\/\/static-blogs.diariosur.es\/wp-content\/uploads\/sites\/12\/2025\/05\/474591997_10231480374091459_5977821584942016476_n-150x150.jpg\" alt=\"\" width=\"150\" height=\"150\" srcset=\"https:\/\/static-blogs.diariosur.es\/wp-content\/uploads\/sites\/12\/2025\/05\/474591997_10231480374091459_5977821584942016476_n-150x150.jpg 150w, https:\/\/static-blogs.diariosur.es\/wp-content\/uploads\/sites\/12\/2025\/05\/474591997_10231480374091459_5977821584942016476_n-400x400.jpg 400w, https:\/\/static-blogs.diariosur.es\/wp-content\/uploads\/sites\/12\/2025\/05\/474591997_10231480374091459_5977821584942016476_n-408x408.jpg 408w, https:\/\/static-blogs.diariosur.es\/wp-content\/uploads\/sites\/12\/2025\/05\/474591997_10231480374091459_5977821584942016476_n-768x768.jpg 768w, https:\/\/static-blogs.diariosur.es\/wp-content\/uploads\/sites\/12\/2025\/05\/474591997_10231480374091459_5977821584942016476_n.jpg 1000w\" sizes=\"(max-width: 150px) 100vw, 150px\" \/><\/a><\/p>\n<p data-pm-slice=\"1 1 []\">Buenas tardes noches, amigos de la meteo. Se cumplen las predicciones que daba ayer y el terral ha ido por barrios en la <strong>capital malague\u00f1a<\/strong>. Sobre la una de la tarde fui en el coche a Campanillas Maqueda y zona norte del aeropuerto, concretamente al mirador. Donde m\u00e1s calor hac\u00eda y el viento era caliente era en Campanillas; en esa zona al final han llegado a los 34 \u00baC; la estaci\u00f3n del Aeropuerto de M\u00e1laga, 32,7 \u00baC. En cambio, en zonas de M\u00e1laga capital cercanas al mar han rondado los 24 y 25 \u00baC; en la zona de Teatinos, los 27 \u00baC. Entre la estaci\u00f3n del aeropuerto y el puerto, siete grados de diferencia.<\/p>\n<p>Os paso algunas temperaturas m\u00e1ximas registradas hoy jueves 22 de mayo en la provincia malague\u00f1a. Fuentes: Aemet, Meteoclimatic y Wunderground.<\/p>\n<p>Cortes de la Frontera 31,3 \u00b0C<\/p>\n<p>Gauc\u00edn 29 \u00baC<\/p>\n<p>Alpadeire 31,2 \u00baC<\/p>\n<p>Estepona\u00a030,9 \u00b0C<\/p>\n<p>Alhaur\u00edn de la Torre 31,4 \u00b0C<\/p>\n<p>Alhaur\u00edn el Grande 31,3 \u00b0C<\/p>\n<p>Alameda 31,8 \u00baC<\/p>\n<p>Torremolinos 29,7 \u00b0C<\/p>\n<p>\u00c1lora 34,7 \u00b0C, m\u00e1xima de la provincia malague\u00f1a, fuente AEMET.<\/p>\n<p>Pizarra 34,4 \u00b0C<\/p>\n<p>C\u00e1rtama 34,4<\/p>\n<p>Archidona Vega 30,7 \u00baC<\/p>\n<p>Antequera\u00a030,3 \u00baC<\/p>\n<p>El Colmenar las Buitreras 32,8 \u00baC<\/p>\n<p>Mujas Pueblo 28,6 \u00baC<\/p>\n<p>Tolox\u00a034,6 \u00baC<\/p>\n<p>Ojen 33,9 \u00baC<\/p>\n<p>Ronda 29 \u00b0C<\/p>\n<p>Benahav\u00eds 29,8<\/p>\n<p>Churriana\u00a032 \u00b0C<\/p>\n<p>Almachar 29,7 \u00b0C<\/p>\n<p>V\u00e9lez M\u00e1laga\u00a028,6 \u00b0C<\/p>\n<p>Villanueva del Rosario 29,8 \u00b0C<\/p>\n<p>Recordaros que ma\u00f1ana viernes bajan las temperaturas,\u00a0en algunos puntos, compar\u00e1ndolo con hoy, entre siete y nueve grados menos. Hay probabilidad de chubascos por el interior.<\/p>\n<p>&nbsp;<\/p>\n<p>&nbsp;<\/p>\n<p>&nbsp;<\/p>\n","protected":false},"excerpt":{"rendered":"<p>Buenas tardes noches, amigos de la meteo. Se cumplen las predicciones que daba ayer y el terral ha ido por barrios en la capital malague\u00f1a. Sobre la una de la tarde fui en el coche a Campanillas Maqueda y zona norte del aeropuerto, concretamente al mirador. Donde m\u00e1s calor hac\u00eda y el viento era caliente [&hellip;]<\/p>\n","protected":false},"author":16,"featured_media":44860,"comment_status":"open","ping_status":"open","sticky":false,"template":"","format":"standard","meta":[],"categories":[2],"tags":[],"_links":{"self":[{"href":"https:\/\/blogs.diariosur.es\/tormentas-y-rayos\/wp-json\/wp\/v2\/posts\/44844"}],"collection":[{"href":"https:\/\/blogs.diariosur.es\/tormentas-y-rayos\/wp-json\/wp\/v2\/posts"}],"about":[{"href":"https:\/\/blogs.diariosur.es\/tormentas-y-rayos\/wp-json\/wp\/v2\/types\/post"}],"author":[{"embeddable":true,"href":"https:\/\/blogs.diariosur.es\/tormentas-y-rayos\/wp-json\/wp\/v2\/users\/16"}],"replies":[{"embeddable":true,"href":"https:\/\/blogs.diariosur.es\/tormentas-y-rayos\/wp-json\/wp\/v2\/comments?post=44844"}],"version-history":[{"count":22,"href":"https:\/\/blogs.diariosur.es\/tormentas-y-rayos\/wp-json\/wp\/v2\/posts\/44844\/revisions"}],"predecessor-version":[{"id":46614,"href":"https:\/\/blogs.diariosur.es\/tormentas-y-rayos\/wp-json\/wp\/v2\/posts\/44844\/revisions\/46614"}],"wp:featuredmedia":[{"embeddable":true,"href":"https:\/\/blogs.diariosur.es\/tormentas-y-rayos\/wp-json\/wp\/v2\/media\/44860"}],"wp:attachment":[{"href":"https:\/\/blogs.diariosur.es\/tormentas-y-rayos\/wp-json\/wp\/v2\/media?parent=44844"}],"wp:term":[{"taxonomy":"category","embeddable":true,"href":"https:\/\/blogs.diariosur.es\/tormentas-y-rayos\/wp-json\/wp\/v2\/categories?post=44844"},{"taxonomy":"post_tag","embeddable":true,"href":"https:\/\/blogs.diariosur.es\/tormentas-y-rayos\/wp-json\/wp\/v2\/tags?post=44844"}],"curies":[{"name":"wp","href":"https:\/\/api.w.org\/{rel}","templated":true}]}}