{"id":44867,"date":"2025-05-23T07:24:28","date_gmt":"2025-05-23T05:24:28","guid":{"rendered":"https:\/\/blogs.diariosur.es\/tormentas-y-rayos\/?p=44867"},"modified":"2025-10-05T11:49:38","modified_gmt":"2025-10-05T09:49:38","slug":"que-tiempo-hara-en-las-comuniones-y-playas-el-fin-de-semana-en-la-provincia-de-malaga","status":"publish","type":"post","link":"https:\/\/blogs.diariosur.es\/tormentas-y-rayos\/2025\/05\/23\/que-tiempo-hara-en-las-comuniones-y-playas-el-fin-de-semana-en-la-provincia-de-malaga\/","title":{"rendered":"\u00bfQu\u00e9 tiempo har\u00e1 en las comuniones y playas el fin de semana en la provincia de M\u00e1laga?"},"content":{"rendered":"<p><a href=\"https:\/\/static-blogs.diariosur.es\/wp-content\/uploads\/sites\/12\/2025\/05\/474591997_10231480374091459_5977821584942016476_n.jpg\"><img loading=\"lazy\" class=\"aligncenter size-thumbnail wp-image-44655\" src=\"https:\/\/static-blogs.diariosur.es\/wp-content\/uploads\/sites\/12\/2025\/05\/474591997_10231480374091459_5977821584942016476_n-150x150.jpg\" alt=\"\" width=\"150\" height=\"150\" srcset=\"https:\/\/static-blogs.diariosur.es\/wp-content\/uploads\/sites\/12\/2025\/05\/474591997_10231480374091459_5977821584942016476_n-150x150.jpg 150w, https:\/\/static-blogs.diariosur.es\/wp-content\/uploads\/sites\/12\/2025\/05\/474591997_10231480374091459_5977821584942016476_n-400x400.jpg 400w, https:\/\/static-blogs.diariosur.es\/wp-content\/uploads\/sites\/12\/2025\/05\/474591997_10231480374091459_5977821584942016476_n-408x408.jpg 408w, https:\/\/static-blogs.diariosur.es\/wp-content\/uploads\/sites\/12\/2025\/05\/474591997_10231480374091459_5977821584942016476_n-768x768.jpg 768w, https:\/\/static-blogs.diariosur.es\/wp-content\/uploads\/sites\/12\/2025\/05\/474591997_10231480374091459_5977821584942016476_n.jpg 1000w\" sizes=\"(max-width: 150px) 100vw, 150px\" \/><\/a><\/p>\n<p data-pm-slice=\"1 1 []\">Buenos d\u00edas, amigos de la meteo. Cuando son las siete menos cuarto de la ma\u00f1ana en M\u00e1laga capital, los cielos est\u00e1n nubosos debido al viento de levante; la temperatura en estos momentos en la estaci\u00f3n de la AEMET del Centro Meteorol\u00f3gico es de 20,2 \u00b0C.<\/p>\n<p>Recordar que hoy viernes las provincias de Granada, Ja\u00e9n, Almer\u00eda, C\u00f3rdoba y Sevilla est\u00e1n en aviso amarillo por tormentas.<\/p>\n<p>En la provincia malague\u00f1a tambi\u00e9n hay probabilidad de algunos chubascos tormentosos por el interior a primeras horas de la tarde.<\/p>\n<h3><strong>\u00bfQu\u00e9 tiempo har\u00e1 en las comuniones y playas el fin de semana en la provincia de M\u00e1laga?<\/strong><\/h3>\n<p>Tanto el s\u00e1bado como el domingo, la probabilidad de precipitaciones es muy baja. No espero rachas fuertes de viento en toda la provincia. El d\u00eda de m\u00e1s calor ser\u00e1 el domingo.<\/p>\n<p>Os pongo las temperaturas m\u00e1ximas y m\u00ednimas que prev\u00e9 la AEMET.<\/p>\n<p>&nbsp;<\/p>\n<h3><strong>S\u00e1bado 24\u00a0<\/strong><\/h3>\n<p>&nbsp;<\/p>\n<p><a href=\"https:\/\/static-blogs.diariosur.es\/wp-content\/uploads\/sites\/12\/2025\/05\/sabado-2.jpg\"><img loading=\"lazy\" class=\"aligncenter size-full wp-image-44873\" src=\"https:\/\/static-blogs.diariosur.es\/wp-content\/uploads\/sites\/12\/2025\/05\/sabado-2.jpg\" alt=\"\" width=\"1044\" height=\"811\" srcset=\"https:\/\/static-blogs.diariosur.es\/wp-content\/uploads\/sites\/12\/2025\/05\/sabado-2.jpg 1044w, https:\/\/static-blogs.diariosur.es\/wp-content\/uploads\/sites\/12\/2025\/05\/sabado-2-515x400.jpg 515w, https:\/\/static-blogs.diariosur.es\/wp-content\/uploads\/sites\/12\/2025\/05\/sabado-2-525x408.jpg 525w, https:\/\/static-blogs.diariosur.es\/wp-content\/uploads\/sites\/12\/2025\/05\/sabado-2-768x597.jpg 768w\" sizes=\"(max-width: 1044px) 100vw, 1044px\" \/><\/a><\/p>\n<p>&nbsp;<\/p>\n<h3><span style=\"color: #ff00ff;\"><strong>Domingo 25\u00a0<\/strong><\/span><\/h3>\n<p><a href=\"https:\/\/static-blogs.diariosur.es\/wp-content\/uploads\/sites\/12\/2025\/05\/domingo-2.jpg\"><img loading=\"lazy\" class=\"aligncenter size-full wp-image-44874\" src=\"https:\/\/static-blogs.diariosur.es\/wp-content\/uploads\/sites\/12\/2025\/05\/domingo-2.jpg\" alt=\"\" width=\"1045\" height=\"817\" srcset=\"https:\/\/static-blogs.diariosur.es\/wp-content\/uploads\/sites\/12\/2025\/05\/domingo-2.jpg 1045w, https:\/\/static-blogs.diariosur.es\/wp-content\/uploads\/sites\/12\/2025\/05\/domingo-2-512x400.jpg 512w, https:\/\/static-blogs.diariosur.es\/wp-content\/uploads\/sites\/12\/2025\/05\/domingo-2-522x408.jpg 522w, https:\/\/static-blogs.diariosur.es\/wp-content\/uploads\/sites\/12\/2025\/05\/domingo-2-768x600.jpg 768w\" sizes=\"(max-width: 1045px) 100vw, 1045px\" \/><\/a><\/p>\n<p>&nbsp;<\/p>\n<p>Hoy compartimos la foto de portada mi amigo Crist\u00f3bal Gambero y yo. Espero que os guste.<\/p>\n<p>&nbsp;<\/p>\n<p><a href=\"https:\/\/static-blogs.diariosur.es\/wp-content\/uploads\/sites\/12\/2025\/05\/c-horz.jpg\"><img loading=\"lazy\" class=\"aligncenter size-full wp-image-44875\" src=\"https:\/\/static-blogs.diariosur.es\/wp-content\/uploads\/sites\/12\/2025\/05\/c-horz.jpg\" alt=\"\" width=\"1115\" height=\"395\" srcset=\"https:\/\/static-blogs.diariosur.es\/wp-content\/uploads\/sites\/12\/2025\/05\/c-horz.jpg 1115w, https:\/\/static-blogs.diariosur.es\/wp-content\/uploads\/sites\/12\/2025\/05\/c-horz-640x227.jpg 640w, https:\/\/static-blogs.diariosur.es\/wp-content\/uploads\/sites\/12\/2025\/05\/c-horz-960x340.jpg 960w, https:\/\/static-blogs.diariosur.es\/wp-content\/uploads\/sites\/12\/2025\/05\/c-horz-768x272.jpg 768w\" sizes=\"(max-width: 1115px) 100vw, 1115px\" \/><\/a><\/p>\n","protected":false},"excerpt":{"rendered":"<p>Buenos d\u00edas, amigos de la meteo. Cuando son las siete menos cuarto de la ma\u00f1ana en M\u00e1laga capital, los cielos est\u00e1n nubosos debido al viento de levante; la temperatura en estos momentos en la estaci\u00f3n de la AEMET del Centro Meteorol\u00f3gico es de 20,2 \u00b0C. Recordar que hoy viernes las provincias de Granada, Ja\u00e9n, Almer\u00eda, [&hellip;]<\/p>\n","protected":false},"author":16,"featured_media":44875,"comment_status":"open","ping_status":"open","sticky":false,"template":"","format":"standard","meta":[],"categories":[2],"tags":[100,2041,358,587,800],"_links":{"self":[{"href":"https:\/\/blogs.diariosur.es\/tormentas-y-rayos\/wp-json\/wp\/v2\/posts\/44867"}],"collection":[{"href":"https:\/\/blogs.diariosur.es\/tormentas-y-rayos\/wp-json\/wp\/v2\/posts"}],"about":[{"href":"https:\/\/blogs.diariosur.es\/tormentas-y-rayos\/wp-json\/wp\/v2\/types\/post"}],"author":[{"embeddable":true,"href":"https:\/\/blogs.diariosur.es\/tormentas-y-rayos\/wp-json\/wp\/v2\/users\/16"}],"replies":[{"embeddable":true,"href":"https:\/\/blogs.diariosur.es\/tormentas-y-rayos\/wp-json\/wp\/v2\/comments?post=44867"}],"version-history":[{"count":5,"href":"https:\/\/blogs.diariosur.es\/tormentas-y-rayos\/wp-json\/wp\/v2\/posts\/44867\/revisions"}],"predecessor-version":[{"id":46613,"href":"https:\/\/blogs.diariosur.es\/tormentas-y-rayos\/wp-json\/wp\/v2\/posts\/44867\/revisions\/46613"}],"wp:featuredmedia":[{"embeddable":true,"href":"https:\/\/blogs.diariosur.es\/tormentas-y-rayos\/wp-json\/wp\/v2\/media\/44875"}],"wp:attachment":[{"href":"https:\/\/blogs.diariosur.es\/tormentas-y-rayos\/wp-json\/wp\/v2\/media?parent=44867"}],"wp:term":[{"taxonomy":"category","embeddable":true,"href":"https:\/\/blogs.diariosur.es\/tormentas-y-rayos\/wp-json\/wp\/v2\/categories?post=44867"},{"taxonomy":"post_tag","embeddable":true,"href":"https:\/\/blogs.diariosur.es\/tormentas-y-rayos\/wp-json\/wp\/v2\/tags?post=44867"}],"curies":[{"name":"wp","href":"https:\/\/api.w.org\/{rel}","templated":true}]}}