{"id":44890,"date":"2025-05-25T13:48:04","date_gmt":"2025-05-25T11:48:04","guid":{"rendered":"https:\/\/blogs.diariosur.es\/tormentas-y-rayos\/?p=44890"},"modified":"2025-10-05T11:45:37","modified_gmt":"2025-10-05T09:45:37","slug":"ultima-hora-nota-informativa-de-la-aemet-polvo-en-suspension-y-altas-temperaturas-en-andalucia-llegan-los-40-c-en-algunas-zonas","status":"publish","type":"post","link":"https:\/\/blogs.diariosur.es\/tormentas-y-rayos\/2025\/05\/25\/ultima-hora-nota-informativa-de-la-aemet-polvo-en-suspension-y-altas-temperaturas-en-andalucia-llegan-los-40-c-en-algunas-zonas\/","title":{"rendered":"\u00daltima hora. Nota informativa de la Aemet. Polvo en suspensi\u00f3n y altas temperaturas en Andaluc\u00eda; llegan los 40 \u00b0C en algunas zonas"},"content":{"rendered":"<p><a href=\"https:\/\/static-blogs.diariosur.es\/wp-content\/uploads\/sites\/12\/2025\/05\/474591997_10231480374091459_5977821584942016476_n.jpg\"><img loading=\"lazy\" class=\"aligncenter size-thumbnail wp-image-44655\" src=\"https:\/\/static-blogs.diariosur.es\/wp-content\/uploads\/sites\/12\/2025\/05\/474591997_10231480374091459_5977821584942016476_n-150x150.jpg\" alt=\"\" width=\"150\" height=\"150\" srcset=\"https:\/\/static-blogs.diariosur.es\/wp-content\/uploads\/sites\/12\/2025\/05\/474591997_10231480374091459_5977821584942016476_n-150x150.jpg 150w, https:\/\/static-blogs.diariosur.es\/wp-content\/uploads\/sites\/12\/2025\/05\/474591997_10231480374091459_5977821584942016476_n-400x400.jpg 400w, https:\/\/static-blogs.diariosur.es\/wp-content\/uploads\/sites\/12\/2025\/05\/474591997_10231480374091459_5977821584942016476_n-408x408.jpg 408w, https:\/\/static-blogs.diariosur.es\/wp-content\/uploads\/sites\/12\/2025\/05\/474591997_10231480374091459_5977821584942016476_n-768x768.jpg 768w, https:\/\/static-blogs.diariosur.es\/wp-content\/uploads\/sites\/12\/2025\/05\/474591997_10231480374091459_5977821584942016476_n.jpg 1000w\" sizes=\"(max-width: 150px) 100vw, 150px\" \/><\/a><\/p>\n<p>Buenas tardes, amigos de la meteo. La aemet acaba de sacar una nota informativa por altas temperaturas para la semana que viene. Es probable que se activen avisos amarillos el jueves y viernes en el Valle del Guadalquivir, por m\u00e1ximas de 38 y 40 \u00b0C.<\/p>\n<p>La provincia malague\u00f1a en su zona interior y la costa no llegar\u00e1n a esos grados antes mencionados. Las m\u00e1ximas rondar\u00e1n los 27 y 35 \u00b0C. Ya iremos viendo si entra terral m\u00e1s adelante para el fin de semana.<\/p>\n<h3><span style=\"color: #ff00ff;\"><strong>Fuente Aemet. Nota informativa<\/strong><\/span><\/h3>\n<p>Despu\u00e9s de varias semanas caracterizadas por un tiempo m\u00e1s fresco y lluvioso de la habitual, este fin de semana ha comenzado un periodo de estabilidad con unas temperaturas progresivamente m\u00e1s altas en la Pen\u00ednsula y Baleares. La causa de este cambio de tiempo se encuentra en la presencia deun potente anticicl\u00f3n centrado en Azores y que se extiende a toda la Pen\u00ednsula y Baleares, dando lugar a una gran estabilidad atmosf\u00e9rica, cielos pr\u00e1cticamente despejados y una elevada insolaci\u00f3n.<br \/>\nDurante los pr\u00f3ximos d\u00edas el aumento de las temperaturas ser\u00e1 bastante generalizado y progresivo, alcanzando durante el lunes 26 y martes 27 los 36-38oC en el valle del Guadalquivir y los 35oC en el del Guadiana.<br \/>\nA partir del mi\u00e9rcoles 28 es probable que la presencia de una dana entre Canarias y el golfo de C\u00e1diz induzca un viento de componente sur que arrastre una masa de aire c\u00e1lido, seco y con polvo en suspensi\u00f3n, de origen africano, primero sobre Andaluc\u00eda y mar de Albor\u00e1n y posterior-<br \/>\nmente sobre el centro peninsular. Como consecuencia se producir\u00e1 un aumento adicional de las temperaturas, con valores propios del verano y, por tanto, claramente m\u00e1s altos de las habituales en estas fechas.<br \/>\nLas zonas m\u00e1s afectadas ser\u00e1n el cuadrante suroeste peninsular, zona centro y el valle del Ebro. Los d\u00edas \u00e1lgidos de este episodio ser\u00e1n probablemente el jueves 29 y viernes 30, con unas temperaturas<br \/>\nm\u00e1ximas en torno a los 35oC en la meseta norte, 37oC en los valles del Ebro y del Tajo, 39oC en el bajo Guadiana y 40-42oC en el Guadalquivir.<br \/>\nLas temperaturas m\u00ednimas tambi\u00e9n subir\u00e1n durante este episodio pero de forma m\u00e1s lenta y menos intensa. El jueves y viernes ser\u00e1n superiores a los 20oC solamente en zonas del cuadran-te suroeste; y el s\u00e1bado, en amplias zonas de la mitad sur, del centro peninsular y del valle del Ebro.<\/p>\n<p>El norte de Galicia y \u00e1rea Cant\u00e1brica quedar\u00e1n al margen de este episodio debido al flujo fresco del norte. Las islas Canarias tampoco se ver\u00e1n afectadas debido a la persistencia de los alisios. En<br \/>\nel interior de Mallorca se superar\u00e1n los 30oC a partir viernes.<br \/>\nLa incertidumbre de la situaci\u00f3n meteorol\u00f3gica aumenta de cara al fin de semana por lo que es dif\u00edcil precisar el fin de este episodio. Es probable que a partir del s\u00e1bado 31 aumente la inestabilidad atmosf\u00e9rica que podr\u00eda dar lugar a un aumento de la nubosidad y a alguna tormenta, lo<br \/>\nque junto a la posible calima provocar\u00eda el inicio de un descenso de las temperaturas.<\/p>\n<p>&nbsp;<\/p>\n","protected":false},"excerpt":{"rendered":"<p>Buenas tardes, amigos de la meteo. La aemet acaba de sacar una nota informativa por altas temperaturas para la semana que viene. Es probable que se activen avisos amarillos el jueves y viernes en el Valle del Guadalquivir, por m\u00e1ximas de 38 y 40 \u00b0C. La provincia malague\u00f1a en su zona interior y la costa [&hellip;]<\/p>\n","protected":false},"author":16,"featured_media":44847,"comment_status":"open","ping_status":"open","sticky":false,"template":"","format":"standard","meta":[],"categories":[2],"tags":[81,100,209,212,485,587,789,962,1028],"_links":{"self":[{"href":"https:\/\/blogs.diariosur.es\/tormentas-y-rayos\/wp-json\/wp\/v2\/posts\/44890"}],"collection":[{"href":"https:\/\/blogs.diariosur.es\/tormentas-y-rayos\/wp-json\/wp\/v2\/posts"}],"about":[{"href":"https:\/\/blogs.diariosur.es\/tormentas-y-rayos\/wp-json\/wp\/v2\/types\/post"}],"author":[{"embeddable":true,"href":"https:\/\/blogs.diariosur.es\/tormentas-y-rayos\/wp-json\/wp\/v2\/users\/16"}],"replies":[{"embeddable":true,"href":"https:\/\/blogs.diariosur.es\/tormentas-y-rayos\/wp-json\/wp\/v2\/comments?post=44890"}],"version-history":[{"count":10,"href":"https:\/\/blogs.diariosur.es\/tormentas-y-rayos\/wp-json\/wp\/v2\/posts\/44890\/revisions"}],"predecessor-version":[{"id":46610,"href":"https:\/\/blogs.diariosur.es\/tormentas-y-rayos\/wp-json\/wp\/v2\/posts\/44890\/revisions\/46610"}],"wp:featuredmedia":[{"embeddable":true,"href":"https:\/\/blogs.diariosur.es\/tormentas-y-rayos\/wp-json\/wp\/v2\/media\/44847"}],"wp:attachment":[{"href":"https:\/\/blogs.diariosur.es\/tormentas-y-rayos\/wp-json\/wp\/v2\/media?parent=44890"}],"wp:term":[{"taxonomy":"category","embeddable":true,"href":"https:\/\/blogs.diariosur.es\/tormentas-y-rayos\/wp-json\/wp\/v2\/categories?post=44890"},{"taxonomy":"post_tag","embeddable":true,"href":"https:\/\/blogs.diariosur.es\/tormentas-y-rayos\/wp-json\/wp\/v2\/tags?post=44890"}],"curies":[{"name":"wp","href":"https:\/\/api.w.org\/{rel}","templated":true}]}}