{"id":4490,"date":"2012-12-26T07:23:52","date_gmt":"2012-12-26T06:23:52","guid":{"rendered":"http:\/\/blogs.diariosur.es\/tormentas-y-rayos\/?p=4490"},"modified":"2012-12-26T07:23:52","modified_gmt":"2012-12-26T06:23:52","slug":"la-magia-de-la-navidad-tuvimos-de-todo-impresionante-amanecer-tormentas-lluvias-sol-coliflores-lenticularis-y-terral-de-invierno","status":"publish","type":"post","link":"https:\/\/blogs.diariosur.es\/tormentas-y-rayos\/2012\/12\/26\/la-magia-de-la-navidad-tuvimos-de-todo-impresionante-amanecer-tormentas-lluvias-sol-coliflores-lenticularis-y-terral-de-invierno\/","title":{"rendered":"La magia de la Navidad. Tuvimos de todo, impresionante amanecer, tormentas, lluvias, sol, coliflores, lenticularis y terral de invierno."},"content":{"rendered":"<p><strong>Buenos d\u00edas amigos de la meteo. Son las seis de la ma\u00f1ana, registro 11 grados y el viento de terral de invierno sopla levemente. El post de hoy y el amanecer se lo dedico a mis dos hijas.\u00a0<\/strong><strong style=\"color: #0000ff;\">Estefania y Lidia<\/strong><\/p>\n<p><strong>El domingo 23 y lunes 24, la niebla\u00a0 fue de nuevo la \u00a0protagonista, os paso algunas fotos de mi mujer Geno, que tomo desde su casa. Y de mi amigo Paco Godoy, que tomo desde Ciudad\u00a0Jard\u00edn,\u00a0la noche del 23.<\/strong><\/p>\n<p><strong>Foto de Genoveva Lozano<\/strong><\/p>\n<p><a href=\"https:\/\/blogs.diariosur.es\/tormentas-y-rayos\/2012\/12\/26\/la-magia-de-la-navidad-tuvimos-de-todo-impresionante-amanecer-tormentas-lluvias-sol-coliflores-lenticularis-y-terral-de-invierno\/olympus-digital-camera-1001\/\" rel=\"attachment wp-att-4491\"><img loading=\"lazy\" class=\"aligncenter size-full wp-image-4491\" title=\"OLYMPUS DIGITAL CAMERA\" src=\"\/tormentas-y-rayos\/wp-content\/uploads\/sites\/12\/2012\/12\/0331.jpg\" alt=\"\" width=\"670\" height=\"503\" srcset=\"https:\/\/static-blogs.diariosur.es\/wp-content\/uploads\/sites\/12\/2012\/12\/0331.jpg 670w, https:\/\/static-blogs.diariosur.es\/wp-content\/uploads\/sites\/12\/2012\/12\/0331-533x400.jpg 533w\" sizes=\"(max-width: 670px) 100vw, 670px\" \/><\/a><\/p>\n<p>&nbsp;<\/p>\n<p><strong>Foto Paco Godoy<\/strong><\/p>\n<p><a href=\"https:\/\/blogs.diariosur.es\/tormentas-y-rayos\/2012\/12\/26\/la-magia-de-la-navidad-tuvimos-de-todo-impresionante-amanecer-tormentas-lluvias-sol-coliflores-lenticularis-y-terral-de-invierno\/attachment\/049\/\" rel=\"attachment wp-att-4492\"><img loading=\"lazy\" class=\"aligncenter size-full wp-image-4492\" title=\"049\" src=\"\/tormentas-y-rayos\/wp-content\/uploads\/sites\/12\/2012\/12\/049.jpg\" alt=\"\" width=\"670\" height=\"445\" srcset=\"https:\/\/static-blogs.diariosur.es\/wp-content\/uploads\/sites\/12\/2012\/12\/049.jpg 670w, https:\/\/static-blogs.diariosur.es\/wp-content\/uploads\/sites\/12\/2012\/12\/049-602x400.jpg 602w\" sizes=\"(max-width: 670px) 100vw, 670px\" \/><\/a><\/p>\n<p><strong>Al mediod\u00eda se despejaban los cielos, qued\u00e1ndose la niebla a las puertas de M\u00e1laga. Pero cuando se acercaba la tarde noche, de nuevo la niebla era protagonista. Os paso estas dos fotos de Miguel Angel \u00c1vila ,\u00a0est\u00e1n\u00a0hechas desde los Montes de M\u00e1laga. Preciosas fotos Miguel.<\/strong><\/p>\n<p><a href=\"https:\/\/blogs.diariosur.es\/tormentas-y-rayos\/2012\/12\/26\/la-magia-de-la-navidad-tuvimos-de-todo-impresionante-amanecer-tormentas-lluvias-sol-coliflores-lenticularis-y-terral-de-invierno\/img_15399\/\" rel=\"attachment wp-att-4509\"><img loading=\"lazy\" class=\"aligncenter size-full wp-image-4509\" title=\"IMG_15399\" src=\"\/tormentas-y-rayos\/wp-content\/uploads\/sites\/12\/2012\/12\/IMG_15399.jpg\" alt=\"\" width=\"670\" height=\"447\" srcset=\"https:\/\/static-blogs.diariosur.es\/wp-content\/uploads\/sites\/12\/2012\/12\/IMG_15399.jpg 670w, https:\/\/static-blogs.diariosur.es\/wp-content\/uploads\/sites\/12\/2012\/12\/IMG_15399-600x400.jpg 600w\" sizes=\"(max-width: 670px) 100vw, 670px\" \/><\/a><\/p>\n<p>&nbsp;<\/p>\n<p><a href=\"https:\/\/blogs.diariosur.es\/tormentas-y-rayos\/2012\/12\/26\/la-magia-de-la-navidad-tuvimos-de-todo-impresionante-amanecer-tormentas-lluvias-sol-coliflores-lenticularis-y-terral-de-invierno\/img_25396-2\/\" rel=\"attachment wp-att-4511\"><img loading=\"lazy\" class=\"aligncenter size-full wp-image-4511\" title=\"IMG_25396\" src=\"\/tormentas-y-rayos\/wp-content\/uploads\/sites\/12\/2012\/12\/IMG_253961.jpg\" alt=\"\" width=\"670\" height=\"503\" srcset=\"https:\/\/static-blogs.diariosur.es\/wp-content\/uploads\/sites\/12\/2012\/12\/IMG_253961.jpg 670w, https:\/\/static-blogs.diariosur.es\/wp-content\/uploads\/sites\/12\/2012\/12\/IMG_253961-533x400.jpg 533w\" sizes=\"(max-width: 670px) 100vw, 670px\" \/><\/a><\/p>\n<p>&nbsp;<\/p>\n<p>&nbsp;<\/p>\n<p><strong>Esto ha estado pasando durante tres d\u00edas seguidos. Incluso en \u00a0la madrugada de Navidad, la niebla segu\u00eda, aunque menos espesa. A primera hora de la ma\u00f1ana, y os hablo de las ocho menos cuarto, esta niebla se mezclaba, con las primeras nubes del frente frio, que dejar\u00eda chubascos tormentosos en M\u00e1laga Capital y en buena parte de casi toda Andaluc\u00eda.<\/strong><\/p>\n<p><a href=\"https:\/\/blogs.diariosur.es\/tormentas-y-rayos\/2012\/12\/26\/la-magia-de-la-navidad-tuvimos-de-todo-impresionante-amanecer-tormentas-lluvias-sol-coliflores-lenticularis-y-terral-de-invierno\/olympus-digital-camera-1002\/\" rel=\"attachment wp-att-4493\"><img loading=\"lazy\" class=\"aligncenter size-full wp-image-4493\" title=\"OLYMPUS DIGITAL CAMERA\" src=\"\/tormentas-y-rayos\/wp-content\/uploads\/sites\/12\/2012\/12\/024.jpg\" alt=\"\" width=\"670\" height=\"503\" srcset=\"https:\/\/static-blogs.diariosur.es\/wp-content\/uploads\/sites\/12\/2012\/12\/024.jpg 670w, https:\/\/static-blogs.diariosur.es\/wp-content\/uploads\/sites\/12\/2012\/12\/024-533x400.jpg 533w\" sizes=\"(max-width: 670px) 100vw, 670px\" \/><\/a><\/p>\n<p><strong>\u00a0Gracias a la poca niebla que quedaba y a las nubes primeras del frente, tuvimos un impresionante amanecer. Que se lo dedico a mis dos hijas Estefania y Lidia.\u00a0<\/strong><\/p>\n<p><a href=\"https:\/\/blogs.diariosur.es\/tormentas-y-rayos\/2012\/12\/26\/la-magia-de-la-navidad-tuvimos-de-todo-impresionante-amanecer-tormentas-lluvias-sol-coliflores-lenticularis-y-terral-de-invierno\/olympus-digital-camera-1003\/\" rel=\"attachment wp-att-4494\"><img loading=\"lazy\" class=\"aligncenter size-full wp-image-4494\" title=\"OLYMPUS DIGITAL CAMERA\" src=\"\/tormentas-y-rayos\/wp-content\/uploads\/sites\/12\/2012\/12\/0871.jpg\" alt=\"\" width=\"670\" height=\"503\" srcset=\"https:\/\/static-blogs.diariosur.es\/wp-content\/uploads\/sites\/12\/2012\/12\/0871.jpg 670w, https:\/\/static-blogs.diariosur.es\/wp-content\/uploads\/sites\/12\/2012\/12\/0871-533x400.jpg 533w\" sizes=\"(max-width: 670px) 100vw, 670px\" \/><\/a><\/p>\n<p><a href=\"https:\/\/blogs.diariosur.es\/tormentas-y-rayos\/2012\/12\/26\/la-magia-de-la-navidad-tuvimos-de-todo-impresionante-amanecer-tormentas-lluvias-sol-coliflores-lenticularis-y-terral-de-invierno\/olympus-digital-camera-1004\/\" rel=\"attachment wp-att-4495\"><img loading=\"lazy\" class=\"aligncenter size-full wp-image-4495\" title=\"OLYMPUS DIGITAL CAMERA\" src=\"\/tormentas-y-rayos\/wp-content\/uploads\/sites\/12\/2012\/12\/tve.jpg\" alt=\"\" width=\"670\" height=\"441\" srcset=\"https:\/\/static-blogs.diariosur.es\/wp-content\/uploads\/sites\/12\/2012\/12\/tve.jpg 670w, https:\/\/static-blogs.diariosur.es\/wp-content\/uploads\/sites\/12\/2012\/12\/tve-608x400.jpg 608w\" sizes=\"(max-width: 670px) 100vw, 670px\" \/><\/a><\/p>\n<p>&nbsp;<\/p>\n<p><a href=\"https:\/\/blogs.diariosur.es\/tormentas-y-rayos\/2012\/12\/26\/la-magia-de-la-navidad-tuvimos-de-todo-impresionante-amanecer-tormentas-lluvias-sol-coliflores-lenticularis-y-terral-de-invierno\/olympus-digital-camera-1005\/\" rel=\"attachment wp-att-4496\"><img loading=\"lazy\" class=\"aligncenter size-full wp-image-4496\" title=\"OLYMPUS DIGITAL CAMERA\" src=\"\/tormentas-y-rayos\/wp-content\/uploads\/sites\/12\/2012\/12\/estefa-y-ldi.jpg\" alt=\"\" width=\"670\" height=\"503\" srcset=\"https:\/\/static-blogs.diariosur.es\/wp-content\/uploads\/sites\/12\/2012\/12\/estefa-y-ldi.jpg 670w, https:\/\/static-blogs.diariosur.es\/wp-content\/uploads\/sites\/12\/2012\/12\/estefa-y-ldi-533x400.jpg 533w\" sizes=\"(max-width: 670px) 100vw, 670px\" \/><\/a><\/p>\n<p>&nbsp;<\/p>\n<p><strong>Un beso muyyyyyyyy grandeeeeeeeee a mis dos princesas.<\/strong><\/p>\n<p><a href=\"https:\/\/blogs.diariosur.es\/tormentas-y-rayos\/2012\/12\/26\/la-magia-de-la-navidad-tuvimos-de-todo-impresionante-amanecer-tormentas-lluvias-sol-coliflores-lenticularis-y-terral-de-invierno\/olympus-digital-camera-1006\/\" rel=\"attachment wp-att-4497\"><img loading=\"lazy\" class=\"aligncenter size-full wp-image-4497\" title=\"OLYMPUS DIGITAL CAMERA\" src=\"\/tormentas-y-rayos\/wp-content\/uploads\/sites\/12\/2012\/12\/0811.jpg\" alt=\"\" width=\"670\" height=\"503\" srcset=\"https:\/\/static-blogs.diariosur.es\/wp-content\/uploads\/sites\/12\/2012\/12\/0811.jpg 670w, https:\/\/static-blogs.diariosur.es\/wp-content\/uploads\/sites\/12\/2012\/12\/0811-533x400.jpg 533w\" sizes=\"(max-width: 670px) 100vw, 670px\" \/><\/a><\/p>\n<p><strong>Sobre las ocho y media de la ma\u00f1ana, el frente\u00a0fr\u00edo\u00a0llegaba a nuestra capital. Incluso tuvimos tormentas. Esto se debi\u00f3, a que aun en altura ten\u00edamos las isos a 850 hpa altas. Que unido al aire frio que tra\u00eda el frente, las nubes se reactivaron al llegar a nuestra regi\u00f3n. Siendo las tormentas protagonistas. Os paso el mapa de rayos y el radar de lluvias. Fuente Aemet.<\/strong><\/p>\n<p><a href=\"https:\/\/blogs.diariosur.es\/tormentas-y-rayos\/2012\/12\/26\/la-magia-de-la-navidad-tuvimos-de-todo-impresionante-amanecer-tormentas-lluvias-sol-coliflores-lenticularis-y-terral-de-invierno\/torr-2\/\" rel=\"attachment wp-att-4498\"><img loading=\"lazy\" class=\"aligncenter size-full wp-image-4498\" title=\"torr\" src=\"\/tormentas-y-rayos\/wp-content\/uploads\/sites\/12\/2012\/12\/torr.jpg\" alt=\"\" width=\"558\" height=\"611\" srcset=\"https:\/\/static-blogs.diariosur.es\/wp-content\/uploads\/sites\/12\/2012\/12\/torr.jpg 558w, https:\/\/static-blogs.diariosur.es\/wp-content\/uploads\/sites\/12\/2012\/12\/torr-365x400.jpg 365w\" sizes=\"(max-width: 558px) 100vw, 558px\" \/><\/a><\/p>\n<p><a href=\"https:\/\/blogs.diariosur.es\/tormentas-y-rayos\/2012\/12\/26\/la-magia-de-la-navidad-tuvimos-de-todo-impresionante-amanecer-tormentas-lluvias-sol-coliflores-lenticularis-y-terral-de-invierno\/mala\/\" rel=\"attachment wp-att-4499\"><img loading=\"lazy\" class=\"aligncenter size-medium wp-image-4499\" title=\"mala\" src=\"\/tormentas-y-rayos\/wp-content\/uploads\/sites\/12\/2012\/12\/mala.jpg\" alt=\"\" width=\"497\" height=\"400\" srcset=\"https:\/\/static-blogs.diariosur.es\/wp-content\/uploads\/sites\/12\/2012\/12\/mala.jpg 782w, https:\/\/static-blogs.diariosur.es\/wp-content\/uploads\/sites\/12\/2012\/12\/mala-497x400.jpg 497w, https:\/\/static-blogs.diariosur.es\/wp-content\/uploads\/sites\/12\/2012\/12\/mala-768x618.jpg 768w\" sizes=\"(max-width: 497px) 100vw, 497px\" \/><\/a><\/p>\n<p><strong>Mi pluvi\u00f3metro registro \u00a0dos litros, aunque en algunos puntos de la provincia se llegaron a contabilizar los 4, 6, y 10 \u00a0litros, estos\u00a0\u00faltimos\u00a0en Marbella.<\/strong><\/p>\n<p><strong>Al mediod\u00eda, \u00a0el aire frio que ten\u00edamos en altura, hizo desarrollar las nubes, dejando unos cielos impresionantes. Esta primera foto es de la una de la tarde.<\/strong><\/p>\n<p><a href=\"https:\/\/blogs.diariosur.es\/tormentas-y-rayos\/2012\/12\/26\/la-magia-de-la-navidad-tuvimos-de-todo-impresionante-amanecer-tormentas-lluvias-sol-coliflores-lenticularis-y-terral-de-invierno\/olympus-digital-camera-1007\/\" rel=\"attachment wp-att-4500\"><img loading=\"lazy\" class=\"aligncenter size-full wp-image-4500\" title=\"OLYMPUS DIGITAL CAMERA\" src=\"\/tormentas-y-rayos\/wp-content\/uploads\/sites\/12\/2012\/12\/065.jpg\" alt=\"\" width=\"670\" height=\"503\" srcset=\"https:\/\/static-blogs.diariosur.es\/wp-content\/uploads\/sites\/12\/2012\/12\/065.jpg 670w, https:\/\/static-blogs.diariosur.es\/wp-content\/uploads\/sites\/12\/2012\/12\/065-533x400.jpg 533w\" sizes=\"(max-width: 670px) 100vw, 670px\" \/><\/a><\/p>\n<p>&nbsp;<\/p>\n<p><strong>\u00a0Pero lo mas bonito estaba aun por llegar. Esta nube de arriba se\u00a0sigui\u00f3\u00a0desarroll\u00e1ndose, dando un impresionante cumulonimbus que cruzo M\u00e1laga.<\/strong><\/p>\n<p>&nbsp;<\/p>\n<p><a href=\"https:\/\/blogs.diariosur.es\/tormentas-y-rayos\/2012\/12\/26\/la-magia-de-la-navidad-tuvimos-de-todo-impresionante-amanecer-tormentas-lluvias-sol-coliflores-lenticularis-y-terral-de-invierno\/olympus-digital-camera-1012\/\" rel=\"attachment wp-att-4507\"><img loading=\"lazy\" class=\"aligncenter size-full wp-image-4507\" title=\"OLYMPUS DIGITAL CAMERA\" src=\"\/tormentas-y-rayos\/wp-content\/uploads\/sites\/12\/2012\/12\/071.jpg\" alt=\"\" width=\"670\" height=\"503\" srcset=\"https:\/\/static-blogs.diariosur.es\/wp-content\/uploads\/sites\/12\/2012\/12\/071.jpg 670w, https:\/\/static-blogs.diariosur.es\/wp-content\/uploads\/sites\/12\/2012\/12\/071-533x400.jpg 533w\" sizes=\"(max-width: 670px) 100vw, 670px\" \/><\/a><\/p>\n<p><strong>Al\u00a0estar \u00a0abajo en la calle, llame a Geno para que me hiciera algunas fotos desde la terraza, para ver esa impresionante mole desde otra\u00a0perspectiva . Y no veas que pedazo de fotones tomo. Estas invitada a una mariscada.<\/strong><\/p>\n<p><strong><a href=\"https:\/\/blogs.diariosur.es\/tormentas-y-rayos\/2012\/12\/26\/la-magia-de-la-navidad-tuvimos-de-todo-impresionante-amanecer-tormentas-lluvias-sol-coliflores-lenticularis-y-terral-de-invierno\/062-2\/\" rel=\"attachment wp-att-4501\"><img loading=\"lazy\" class=\"aligncenter size-full wp-image-4501\" title=\"062\" src=\"\/tormentas-y-rayos\/wp-content\/uploads\/sites\/12\/2012\/12\/062.jpg\" alt=\"\" width=\"670\" height=\"500\" srcset=\"https:\/\/static-blogs.diariosur.es\/wp-content\/uploads\/sites\/12\/2012\/12\/062.jpg 670w, https:\/\/static-blogs.diariosur.es\/wp-content\/uploads\/sites\/12\/2012\/12\/062-536x400.jpg 536w\" sizes=\"(max-width: 670px) 100vw, 670px\" \/><\/a><\/strong><\/p>\n<p>&nbsp;<\/p>\n<p><strong><a href=\"https:\/\/blogs.diariosur.es\/tormentas-y-rayos\/2012\/12\/26\/la-magia-de-la-navidad-tuvimos-de-todo-impresionante-amanecer-tormentas-lluvias-sol-coliflores-lenticularis-y-terral-de-invierno\/olympus-digital-camera-1008\/\" rel=\"attachment wp-att-4502\"><img loading=\"lazy\" class=\"aligncenter size-full wp-image-4502\" title=\"OLYMPUS DIGITAL CAMERA\" src=\"\/tormentas-y-rayos\/wp-content\/uploads\/sites\/12\/2012\/12\/073.jpg\" alt=\"\" width=\"670\" height=\"490\" srcset=\"https:\/\/static-blogs.diariosur.es\/wp-content\/uploads\/sites\/12\/2012\/12\/073.jpg 670w, https:\/\/static-blogs.diariosur.es\/wp-content\/uploads\/sites\/12\/2012\/12\/073-547x400.jpg 547w\" sizes=\"(max-width: 670px) 100vw, 670px\" \/><\/a><\/strong><\/p>\n<p>&nbsp;<\/p>\n<p><strong>\u00a0Nuestro amigo Fernando Berrocal,\u00a0tambi\u00e9n\u00a0fotografiaba esta maravilla desde Gibralfaro. Un fot\u00f3n Fernando.<\/strong><\/p>\n<p><a href=\"https:\/\/blogs.diariosur.es\/tormentas-y-rayos\/2012\/12\/26\/la-magia-de-la-navidad-tuvimos-de-todo-impresionante-amanecer-tormentas-lluvias-sol-coliflores-lenticularis-y-terral-de-invierno\/img-20121225-wa0001\/\" rel=\"attachment wp-att-4508\"><img loading=\"lazy\" class=\"aligncenter size-full wp-image-4508\" title=\"IMG-20121225-WA0001\" src=\"\/tormentas-y-rayos\/wp-content\/uploads\/sites\/12\/2012\/12\/IMG-20121225-WA0001.jpg\" alt=\"\" width=\"670\" height=\"502\" srcset=\"https:\/\/static-blogs.diariosur.es\/wp-content\/uploads\/sites\/12\/2012\/12\/IMG-20121225-WA0001.jpg 670w, https:\/\/static-blogs.diariosur.es\/wp-content\/uploads\/sites\/12\/2012\/12\/IMG-20121225-WA0001-534x400.jpg 534w\" sizes=\"(max-width: 670px) 100vw, 670px\" \/><\/a><\/p>\n<p>&nbsp;<\/p>\n<p><strong>Pero durante la tarde,\u00a0\u00edbamos\u00a0a tener mas sorpresas. El terral de invierno\u00a0empez\u00f3\u00a0a soplar con rachas fuertes una vez paso este cumulonimbus. Algunas de las rachas,\u00a0sobrepasaron\u00a0los 40 km\/h.<\/strong><\/p>\n<p><a href=\"https:\/\/blogs.diariosur.es\/tormentas-y-rayos\/2012\/12\/26\/la-magia-de-la-navidad-tuvimos-de-todo-impresionante-amanecer-tormentas-lluvias-sol-coliflores-lenticularis-y-terral-de-invierno\/rachas\/\" rel=\"attachment wp-att-4504\"><img loading=\"lazy\" class=\"aligncenter size-medium wp-image-4504\" title=\"rachas\" src=\"\/tormentas-y-rayos\/wp-content\/uploads\/sites\/12\/2012\/12\/rachas.jpg\" alt=\"\" width=\"600\" height=\"239\" srcset=\"https:\/\/static-blogs.diariosur.es\/wp-content\/uploads\/sites\/12\/2012\/12\/rachas.jpg 790w, https:\/\/static-blogs.diariosur.es\/wp-content\/uploads\/sites\/12\/2012\/12\/rachas-640x255.jpg 640w, https:\/\/static-blogs.diariosur.es\/wp-content\/uploads\/sites\/12\/2012\/12\/rachas-768x306.jpg 768w\" sizes=\"(max-width: 600px) 100vw, 600px\" \/><\/a><\/p>\n<p><strong>Y que paso durante la tarde noche? que los cielos malague\u00f1os se llenaron de lenticularis y la temperatura bajo considerablemente. Un dia 25 que tuvimos de todo ji ji.<\/strong><\/p>\n<p><a href=\"https:\/\/blogs.diariosur.es\/tormentas-y-rayos\/2012\/12\/26\/la-magia-de-la-navidad-tuvimos-de-todo-impresionante-amanecer-tormentas-lluvias-sol-coliflores-lenticularis-y-terral-de-invierno\/olympus-digital-camera-1010\/\" rel=\"attachment wp-att-4505\"><img loading=\"lazy\" class=\"aligncenter size-full wp-image-4505\" title=\"OLYMPUS DIGITAL CAMERA\" src=\"\/tormentas-y-rayos\/wp-content\/uploads\/sites\/12\/2012\/12\/096.jpg\" alt=\"\" width=\"670\" height=\"503\" srcset=\"https:\/\/static-blogs.diariosur.es\/wp-content\/uploads\/sites\/12\/2012\/12\/096.jpg 670w, https:\/\/static-blogs.diariosur.es\/wp-content\/uploads\/sites\/12\/2012\/12\/096-533x400.jpg 533w\" sizes=\"(max-width: 670px) 100vw, 670px\" \/><\/a><\/p>\n<p>&nbsp;<\/p>\n<p><a href=\"https:\/\/blogs.diariosur.es\/tormentas-y-rayos\/2012\/12\/26\/la-magia-de-la-navidad-tuvimos-de-todo-impresionante-amanecer-tormentas-lluvias-sol-coliflores-lenticularis-y-terral-de-invierno\/olympus-digital-camera-1011\/\" rel=\"attachment wp-att-4506\"><img loading=\"lazy\" class=\"aligncenter size-full wp-image-4506\" title=\"OLYMPUS DIGITAL CAMERA\" src=\"\/tormentas-y-rayos\/wp-content\/uploads\/sites\/12\/2012\/12\/C250677.jpg\" alt=\"\" width=\"670\" height=\"503\" srcset=\"https:\/\/static-blogs.diariosur.es\/wp-content\/uploads\/sites\/12\/2012\/12\/C250677.jpg 670w, https:\/\/static-blogs.diariosur.es\/wp-content\/uploads\/sites\/12\/2012\/12\/C250677-533x400.jpg 533w\" sizes=\"(max-width: 670px) 100vw, 670px\" \/><\/a><\/p>\n<p>&nbsp;<\/p>\n<p><span style=\"color: #ff0000;\">\u00a0<strong>Predicci\u00f3n del tiempo 26 y 27 de Diciembre.<\/strong><\/span><\/p>\n<p><span style=\"color: #0000ff;\"><strong>Hoy\u00a0mi\u00e9rcoles, el terral de invierno soplara entre moderado y debil, durante las primeras horas de la ma\u00f1ana, esto\u00a0har\u00e1\u00a0que la sensaci\u00f3n de fr\u00edo sea mayor. Las\u00a0m\u00e1ximas\u00a0no pasaran de los 16 grados. Y los cielos\u00a0estar\u00e1n\u00a0pocos nubosos. Por la tarde el terral ira amainando, dando paso a brisas costeras.<\/strong><\/span><\/p>\n<p><strong><span style=\"color: #008080;\">El jueves, \u00a0las altas presiones de nuevo tomaran la\u00a0pen\u00ednsula. Volvemos a la circulaci\u00f3n zonal, y asi estaremos si nada cambia hasta el\u00a0s\u00e1bado. Un abrazo a todos, nos vemos el viernes.<\/span><\/strong><\/p>\n","protected":false},"excerpt":{"rendered":"<p>Buenos d\u00edas amigos de la meteo. Son las seis de la ma\u00f1ana, registro 11 grados y el viento de terral de invierno sopla levemente. El post de hoy y el amanecer se lo dedico a mis dos hijas.\u00a0Estefania y Lidia El domingo 23 y lunes 24, la niebla\u00a0 fue de nuevo la \u00a0protagonista, os paso [&hellip;]<\/p>\n","protected":false},"author":16,"featured_media":4494,"comment_status":"open","ping_status":"closed","sticky":false,"template":"","format":"standard","meta":[],"categories":[2],"tags":[89,552,569,585,682,924,975,996],"_links":{"self":[{"href":"https:\/\/blogs.diariosur.es\/tormentas-y-rayos\/wp-json\/wp\/v2\/posts\/4490"}],"collection":[{"href":"https:\/\/blogs.diariosur.es\/tormentas-y-rayos\/wp-json\/wp\/v2\/posts"}],"about":[{"href":"https:\/\/blogs.diariosur.es\/tormentas-y-rayos\/wp-json\/wp\/v2\/types\/post"}],"author":[{"embeddable":true,"href":"https:\/\/blogs.diariosur.es\/tormentas-y-rayos\/wp-json\/wp\/v2\/users\/16"}],"replies":[{"embeddable":true,"href":"https:\/\/blogs.diariosur.es\/tormentas-y-rayos\/wp-json\/wp\/v2\/comments?post=4490"}],"version-history":[{"count":0,"href":"https:\/\/blogs.diariosur.es\/tormentas-y-rayos\/wp-json\/wp\/v2\/posts\/4490\/revisions"}],"wp:featuredmedia":[{"embeddable":true,"href":"https:\/\/blogs.diariosur.es\/tormentas-y-rayos\/wp-json\/wp\/v2\/media\/4494"}],"wp:attachment":[{"href":"https:\/\/blogs.diariosur.es\/tormentas-y-rayos\/wp-json\/wp\/v2\/media?parent=4490"}],"wp:term":[{"taxonomy":"category","embeddable":true,"href":"https:\/\/blogs.diariosur.es\/tormentas-y-rayos\/wp-json\/wp\/v2\/categories?post=4490"},{"taxonomy":"post_tag","embeddable":true,"href":"https:\/\/blogs.diariosur.es\/tormentas-y-rayos\/wp-json\/wp\/v2\/tags?post=4490"}],"curies":[{"name":"wp","href":"https:\/\/api.w.org\/{rel}","templated":true}]}}