{"id":44908,"date":"2025-05-27T07:44:14","date_gmt":"2025-05-27T05:44:14","guid":{"rendered":"https:\/\/blogs.diariosur.es\/tormentas-y-rayos\/?p=44908"},"modified":"2025-10-05T11:41:32","modified_gmt":"2025-10-05T09:41:32","slug":"llegan-los-primeros-avisos-del-ano-por-altas-temperaturas-en-andalucia-y-otras-zonas-de-espana","status":"publish","type":"post","link":"https:\/\/blogs.diariosur.es\/tormentas-y-rayos\/2025\/05\/27\/llegan-los-primeros-avisos-del-ano-por-altas-temperaturas-en-andalucia-y-otras-zonas-de-espana\/","title":{"rendered":"Llegan los primeros avisos del a\u00f1o por altas temperaturas en Andaluc\u00eda y otras zonas de Espa\u00f1a."},"content":{"rendered":"<p><a href=\"https:\/\/static-blogs.diariosur.es\/wp-content\/uploads\/sites\/12\/2025\/05\/474591997_10231480374091459_5977821584942016476_n.jpg\"><img loading=\"lazy\" class=\"aligncenter size-thumbnail wp-image-44655\" src=\"https:\/\/static-blogs.diariosur.es\/wp-content\/uploads\/sites\/12\/2025\/05\/474591997_10231480374091459_5977821584942016476_n-150x150.jpg\" alt=\"\" width=\"150\" height=\"150\" srcset=\"https:\/\/static-blogs.diariosur.es\/wp-content\/uploads\/sites\/12\/2025\/05\/474591997_10231480374091459_5977821584942016476_n-150x150.jpg 150w, https:\/\/static-blogs.diariosur.es\/wp-content\/uploads\/sites\/12\/2025\/05\/474591997_10231480374091459_5977821584942016476_n-400x400.jpg 400w, https:\/\/static-blogs.diariosur.es\/wp-content\/uploads\/sites\/12\/2025\/05\/474591997_10231480374091459_5977821584942016476_n-408x408.jpg 408w, https:\/\/static-blogs.diariosur.es\/wp-content\/uploads\/sites\/12\/2025\/05\/474591997_10231480374091459_5977821584942016476_n-768x768.jpg 768w, https:\/\/static-blogs.diariosur.es\/wp-content\/uploads\/sites\/12\/2025\/05\/474591997_10231480374091459_5977821584942016476_n.jpg 1000w\" sizes=\"(max-width: 150px) 100vw, 150px\" \/><\/a><\/p>\n<p>&nbsp;<\/p>\n<p data-pm-slice=\"1 1 []\">Buenos d\u00edas, amigos de la meteo. De momento, la provincia malague\u00f1a se libra de este episodio de altas temperaturas\u00a0que se prev\u00e9n a partir de ma\u00f1ana y probablemente hasta el s\u00e1bado en muchos puntos de Espa\u00f1a; con esto no quiero decir que no haga calor en nuestra provincia.<\/p>\n<p>A\u00fan es muy pronto para confirmar si el domingo tendremos <strong>terral<\/strong> en las zonas habituales de la provincia malague\u00f1a; el jueves o el viernes estar\u00e1 m\u00e1s clara la predicci\u00f3n para el domingo; lo mismo, con un poco de suerte, nos libramos.<\/p>\n<p>Os pongo las temperaturas m\u00e1ximas y m\u00ednimas que prev\u00e9 la Aemet en la provincia de M\u00e1laga ma\u00f1ana mi\u00e9rcoles y el jueves.<\/p>\n<p>&nbsp;<\/p>\n<p>&nbsp;<\/p>\n<p><a href=\"https:\/\/static-blogs.diariosur.es\/wp-content\/uploads\/sites\/12\/2025\/05\/malaga-miercoles.jpg\"><img loading=\"lazy\" class=\"aligncenter size-full wp-image-44911\" src=\"https:\/\/static-blogs.diariosur.es\/wp-content\/uploads\/sites\/12\/2025\/05\/malaga-miercoles.jpg\" alt=\"\" width=\"1044\" height=\"811\" srcset=\"https:\/\/static-blogs.diariosur.es\/wp-content\/uploads\/sites\/12\/2025\/05\/malaga-miercoles.jpg 1044w, https:\/\/static-blogs.diariosur.es\/wp-content\/uploads\/sites\/12\/2025\/05\/malaga-miercoles-515x400.jpg 515w, https:\/\/static-blogs.diariosur.es\/wp-content\/uploads\/sites\/12\/2025\/05\/malaga-miercoles-525x408.jpg 525w, https:\/\/static-blogs.diariosur.es\/wp-content\/uploads\/sites\/12\/2025\/05\/malaga-miercoles-768x597.jpg 768w\" sizes=\"(max-width: 1044px) 100vw, 1044px\" \/><\/a><\/p>\n<p>&nbsp;<\/p>\n<p>&nbsp;<\/p>\n<p><a href=\"https:\/\/static-blogs.diariosur.es\/wp-content\/uploads\/sites\/12\/2025\/05\/malaga-jueves.jpg\"><img loading=\"lazy\" class=\"aligncenter size-full wp-image-44912\" src=\"https:\/\/static-blogs.diariosur.es\/wp-content\/uploads\/sites\/12\/2025\/05\/malaga-jueves.jpg\" alt=\"\" width=\"1029\" height=\"823\" srcset=\"https:\/\/static-blogs.diariosur.es\/wp-content\/uploads\/sites\/12\/2025\/05\/malaga-jueves.jpg 1029w, https:\/\/static-blogs.diariosur.es\/wp-content\/uploads\/sites\/12\/2025\/05\/malaga-jueves-500x400.jpg 500w, https:\/\/static-blogs.diariosur.es\/wp-content\/uploads\/sites\/12\/2025\/05\/malaga-jueves-510x408.jpg 510w, https:\/\/static-blogs.diariosur.es\/wp-content\/uploads\/sites\/12\/2025\/05\/malaga-jueves-768x614.jpg 768w\" sizes=\"(max-width: 1029px) 100vw, 1029px\" \/><\/a><\/p>\n<h3><\/h3>\n<h3><\/h3>\n<h3><span style=\"color: #ff00ff;\"><strong>Avisos amarillos mi\u00e9rcoles<\/strong><\/span><\/h3>\n<p><span class=\"la-zona-zona\" data-zona-id=\"614102\">Campi\u00f1a sevillana<\/span>&#8211;<span class=\"la-zona-provincia\" data-zona-id=\"6141\">Sevilla por 38 \u00baC<\/span><\/p>\n<p><span class=\"la-zona-zona\" data-zona-id=\"692503\">Depresi\u00f3n central de Lleida<\/span>&#8211;<span class=\"la-zona-provincia\" data-zona-id=\"6925\">Lleida por 36 \u00baC<\/span><\/p>\n<p><span class=\"la-zona-zona\" data-zona-id=\"694301\">Depresi\u00f3n central de Tarragona<\/span>&#8211;<span class=\"la-zona-provincia\" data-zona-id=\"6943\">Tarragona por 36 \u00baC<\/span><\/p>\n<p>&nbsp;<\/p>\n<p><a href=\"https:\/\/static-blogs.diariosur.es\/wp-content\/uploads\/sites\/12\/2025\/05\/miercoles.jpg\"><img loading=\"lazy\" class=\"aligncenter size-full wp-image-44909\" src=\"https:\/\/static-blogs.diariosur.es\/wp-content\/uploads\/sites\/12\/2025\/05\/miercoles.jpg\" alt=\"\" width=\"1036\" height=\"813\" srcset=\"https:\/\/static-blogs.diariosur.es\/wp-content\/uploads\/sites\/12\/2025\/05\/miercoles.jpg 1036w, https:\/\/static-blogs.diariosur.es\/wp-content\/uploads\/sites\/12\/2025\/05\/miercoles-510x400.jpg 510w, https:\/\/static-blogs.diariosur.es\/wp-content\/uploads\/sites\/12\/2025\/05\/miercoles-520x408.jpg 520w, https:\/\/static-blogs.diariosur.es\/wp-content\/uploads\/sites\/12\/2025\/05\/miercoles-768x603.jpg 768w\" sizes=\"(max-width: 1036px) 100vw, 1036px\" \/><\/a><\/p>\n<p>&nbsp;<\/p>\n<h3><span style=\"color: #ff00ff;\">Avisos amarillos jueves\u00a0<\/span><\/h3>\n<p><span class=\"la-zona-zona\" data-zona-id=\"611402\">Campi\u00f1a cordobesa<\/span>&#8211;<span class=\"la-zona-provincia\" data-zona-id=\"6114\">C\u00f3rdoba por 39 \u00baC<\/span><\/p>\n<p><span class=\"la-zona-zona\" data-zona-id=\"612301\">Morena y Condado-<span class=\"la-zona-provincia\" data-zona-id=\"6123\">Ja\u00e9n por 39 \u00baC<\/span><\/span><\/p>\n<p><span class=\"la-zona-zona\" data-zona-id=\"612303\">Valle del Guadalquivir de Ja\u00e9n<\/span>&#8211;<span class=\"la-zona-provincia\" data-zona-id=\"6123\">Ja\u00e9n por 39 \u00baC<\/span><\/p>\n<p><span class=\"la-zona-zona\" data-zona-id=\"614102\">Campi\u00f1a sevillana<\/span>&#8211;<span class=\"la-zona-provincia\" data-zona-id=\"6141\">Sevilla por 39 \u00baC<\/span><\/p>\n<p>En las dem\u00e1s zonas de la pen\u00ednsula el aviso ser\u00e1 por temperaturas de 38 \u00baC, salvo sur de Huesca por 37 \u00baC.<\/p>\n<p><strong>Ya veremos si C\u00f3rdoba Aeropuerto y Sevilla Aeropuerto baten el r\u00e9cord de temperatura m\u00e1xima de mayo.\u00a0<\/strong><\/p>\n<p><strong>Sevilla Aeropuerto 41 \u00baC (20 may. 2022)<\/strong><\/p>\n<p><strong>C\u00f3rdoba Aeropuerto 41.2 \u00baC\u00a0 (13 may. 2015)<\/strong><\/p>\n<p>Como hago todos los a\u00f1os, os dejo con la foto de mi amigo Lui. G. Mar\u00edn<\/p>\n<p><a href=\"https:\/\/static-blogs.diariosur.es\/wp-content\/uploads\/sites\/12\/2025\/05\/67569139_2329020143853909_8552455397410078720_o-600x400-1.jpg\"><img loading=\"lazy\" class=\"aligncenter size-full wp-image-44913\" src=\"https:\/\/static-blogs.diariosur.es\/wp-content\/uploads\/sites\/12\/2025\/05\/67569139_2329020143853909_8552455397410078720_o-600x400-1.jpg\" alt=\"\" width=\"600\" height=\"400\" \/><\/a><\/p>\n<p>&nbsp;<\/p>\n<p>&nbsp;<\/p>\n<p>&nbsp;<\/p>\n<p>&nbsp;<\/p>\n","protected":false},"excerpt":{"rendered":"<p>&nbsp; Buenos d\u00edas, amigos de la meteo. De momento, la provincia malague\u00f1a se libra de este episodio de altas temperaturas\u00a0que se prev\u00e9n a partir de ma\u00f1ana y probablemente hasta el s\u00e1bado en muchos puntos de Espa\u00f1a; con esto no quiero decir que no haga calor en nuestra provincia. A\u00fan es muy pronto para confirmar si [&hellip;]<\/p>\n","protected":false},"author":16,"featured_media":44913,"comment_status":"open","ping_status":"open","sticky":false,"template":"","format":"standard","meta":[],"categories":[2],"tags":[81,100,151,358,375,587,800,962],"_links":{"self":[{"href":"https:\/\/blogs.diariosur.es\/tormentas-y-rayos\/wp-json\/wp\/v2\/posts\/44908"}],"collection":[{"href":"https:\/\/blogs.diariosur.es\/tormentas-y-rayos\/wp-json\/wp\/v2\/posts"}],"about":[{"href":"https:\/\/blogs.diariosur.es\/tormentas-y-rayos\/wp-json\/wp\/v2\/types\/post"}],"author":[{"embeddable":true,"href":"https:\/\/blogs.diariosur.es\/tormentas-y-rayos\/wp-json\/wp\/v2\/users\/16"}],"replies":[{"embeddable":true,"href":"https:\/\/blogs.diariosur.es\/tormentas-y-rayos\/wp-json\/wp\/v2\/comments?post=44908"}],"version-history":[{"count":4,"href":"https:\/\/blogs.diariosur.es\/tormentas-y-rayos\/wp-json\/wp\/v2\/posts\/44908\/revisions"}],"predecessor-version":[{"id":46608,"href":"https:\/\/blogs.diariosur.es\/tormentas-y-rayos\/wp-json\/wp\/v2\/posts\/44908\/revisions\/46608"}],"wp:featuredmedia":[{"embeddable":true,"href":"https:\/\/blogs.diariosur.es\/tormentas-y-rayos\/wp-json\/wp\/v2\/media\/44913"}],"wp:attachment":[{"href":"https:\/\/blogs.diariosur.es\/tormentas-y-rayos\/wp-json\/wp\/v2\/media?parent=44908"}],"wp:term":[{"taxonomy":"category","embeddable":true,"href":"https:\/\/blogs.diariosur.es\/tormentas-y-rayos\/wp-json\/wp\/v2\/categories?post=44908"},{"taxonomy":"post_tag","embeddable":true,"href":"https:\/\/blogs.diariosur.es\/tormentas-y-rayos\/wp-json\/wp\/v2\/tags?post=44908"}],"curies":[{"name":"wp","href":"https:\/\/api.w.org\/{rel}","templated":true}]}}